{"id":204278,"date":"2025-10-27T21:08:11","date_gmt":"2025-10-27T21:08:11","guid":{"rendered":"https:\/\/www.europesays.com\/es\/204278\/"},"modified":"2025-10-27T21:08:11","modified_gmt":"2025-10-27T21:08:11","slug":"rosalia-lanza-berghain-violines-sexo-cuentos-de-hadas-y-bjork-en-un-club-berlines-cultura","status":"publish","type":"post","link":"https:\/\/www.europesays.com\/es\/204278\/","title":{"rendered":"Rosal\u00eda lanza \u2018Berghain\u2019: violines, sexo, cuentos de hadas y Bj\u00f6rk en un club berlin\u00e9s | Cultura"},"content":{"rendered":"<p class=\"\">A las 17.00 de la tarde de la Espa\u00f1a peninsular, mediod\u00eda en Nueva York, nueve de la ma\u00f1ana en Los \u00c1ngeles, las 10 en M\u00e9xico y las 12 en Buenos Aires, Rosal\u00eda ha vuelto a aparecer. Esta vez con el lanzamiento de Berghain, el primer tema y v\u00eddeo de Lux, su nuevo \u00e1lbum que se publica el 7 de noviembre.<\/p>\n<p class=\"\">En Berghain colabora con <a href=\"https:\/\/www.instagram.com\/bjork\/\" target=\"_blank\" rel=\"noreferrer nofollow noopener\" title=\"https:\/\/www.instagram.com\/bjork\/\">la cantante islandesa Bj\u00f6rk<\/a> (<a href=\"https:\/\/www.youtube.com\/watch?v=8jsi2Tgvx6A\" target=\"_blank\" rel=\"noreferrer nofollow noopener\" title=\"https:\/\/www.youtube.com\/watch?v=8jsi2Tgvx6A\">ya cantaron juntas Oral<\/a> en 2023) e <a href=\"https:\/\/www.instagram.com\/yvestumor\/?hl=es\" target=\"_blank\" rel=\"noreferrer nofollow noopener\" title=\"https:\/\/www.instagram.com\/yvestumor\/?hl=es\">Yves Tumor<\/a>, nombre art\u00edstico de Sean Bowie, \u200bun productor estadounidense de m\u00fasica electr\u00f3nica experimental; y se usan sus tres idiomas: espa\u00f1ol, ingl\u00e9s y alem\u00e1n. El v\u00eddeo est\u00e1 <a href=\"https:\/\/www.canadacanada.com\/directors\/nicolas-mendez\" target=\"_blank\" rel=\"noreferrer nofollow noopener\" title=\"https:\/\/www.canadacanada.com\/directors\/nicolas-mendez\">firmado por Nicol\u00e1s M\u00e9ndez, de la productora audiovisual Canada<\/a>, que ya <a href=\"https:\/\/elpais.com\/smoda\/placeres\/cinco-anos-de-malamente-los-secretos-del-video-de-rosalia-que-explica-una-relacion-toxica.html\" target=\"_self\" rel=\"nofollow noopener\" title=\"https:\/\/elpais.com\/smoda\/placeres\/cinco-anos-de-malamente-los-secretos-del-video-de-rosalia-que-explica-una-relacion-toxica.html\">firm\u00f3 Malamente<\/a>, uno de los temas del disco El mal querer de Rosal\u00eda. <a href=\"https:\/\/elpais.com\/elpais\/2015\/12\/11\/eps\/1449855380_883545.html\" rel=\"nofollow noopener\" title=\"https:\/\/elpais.com\/elpais\/2015\/12\/11\/eps\/1449855380_883545.html\" target=\"_blank\">El t\u00edtulo del primer tema de Lux hace referencia a la legendaria discoteca de techno en Berl\u00edn<\/a>. Considerada como un templo de la m\u00fasica electr\u00f3nica y que invita a pensar si es este el estilo del pr\u00f3ximo \u00e1lbum. De hecho, la partitura est\u00e1 escrita en p\u00e1ginas de la editorial alemana G. Henle Verlag. Sin embargo, al menos este tema inicial, no tiene tantas trazas de techno como cabr\u00eda esperar. <\/p>\n<p class=\"\">En el v\u00eddeo, cuya est\u00e9tica recuerda por momentos al cine de <a href=\"https:\/\/elpais.com\/noticias\/yorgos-lanthimos\/\" target=\"_self\" rel=\"nofollow noopener\" title=\"https:\/\/elpais.com\/noticias\/yorgos-lanthimos\/\">Yorgos Lanthimos<\/a>, y que finalmente se public\u00f3 un par de minutos despu\u00e9s de las 17 horas, se ve a la artista catalana llegar a casa y ponerse c\u00f3moda. Pero al abrir las cortinas y dejar pasar la luz, resulta que el piso est\u00e1 abarrotado por lo que parece una orquesta sinf\u00f3nica, con coro, que toca apasionadamente. <\/p>\n<p class=\"\">Rosal\u00eda se pone entonces a planchar mientras canta en mitad de la vor\u00e1gine. Luego hace la cama, rodeada de oboes y clarinetes cuya presencia parece intuir pero no percibir directamente. Ya en la calle, con grandes gafas de sol y atuendo gris, camina seguida por los m\u00fasicos hasta la consulta del cardi\u00f3logo, que le hace un electrocardiograma. \u201cSolo soy un terr\u00f3n de az\u00facar\u201d, canta. La orquesta se hace presente en la joyer\u00eda y en el autob\u00fas de l\u00ednea, y hay por ah\u00ed referencias al Sagrado Coraz\u00f3n, al tiempo que se introduce la parte de <a href=\"https:\/\/elpais.com\/icon\/2023-03-04\/bjork-el-apetito-por-la-musica-en-espanol-estaba-ahi-y-vino-rosalia-y-lo-activo.html\" target=\"_self\" rel=\"nofollow noopener\" title=\"https:\/\/elpais.com\/icon\/2023-03-04\/bjork-el-apetito-por-la-musica-en-espanol-estaba-ahi-y-vino-rosalia-y-lo-activo.html\">la inconfundible voz de Bj\u00f6rk<\/a>. Al volver a casa Rosal\u00eda parece encontrarse en un cuento de hadas, transformada en Blancanieves, el piso lleno de animales del bosque: el cervatillo, el mapache, la lechuza que aparece en la penumbra. Un pajarillo se posa en el dedo y canta (con la voz de la artista islandesa). El cervatillo sangra sangre negra por los ojos. <\/p>\n<p class=\"\">Desemboca el v\u00eddeo en un tramo pesadillesco, de giros en la cama e im\u00e1genes monstruosas de animales deformados y timbales, un coraz\u00f3n, un terr\u00f3n de az\u00facar, una paloma y la voz inquietante de Yves Tumor diciendo obsesivamente: \u201cI\u2019ll fuck you till you love me\u201d. Te follar\u00e9 hasta que me ames.<\/p>\n<p class=\"\">Rosal\u00eda anunci\u00f3 la salida de la canci\u00f3n el domingo en sus cuentas en redes sociales con unos pocos segundos del v\u00eddeo. La artista aparece caminando, seria, con gafas de sol y agarrada a su bolso. A la cantante le sigue un grupo de m\u00fasicos con los instrumentos en mano. Y en un momento, el top gris que lleva se cambia por una camiseta en la que se lee: My instrusive thoughts sound like this (Mis pensamientos intrusivos suenan as\u00ed). A esta frase le siguen m\u00e1s notas musicales.<\/p>\n<p>M\u00e1s informaci\u00f3n<\/p>\n<p class=\"\">Este tema se conoci\u00f3 el pasado 15 de octubre cuando la artista comparti\u00f3 en su cuenta de Instagram la partitura. A la vez, envi\u00f3 esas mismas notas a sus seguidores en Substack. Despu\u00e9s aparecieron los carteles con los acordes y su imagen en varias pantallas de la madrile\u00f1a plaza de Callao. Para entonces, fans de Rosal\u00eda en todo el mundo le estaban haciendo la promoci\u00f3n gratuita con sus interpretaciones a trav\u00e9s de sus cuentas en distintas redes sociales.<\/p>\n<p><img decoding=\"auto\" class=\"_re lazyload a_m-h\" height=\"233\"  width=\"414\"  src=\"https:\/\/www.europesays.com\/es\/wp-content\/uploads\/2025\/10\/VAV6TQYBEFFKVANUIHU3U4WOY4.jpg\" loading=\"lazy\"\/>La artista espa\u00f1ola Rosal\u00eda, en una aparici\u00f3n sorpresa para presentar su cuarto \u00e1lbum, en Madrid.Juanjo Mart\u00edn (EFE)<\/p>\n<p class=\"\">El lunes 20 de octubre, por la noche, Rosal\u00eda desvel\u00f3 el nombre de su nuevo disco en una aparici\u00f3n mariana en la plaza de Callao. <a href=\"https:\/\/elpais.com\/cultura\/2025-10-20\/rosalia-anuncia-el-titulo-de-su-nuevo-disco-lux-y-el-dia-de-publicacion-7-de-noviembre.html\" target=\"_blank\" rel=\"noreferrer nofollow noopener\" title=\"https:\/\/elpais.com\/cultura\/2025-10-20\/rosalia-anuncia-el-titulo-de-su-nuevo-disco-lux-y-el-dia-de-publicacion-7-de-noviembre.html\">La artista hab\u00eda anunciado que pasar\u00eda algo en TikTok a las 20.45.<\/a> Apareci\u00f3 en un apartamento di\u00e1fano, rodeada de gente grab\u00e1ndola y maquill\u00e1ndola, pein\u00e1ndola con un halo angelical, visti\u00e9ndola de blanco, calz\u00e1ndola con unas bailarinas rojas. Despu\u00e9s se subi\u00f3 a un coche que ella misma condujo hasta que en un punto de la Gran V\u00eda no pudo seguir. Se baj\u00f3, empez\u00f3 a correr por la Gran V\u00eda y tuvo que resguardarse en un hotel del centro de la ciudad. Salud\u00f3 desde una ventana. Solo unos pocos la vieron, pero el mundo confirm\u00f3 que su cuatro trabajo se llama Lux.<\/p>\n<p>La letra de &#8216;Berghain&#8217;<\/p>\n<p>Seine Wut ist meine Wut<\/p>\n<p>Seine Liebe ist meine Liebe<\/p>\n<p>Sein Blut ist mein Blut<\/p>\n<p>(Su miedo es mi miedo<\/p>\n<p>Su rabia es mi rabia<\/p>\n<p>Su amor es mi amor<\/p>\n<p>Su sangre es mi sangre)<\/p>\n<p>Die Flamme dringt in mein Gehirn ein<\/p>\n<p>wie ein Blei-Teddyb\u00e4r<\/p>\n<p>ich bewahre viele Dinge in meinem Herzen auf<\/p>\n<p>deshalb ist mein Herz so schwer<\/p>\n<p>(La llama penetra mi cerebro<\/p>\n<p>como un peluche de plomo<\/p>\n<p>guardo muchas cosas dentro de mi coraz\u00f3n<\/p>\n<p>por eso mi coraz\u00f3n es tan pesado)<\/p>\n<p>Seine Angst ist meine Angst<\/p>\n<p>Seine Wut ist meine Wut<\/p>\n<p>Seine Liebe ist meine Liebe<\/p>\n<p>Sein Blut ist mein Blut<\/p>\n<p>(Su miedo es mi miedo<\/p>\n<p>Su rabia es mi rabia<\/p>\n<p>Su amor es mi amor<\/p>\n<p>Su sangre es mi sangre)<\/p>\n<p>Yo s\u00e9 muy bien lo que soy<\/p>\n<p>ternura pa\u2019l caf\u00e9<\/p>\n<p>solo soy un terr\u00f3n de az\u00facar<\/p>\n<p>S\u00e9 que me funde el calor<\/p>\n<p>s\u00e9 desaparecer<\/p>\n<p>cuando t\u00fa vienes es cuando me voy<\/p>\n<p>Seine Angst ist meine Angst<\/p>\n<p>Seine Wut ist meine Wut<\/p>\n<p>Seine Liebe ist meine Liebe<\/p>\n<p>Sein Blut ist mein Blut<\/p>\n<p>(Su miedo es mi miedo<\/p>\n<p>Su rabia es mi rabia<\/p>\n<p>Su amor es mi amor<\/p>\n<p>Su sangre es mi sangre)<\/p>\n<p>This is divine intervention<\/p>\n<p>The only way to save us is through divine<\/p>\n<p>intervention<\/p>\n<p>The only way I will be saved is through divine<\/p>\n<p>intervention<\/p>\n<p>(Esto es intervenci\u00f3n divina<\/p>\n<p>La \u00fanica manera de salvarnos es con intervenci\u00f3n divina<\/p>\n<p>La \u00fanica manera en que yo me salvar\u00e9 es con<\/p>\n<p>intervenci\u00f3n divina)<\/p>\n<p>I\u2019ll fuck you till you love me<\/p>\n<p>I\u2019ll fuck you till you love me<\/p>\n<p>I\u2019ll fuck you till you love me<\/p>\n<p>Till you love me<\/p>\n<p>Till you love me<\/p>\n<p>Till you love me<\/p>\n<p>Till you love me<\/p>\n<p>Till you love me<\/p>\n<p>Love me<\/p>\n<p>Till you<\/p>\n<p>Till you love me<\/p>\n<p>I\u2019ll fuck you till you love me<\/p>\n<p>I\u2019ll fuck you till you love me<\/p>\n<p>Love me<\/p>\n<p>Love me<\/p>\n<p>Love me<\/p>\n<p>Love me<\/p>\n<p>(Te follar\u00e9 hasta que me quieras<\/p>\n<p>Te follar\u00e9 hasta que me quieras<\/p>\n<p>Te follar\u00e9 hasta que me quieras<\/p>\n<p>hasta que me quieras<\/p>\n<p>hasta que me quieras<\/p>\n<p>hasta que me quieras<\/p>\n<p>hasta que me quieras<\/p>\n<p>hasta que me quieras<\/p>\n<p>qui\u00e9reme<\/p>\n<p>hasta que<\/p>\n<p>hasta que me quieras<\/p>\n<p>te follar\u00e9 hasta que me quieras<\/p>\n<p>te follar\u00e9 hasta que me quieras<\/p>\n<p>qui\u00e9reme<\/p>\n<p>qui\u00e9reme<\/p>\n<p>qui\u00e9reme<\/p>\n<p>qui\u00e9reme)<\/p>\n<p><script async src=\"\/\/www.instagram.com\/embed.js\"><\/script><\/p>\n","protected":false},"excerpt":{"rendered":"A las 17.00 de la tarde de la Espa\u00f1a peninsular, mediod\u00eda en Nueva York, nueve de la ma\u00f1ana&hellip;\n","protected":false},"author":2,"featured_media":204279,"comment_status":"","ping_status":"","sticky":false,"template":"","format":"standard","meta":{"footnotes":""},"categories":[174],"tags":[218,255,209,20062,146,147,25,24,256,185,27487,6765,1273,4147,23],"class_list":{"0":"post-204278","1":"post","2":"type-post","3":"status-publish","4":"format-standard","5":"has-post-thumbnail","7":"category-famosos","8":"tag-canciones","9":"tag-celebrities","10":"tag-cultura","11":"tag-discos-musica","12":"tag-entertainment","13":"tag-entretenimiento","14":"tag-es","15":"tag-espana","16":"tag-famosos","17":"tag-musica","18":"tag-musica-clasica","19":"tag-pop","20":"tag-rock","21":"tag-rosalia","22":"tag-spain"},"share_on_mastodon":{"url":"https:\/\/pubeurope.com\/@es\/115448178596016774","error":""},"_links":{"self":[{"href":"https:\/\/www.europesays.com\/es\/wp-json\/wp\/v2\/posts\/204278","targetHints":{"allow":["GET"]}}],"collection":[{"href":"https:\/\/www.europesays.com\/es\/wp-json\/wp\/v2\/posts"}],"about":[{"href":"https:\/\/www.europesays.com\/es\/wp-json\/wp\/v2\/types\/post"}],"author":[{"embeddable":true,"href":"https:\/\/www.europesays.com\/es\/wp-json\/wp\/v2\/users\/2"}],"replies":[{"embeddable":true,"href":"https:\/\/www.europesays.com\/es\/wp-json\/wp\/v2\/comments?post=204278"}],"version-history":[{"count":0,"href":"https:\/\/www.europesays.com\/es\/wp-json\/wp\/v2\/posts\/204278\/revisions"}],"wp:featuredmedia":[{"embeddable":true,"href":"https:\/\/www.europesays.com\/es\/wp-json\/wp\/v2\/media\/204279"}],"wp:attachment":[{"href":"https:\/\/www.europesays.com\/es\/wp-json\/wp\/v2\/media?parent=204278"}],"wp:term":[{"taxonomy":"category","embeddable":true,"href":"https:\/\/www.europesays.com\/es\/wp-json\/wp\/v2\/categories?post=204278"},{"taxonomy":"post_tag","embeddable":true,"href":"https:\/\/www.europesays.com\/es\/wp-json\/wp\/v2\/tags?post=204278"}],"curies":[{"name":"wp","href":"https:\/\/api.w.org\/{rel}","templated":true}]}}