{"id":204280,"date":"2025-10-27T21:09:12","date_gmt":"2025-10-27T21:09:12","guid":{"rendered":"https:\/\/www.europesays.com\/es\/204280\/"},"modified":"2025-10-27T21:09:12","modified_gmt":"2025-10-27T21:09:12","slug":"detalles-de-su-restauracion-y-donde-iran-en-la-taconera","status":"publish","type":"post","link":"https:\/\/www.europesays.com\/es\/204280\/","title":{"rendered":"detalles de su restauraci\u00f3n y d\u00f3nde ir\u00e1n en la Taconera"},"content":{"rendered":"<p>\n        Las <strong>estatuas del <\/strong><a href=\"https:\/\/www.noticiasdenavarra.com\/tags\/paseo-de-sarasate\/\" title=\"paseo de Sarasate\" class=\"link copy\" rel=\"nofollow noopener\" target=\"_blank\"><strong>paseo de Sarasate<\/strong><\/a><strong> preparan su mudanza<\/strong>. La semana que viene <strong>se prev\u00e9 que las tres primeras esculturas sean trasladadas a su nueva ubicaci\u00f3n en la Taconer<\/strong>a, donde ya se les est\u00e1 haciendo acomodo, y luego les seguir\u00e1n las otras tres. Ser\u00e1n transportadas en jaulas, en una operaci\u00f3n minuciosa<strong>, dado que llegan a los 7.000 kilos<\/strong>. Desde que el 1<strong>6 de septiembre comenzaran los trabajos para su restauraci\u00f3n, a cargo de la empresa Sabbia Conservaci\u00f3n y Restauraci\u00f3n SL<\/strong>, las estatuas han permanecido protegidas, tapadas de las miradas curiosas.\n<\/p>\n<p class=\"article-photo__footer\">\n            Excavando los agujeros donde ir\u00e1n las estatuas en la Taconera, las seis en l\u00ednea.            Jon Urriza Guillen        <\/p>\n<p class=\"article-photo__footer\">\n            Otra imagen de los trabajos previos a la instalaci\u00f3n de las estatuas en la Taconera, prevista la semana que viene.            Jon Urriza Guillen        <\/p>\n<p class=\"article-body__text \">\n        Desde la empresa restauradora, <strong>Alberto Santos detall\u00f3 que \u201cel proceso de restauraci\u00f3n de las estatuas contin\u00faa con el cronograma previsto<\/strong>. La restauraci\u00f3n de las tres primeras esculturas quedar\u00e1 finalizada esta semana\u201d, y \u201cen cuanto a los trabajos en la <strong>Taconera<\/strong>, ya se han realizado las excavaciones y se est\u00e1n preparando tambi\u00e9n las zapatas de hormig\u00f3n. Una vez finalizados estos trabajos todo estar\u00e1 listo para el traslado. Las esculturas se despegar\u00e1n de las bases y se trasladar\u00e1 mediante jaulas\u201d, detalla.\n<\/p>\n<p>            <a href=\"https:\/\/www.noticiasdenavarra.com\/pamplona\/2025\/08\/21\/traslado-estatuas-paseo-saraste-urbanismo-10000832.html\" title=\"El traslado de las estatuas del paseo Sarasate, en marcha, tras la adjudicaci\u00f3n de las obras\" class=\"new__media\" rel=\"nofollow noopener\" target=\"_blank\"><\/p>\n<p>                <img alt=\"El traslado de las estatuas del paseo Sarasate, en marcha, tras la adjudicaci\u00f3n de las obras\" data-src=\"https:\/\/www.europesays.com\/es\/wp-content\/uploads\/2025\/08\/3e3d1b17-7a67-48de-a806-9a171a5cfe1b_16-9-aspect-ratio_default_0.jpg\" class=\"lozad\"\/><\/p>\n<p>        <\/a><\/p>\n<p>        <a href=\"https:\/\/www.noticiasdenavarra.com\/pamplona\/2025\/08\/21\/traslado-estatuas-paseo-saraste-urbanismo-10000832.html\" title=\"El traslado de las estatuas del paseo Sarasate, en marcha, tras la adjudicaci\u00f3n de las obras\" class=\"new__headline\" rel=\"nofollow noopener\" target=\"_blank\"><br \/>\n            El traslado de las estatuas del paseo Sarasate, en marcha, tras la adjudicaci\u00f3n de las obras<br \/>\n        <\/a><\/p>\n<p class=\"article-body__text \">\n        En este mes y medio, <strong>las figuras se han sometido a \u201cuna limpieza manual\u00a0de dep\u00f3sitos, detritus y suciedad generalizada <\/strong>para seguidamente eliminar l<strong>a costra biog\u00e9nica\u00a0que cubre\u00a0de forma puntual las figuras<\/strong> con la aplicaci\u00f3n de productos biocidas\u201d. Intervenir en seis estatuas de esta envergadura no es una tarea sencilla, y seg\u00fan detallan desde el equipo de Sabbia, en primer lugar hubo que proceder a \u201cla redacci\u00f3n del plan de seguridad, el estudio del estado de conservaci\u00f3n de las\u00a0esculturas y las protecciones del arbolado del paseo de Sarasate\u201d. A partir de ah\u00ed, \u201ccuando dispusimos el andamiaje perimetral de las esculturas, iniciamos los trabajos de limpieza y tratamiento con biocidas de las tres primeras esculturas, a las que han seguido las otras tres\u201d.\n<\/p>\n<p>        \u00abLas figuras se han sometido a una limpieza manual de dep\u00f3sitos, detritus y suciedad generalizada\u00bb<\/p>\n<p class=\"article-quote__author\">ALBERTO SANTOS &#8211; Sabbia Conservaci\u00f3n y Restauraci\u00f3n<\/p>\n<p class=\"article-body__text \">\n        En este momento, \u201cla restauraci\u00f3n las tres primeras est\u00e1 a punto de finalizarse\u201d, y adem\u00e1s <strong>\u201cse han hecho pruebas para la elevaci\u00f3n de las esculturas. En una de ellas tenemos el ejemplo del m\u00e9todo que emplearemos, donde ya se han instalado los gatos para el alzado\u201d. <\/strong>De forma paralela, \u201cse han ido acometiendo los trabajos de excavaci\u00f3n en la Taconera, donde se van a ubicar las esculturas\u201d.\n<\/p>\n<p class=\"article-photo__footer\">\n            Agujeros excavados para las estatuas, junto a los parterres que dan al monumento a Gayarre (al fondo, dcha) y los fosos (izda).            DIARIO DE NOTICIAS        <\/p>\n<p>  Caliza desgastada por la humedad <\/p>\n<p class=\"article-body__text \">\n        Respecto al estado en el que se encontraban las figuras, Santos explica que <strong>\u201cdespu\u00e9s del primer estudio y de las catas que hemos realizado, lo podemos considerar bastante aceptabl<\/strong>e. Lo que <strong>hemos encontrado es un material fatigado, algo l\u00f3gico<\/strong>. El <strong>material escult\u00f3rico, la caliza en este caso, al ser muy porosa estaba muy desgastada por la humedad y temperatura<\/strong>. Al estar en un entorno urbano se ha ido acumulando la suciedad en los propios poros de la de la piedra. Son patolog\u00edas habituales en <strong>ambientes urbanos<\/strong>\u201d.\n<\/p>\n<p>  Con silicato de aluminio<\/p>\n<p class=\"article-body__text \">\n        La <strong>limpieza de las figuras se est\u00e1 llevando a cabo \u201cmec\u00e1nicamente\u201d<\/strong>. En primer lugar, se acomete \u201cla desinfecci\u00f3n con un producto espec\u00edfico biotin que se ha aplicado en varias capas para eliminar la costra biog\u00e9nica\u201d, y \u201cuna vez eliminada, la costra biog\u00e9nica se est\u00e1 cepillando manualmente\u201d. Finalmente \u201cse hace un repaso con micro proyecci\u00f3n, con silicato de aluminio, que sirve para unificar las impurezas de la caliza y elimina los restos que quedaban en superficie, igualando toda la capa superficial de las esculturas\u201d.\n<\/p>\n<p class=\"article-photo__footer\">\n            Las estatuas est\u00e1n siendo restauradas detr\u00e1s de la protecci\u00f3n de pl\u00e1stico, por lo que no pueden verse.            CEDIDA        <\/p>\n<p class=\"article-body__text \">\n        Preguntado por si la restauraci\u00f3n ha sacado a la luz alguna curiosidad respecto a las figuras, precisa que <strong>\u201ctras la limpieza de las esculturas, hemos encontrado que las formas y los relieves de la propia labra estaban m\u00e1s definidas de lo que pens\u00e1bamos<\/strong>, estaban ocultos bajo una gruesa capa de suciedad y ahora pues lo curioso que hemos encontrado, son esos<strong> detalles que te pasaban inadvertidos<\/strong>; tanto por el entorno, donde se encontraban bajo los \u00e1rboles, como por la suciedad y costras que cubr\u00edan parte del relieve de las piezas\u201d\n<\/p>\n<p>  <strong>En una fase intermedia del proceso <\/strong><\/p>\n<p class=\"article-body__text \">\n        Desde la empresa de C<strong>onservaci\u00f3n Sabbia precisan que \u201cnos encontramos en la fase intermedia de intervenci\u00f3n<\/strong>, es decir, se est\u00e1 realizando la restauraci\u00f3n y se est\u00e1n preparando las bases para su traslado a la Taconera\u201d. Una vez all\u00ed, <strong>\u201cla restauraci\u00f3n se rematar\u00e1 con las esculturas ya reubicadas<\/strong>. sin la necesidad de medios auxiliares como los que tenemos ahora instalados\u201d.\n<\/p>\n<p class=\"article-photo__footer\">\n            En el paseo de Sarasate, base numerada de una de las estatuas ya desmontada.            CEDIDA        <\/p>\n<p>  \u201cMejorar\u00e1n en la Taconera\u201d <\/p>\n<p class=\"article-body__text \">\n        En estos momentos, ya se han desmontado los sillares de las bases de las tres primeras esculturas, el paso previo al alzado y posterior traslado. A partir de ah\u00ed se colocar\u00e1n las jaulas y se trasladar\u00e1n. El <strong>concejal delegado de Proyectos, Borja Izagirre, inform\u00f3 de que el viernes ya se procedi\u00f3 a intervenir en la Taconera<\/strong>. <strong>\u201cIr\u00e1n en l\u00ednea, y delante tendr\u00e1n una franja de parterres, de tal manera que sean vistas en la distancia\u201d<\/strong>.\n<\/p>\n<p class=\"article-photo__footer\">\n            Otra imagen de la zona, a la izquierda, donde se van a colocar las figuras, detr\u00e1s de los parterres.            DIARIO DE NOTICIAS        <\/p>\n<p class=\"article-body__text \">\n        Para Izagirre, la nueva ubicaci\u00f3n<strong> \u201cmejorar\u00e1 su disfrute\u201d,<\/strong> al tratarse de un jard\u00edn hist\u00f3rico y, adem\u00e1s, porque <strong>han permanecido casi escondidas detr\u00e1s del arbolado de Sarasate<\/strong>. La excavaci\u00f3n para colocar las peanas en Taconera \u201cse ha realizado <strong>codo con codo con la empresa restauradora y los t\u00e9cnicos de Jardine<\/strong>s, para que la afecci\u00f3n sea la m\u00ednima posible\u201d. Este mi\u00e9rcoles se prev\u00e9 que la Comisi\u00f3n de Urbanismo visite los trabajos.<\/p>\n","protected":false},"excerpt":{"rendered":"Las estatuas del paseo de Sarasate preparan su mudanza. La semana que viene se prev\u00e9 que las tres&hellip;\n","protected":false},"author":2,"featured_media":204281,"comment_status":"","ping_status":"","sticky":false,"template":"","format":"standard","meta":{"footnotes":""},"categories":[173],"tags":[229,233,231,230,232,234,146,147,25,24,2754,2755,1397,3802,2756,23],"class_list":{"0":"post-204280","1":"post","2":"type-post","3":"status-publish","4":"format-standard","5":"has-post-thumbnail","7":"category-arte-y-diseno","8":"tag-arte","9":"tag-arte-y-diseno","10":"tag-arts","11":"tag-arts-and-design","12":"tag-design","13":"tag-diseno","14":"tag-entertainment","15":"tag-entretenimiento","16":"tag-es","17":"tag-espana","18":"tag-estatuas","19":"tag-paseo","20":"tag-patrimonio","21":"tag-restauracion","22":"tag-sarasate","23":"tag-spain"},"share_on_mastodon":{"url":"https:\/\/pubeurope.com\/@es\/115448182393567225","error":""},"_links":{"self":[{"href":"https:\/\/www.europesays.com\/es\/wp-json\/wp\/v2\/posts\/204280","targetHints":{"allow":["GET"]}}],"collection":[{"href":"https:\/\/www.europesays.com\/es\/wp-json\/wp\/v2\/posts"}],"about":[{"href":"https:\/\/www.europesays.com\/es\/wp-json\/wp\/v2\/types\/post"}],"author":[{"embeddable":true,"href":"https:\/\/www.europesays.com\/es\/wp-json\/wp\/v2\/users\/2"}],"replies":[{"embeddable":true,"href":"https:\/\/www.europesays.com\/es\/wp-json\/wp\/v2\/comments?post=204280"}],"version-history":[{"count":0,"href":"https:\/\/www.europesays.com\/es\/wp-json\/wp\/v2\/posts\/204280\/revisions"}],"wp:featuredmedia":[{"embeddable":true,"href":"https:\/\/www.europesays.com\/es\/wp-json\/wp\/v2\/media\/204281"}],"wp:attachment":[{"href":"https:\/\/www.europesays.com\/es\/wp-json\/wp\/v2\/media?parent=204280"}],"wp:term":[{"taxonomy":"category","embeddable":true,"href":"https:\/\/www.europesays.com\/es\/wp-json\/wp\/v2\/categories?post=204280"},{"taxonomy":"post_tag","embeddable":true,"href":"https:\/\/www.europesays.com\/es\/wp-json\/wp\/v2\/tags?post=204280"}],"curies":[{"name":"wp","href":"https:\/\/api.w.org\/{rel}","templated":true}]}}