{"id":204295,"date":"2025-10-27T21:18:08","date_gmt":"2025-10-27T21:18:08","guid":{"rendered":"https:\/\/www.europesays.com\/es\/204295\/"},"modified":"2025-10-27T21:18:08","modified_gmt":"2025-10-27T21:18:08","slug":"el-ibex-marca-maximo-historico-con-la-gasolina-de-la-banca-expansion","status":"publish","type":"post","link":"https:\/\/www.europesays.com\/es\/204295\/","title":{"rendered":"El Ibex marca m\u00e1ximo hist\u00f3rico con la gasolina de la banca &#8211; Expansi\u00f3n"},"content":{"rendered":"<ol>\n<li><a href=\"https:\/\/news.google.com\/rss\/articles\/CBMigAFBVV95cUxPTHJyZ2tpbEhEOHFTVkt3RjJUdWR4VWVDZG9Hd3hOcFVGZnNxMnhZYWpYX3VuX25JMFVpeGdsY2pEbG93U01rZ25YNU5GSmRyQVdrMTE2Y09uankwcGQ2Zl9xaDZ2VE9KMXM0VXEybTktZ28zWjc1NHZwYXJDdkVWTtIBgAFBVV95cUxQdTJRNUpERXI4YTYyU0RZLUxkcUxPVURwdjdEdFFTQk95T0Zib0JKNlhPdW9TOG9yVmFJVm81enNjOUdwSzJWNnRiN2V6WERWazJEQ1B0LXhsYWxSbkZRc0NrNzU4dGNMd2puUFV1NFQybWRERU84aE4yV0JsZE4ycQ?oc=5\" target=\"_blank\" rel=\"nofollow noopener\">El Ibex marca m\u00e1ximo hist\u00f3rico con la gasolina de la banca<\/a>&nbsp;&nbsp;Expansi\u00f3n<\/li>\n<li><a href=\"https:\/\/news.google.com\/rss\/articles\/CBMikwFBVV95cUxONWJ5aUNBWnFMNmN4SFFVeXNnVUFEWTRsLUl3X3R3WDQ1TjlIOVYyTVRqYUhzV0M1cnBBME9oS19RejhWZV9qNFJydDM0MWNnTHVkWmtGRGpCVTJxZnhnYloxQVI1UGdjN2M3MUFoRGVjdkVIUlJpbDcySndRRXc2ek4tejRBWlBxT0RnR0t0VW50dk3SAZMBQVVfeXFMTkhaMlZDX09xOHBPYUY1VGxDbmdEZzItSUg5aVV0dlU0WE9DUXdzc3pNbVlNZExlNU84ZFNSbmR0VjQzbHNWZkZKbTdERTNlVnZHcEpiUVFUMnpCdHhCdTEzajYtY0hpeGtkblpkRXJBbHluRVFNSFFSaG9RaXB2aFltTEJlcC0ta2ZHZ3Rxa1FZbVZn?oc=5\" target=\"_blank\" rel=\"nofollow noopener\">El Ibex bate m\u00e1ximos hist\u00f3ricos por primera vez desde 2007 en la antesala de la crisis financiera<\/a>&nbsp;&nbsp;El Mundo<\/li>\n<li><a href=\"https:\/\/news.google.com\/rss\/articles\/CBMiswFBVV95cUxPbWlyT3NBQ2FGWEpwVExCSDlDN0Y1czFjcTQ2UnN6V0VZSnNWNHFpSlhCMUtQYzNoZklpOTF5eVlnaVBsVDNJN3V5d0M0czlTM1V0NjVoZHk0NXZnRmZXRy1fcFdsV01vSlczalFqTjNVT0dJRGZYdHd6M3Uzd180a0V4OTRYNXI0Z1QwaFRfb3JCRDlsVEs5ZlRDTXhSaGtEcWZlckRQVEQ2VnJpYl9VN0F2Y9IBuAFBVV95cUxPSVJCcjI2Qk1iZTJDZm5HcG92UFdsQURsWTVsU1d3VTdSU0Rfc24wX1Ywa3NUaVRWeWtyTkE2ajBqNVRyS0ZkRGp1bDVXTzRncEY4T0hzSFFuTG5kSlhrc0JpNm1faFk2RGZTUWlhYmRtR3BPUE40OWxldExmN0NMeEszOVVsazZZXzZBX0ZLdG1IRVliY1BwUFFJRHR4N2c1M2xwanNISkx2VW5zRlM2WkoxNm8xUHFo?oc=5\" target=\"_blank\" rel=\"nofollow noopener\">Iba a ser cuesti\u00f3n de d\u00edas y tarda 18 a\u00f1os en suceder: un Ibex en transformaci\u00f3n bate su r\u00e9cord de 2007<\/a>&nbsp;&nbsp;Diario P\u00fablico<\/li>\n<li><a href=\"https:\/\/news.google.com\/rss\/articles\/CBMinwFBVV95cUxPRWlFMmQ0VDJ2YXBDaHN2Q3I3YzFfcDRqMW5hd3JyQ2F2ek1NcG1ZVjhvT0hCd2p1cGRkRFd0cjZmYl9vSXcwS005OU5WMDJvTXZ6bDB3aVNQS2tKcXAxX3ZwdXlCLXZfWV8xYUJJazdTR2pOb2pxbGI0dWgweTcza2ZIRzhOTW5mZjI5cFEyeGJERFc1ay1uYkZ4QnlOMG8?oc=5\" target=\"_blank\" rel=\"nofollow noopener\">La bolsa espa\u00f1ola rompe los 16.000 puntos y marca su r\u00e9cord hist\u00f3rico dos d\u00e9cadas despu\u00e9s<\/a>&nbsp;&nbsp;La Vanguardia<\/li>\n<li><a href=\"https:\/\/news.google.com\/rss\/articles\/CBMikAFBVV95cUxOMWJRQjNEOEZwUVVQWmJrcFFfY1RpbkFpQmpEYkw2dXJnR2JaQmI0U3NEbEEtVUZQcnVlOHVIaHJ2Q2p0aHFYamdPVnU4MmxjU0hyY29MemtESDYtR2VIbXF4NThzYXJUd3hkSlp0eEhKZTJJZERhc3Mwall6X2hScXVXeGhkUXY1QkxrYUVnblQ?oc=5\" target=\"_blank\" rel=\"nofollow noopener\">Ibex 16.000: por qu\u00e9 ha sido un r\u00e9cord tard\u00edo y a\u00fan no es r\u00e9cord del todo<\/a>&nbsp;&nbsp;El Confidencial<\/li>\n<\/ol>\n","protected":false},"excerpt":{"rendered":"El Ibex marca m\u00e1ximo hist\u00f3rico con la gasolina de la banca&nbsp;&nbsp;Expansi\u00f3n El Ibex bate m\u00e1ximos hist\u00f3ricos por primera&hellip;\n","protected":false},"author":2,"featured_media":204296,"comment_status":"","ping_status":"","sticky":false,"template":"","format":"standard","meta":{"footnotes":""},"categories":[80],"tags":[21188,82,95,94,25,24,114,23],"class_list":{"0":"post-204295","1":"post","2":"type-post","3":"status-publish","4":"format-standard","5":"has-post-thumbnail","7":"category-economia","8":"tag-ahorro","9":"tag-business","10":"tag-economia","11":"tag-economy","12":"tag-es","13":"tag-espana","14":"tag-mercados","15":"tag-spain"},"share_on_mastodon":{"url":"https:\/\/pubeurope.com\/@es\/115448217865084530","error":""},"_links":{"self":[{"href":"https:\/\/www.europesays.com\/es\/wp-json\/wp\/v2\/posts\/204295","targetHints":{"allow":["GET"]}}],"collection":[{"href":"https:\/\/www.europesays.com\/es\/wp-json\/wp\/v2\/posts"}],"about":[{"href":"https:\/\/www.europesays.com\/es\/wp-json\/wp\/v2\/types\/post"}],"author":[{"embeddable":true,"href":"https:\/\/www.europesays.com\/es\/wp-json\/wp\/v2\/users\/2"}],"replies":[{"embeddable":true,"href":"https:\/\/www.europesays.com\/es\/wp-json\/wp\/v2\/comments?post=204295"}],"version-history":[{"count":0,"href":"https:\/\/www.europesays.com\/es\/wp-json\/wp\/v2\/posts\/204295\/revisions"}],"wp:featuredmedia":[{"embeddable":true,"href":"https:\/\/www.europesays.com\/es\/wp-json\/wp\/v2\/media\/204296"}],"wp:attachment":[{"href":"https:\/\/www.europesays.com\/es\/wp-json\/wp\/v2\/media?parent=204295"}],"wp:term":[{"taxonomy":"category","embeddable":true,"href":"https:\/\/www.europesays.com\/es\/wp-json\/wp\/v2\/categories?post=204295"},{"taxonomy":"post_tag","embeddable":true,"href":"https:\/\/www.europesays.com\/es\/wp-json\/wp\/v2\/tags?post=204295"}],"curies":[{"name":"wp","href":"https:\/\/api.w.org\/{rel}","templated":true}]}}