{"id":204305,"date":"2025-10-27T21:27:12","date_gmt":"2025-10-27T21:27:12","guid":{"rendered":"https:\/\/www.europesays.com\/es\/204305\/"},"modified":"2025-10-27T21:27:12","modified_gmt":"2025-10-27T21:27:12","slug":"mas-cerca-de-casa-no-se-lo-podemos-poner","status":"publish","type":"post","link":"https:\/\/www.europesays.com\/es\/204305\/","title":{"rendered":"M\u00e1s cerca de casa no se lo podemos poner"},"content":{"rendered":"<p class=\"ft-text\">La Vuelta a Espa\u00f1a 2026 comienza a tomar forma. La presentaci\u00f3n de la etapa inaugural el pasado s\u00e1bado 25 de octubre en el One Monte-Carlo <strong>desvel\u00f3 la primera de las 21 paradas que dan forma al recorrido de la pr\u00f3xima edici\u00f3n de la espa\u00f1ola<\/strong>, en la que algunos de los principales nombres del pelot\u00f3n se dar\u00e1n cita para tratar de destronar a Jonas Vingegaard.<\/p>\n<p class=\"ft-text\">El pistoletazo de salida de La Vuelta 2026 <strong>tendr\u00e1 lugar en Montecarlo y se desarrollar\u00e1 bajo el formato de contrarreloj individual<\/strong>. El principal atractivo de esta jornada inaugural es que una parte significativa de los 9,6 kil\u00f3metros que componen la prueba recrear\u00e1n el <a class=\"ft-link ft-link--decoration\" href=\"https:\/\/www.sport.es\/es\/noticias\/ciclismo\/vuelta-2026-comenzara-crono-9-123022517\" rel=\"nofollow noopener\" target=\"_blank\">recorrido del Gran Premio de M\u00f3naco de F\u00f3rmula 1<\/a>.<\/p>\n<p class=\"ft-text\">Aprovechando los focos de la presentaci\u00f3n de esta primera etapa, <strong>Javier Guill\u00e9n opt\u00f3 por jugar una \u00faltima carta en busca de uno de sus grandes objetivos: el regreso de <\/strong><a class=\"ft-link ft-link--decoration\" href=\"https:\/\/www.sport.es\/es\/temas\/tadej-pogacar-1014731\" rel=\"nofollow noopener\" target=\"_blank\"><strong>Tadej Pogacar<\/strong><\/a><strong> a la ronda espa\u00f1ola<\/strong>. El director de La Vuelta se refiri\u00f3 a esta posibilidad una vez finalizado el acto en el Principado.<\/p>\n<p class=\"ft-text\">\u00ab<strong>M\u00e1s cerca de casa no se lo podemos poner<\/strong>\u00ab, expuso Guill\u00e9n, haciendo referencia a que la pr\u00f3xima edici\u00f3 de la Vuelta a Espa\u00f1a saldr\u00e1 desde la residencia habitual de Pogacar. Antes de esta contundente frase, el director de La Vuelta lanz\u00f3 un reto al esloveno por si el punto de partida de la carrera no fuese lo suficientemente atractivo.<\/p>\n<p class=\"ft-text\"><strong>\u00abEs una leyenda del <\/strong><a class=\"ft-link ft-link--decoration\" href=\"https:\/\/www.sport.es\/es\/ciclismo\/\" rel=\"nofollow noopener\" target=\"_blank\"><strong>ciclismo<\/strong><\/a><strong>, pero para enriquecer esa leyenda necesita ganar las 3 grandes<\/strong>. Como la \u00fanica que queda que gane de las 3 grandes es la Vuelta, por eso creo que es un aliciente suficiente\u00bb, expres\u00f3 Guill\u00e9n para intentar convencer a la gran estrella del pelot\u00f3n, ausente en la ronda espa\u00f1ola desde 2019.<\/p>\n<p>Pogacar en La Vuelta, un deseo que no termina de cumplirse<\/p>\n<p class=\"ft-text\">Tadej Pogacar nunca ha escondido su deseo de volver a competir en la Vuelta a Espa\u00f1a, competici\u00f3n de la que se subi\u00f3 al podio en su primera participaci\u00f3n. <strong>Las carreteras espa\u00f1olas fueron testigo de algunas de las primeras exhibiciones del entonces incipiente talento esloveno<\/strong>, pero lo que parec\u00eda destinado a ser una historia id\u00edlica no ha terminado teniendo continuidad.<\/p>\n<p><img decoding=\"async\" src=\"https:\/\/www.europesays.com\/es\/wp-content\/uploads\/2025\/10\/1bdb1ada-7e8a-4118-8f12-f42f6943c4e9_alta-libre-aspect-ratio_default_0.jpg\" width=\"1200\" height=\"675\" alt=\"Pogacar celebra una victoria en la Vuelta a Espa\u00f1a 2019\" class=\"ft-helper-img-rd\" loading=\"lazy\" hasdataaida=\"true\"\/><\/p>\n<p class=\"ft-helper-fontColor-quaternary ft-helper-fontSize-body-S ft-helper-spacer-t-xxs\">Pogacar celebra una victoria en la Vuelta a Espa\u00f1a 2019  \/ EFE<\/p>\n<p class=\"ft-text\">La edici\u00f3n de 2019 es, hasta la fecha, la \u00fanica que ha contado con la presencia de Pogacar. <strong>2025 parec\u00eda ser el a\u00f1o de este anhelado regreso<\/strong>, m\u00e1s a\u00fan tras la decisi\u00f3n de no participar en el Giro de Italia, pero las consecuencias f\u00edsicas del exgente Tour y el deseo de revalidar el arco\u00edris en Ruanda llevaron al esloveno a tomar la decisi\u00f3n de no participar.<\/p>\n<p class=\"ft-text\">Tampoco parece que este regreso vaya a producirse en 2026. <strong>Con el Tour marcado en rojo como cita obligatoria y los Mundiales, la Mil\u00e1n-San Remo y la Par\u00eds-Roubaix como objetivos prioritarios<\/strong>, La Vuelta no parece entrar en los planes del esloveno, aunque este no quiso cerrar la puerta a su hipot\u00e9tico regreso.<\/p>\n<p class=\"ft-text\">\u00ab<a class=\"ft-link ft-link--decoration\" href=\"https:\/\/www.sport.es\/es\/noticias\/ciclismo\/tadej-pogacar-pone-duda-presencia-122777733\" rel=\"nofollow noopener\" target=\"_blank\">Todav\u00eda falta bastante para que decidamos el calendario del a\u00f1o que viene, aunque la Vuelta siempre es una posibilidad<\/a>\u00ab, manifest\u00f3 Pogacar antes de la disputa de la segunda prueba del Andorra Cycling Masters. Estas declaraciones pueden sonar esperanzadoras, pero el l\u00edder del UAE Team se encarg\u00f3 de matizar que volver\u00e1 a dar prioridad a los Mundiales.<\/p>\n","protected":false},"excerpt":{"rendered":"La Vuelta a Espa\u00f1a 2026 comienza a tomar forma. La presentaci\u00f3n de la etapa inaugural el pasado s\u00e1bado&hellip;\n","protected":false},"author":2,"featured_media":204306,"comment_status":"","ping_status":"","sticky":false,"template":"","format":"standard","meta":{"footnotes":""},"categories":[273],"tags":[2471,313,312,168,25,24,549,866,23,167,1885,1357],"class_list":{"0":"post-204305","1":"post","2":"type-post","3":"status-publish","4":"format-standard","5":"has-post-thumbnail","7":"category-ciclismo","8":"tag-carta","9":"tag-ciclismo","10":"tag-cycling","11":"tag-deportes","12":"tag-es","13":"tag-espana","14":"tag-pogacar","15":"tag-recuperar","16":"tag-spain","17":"tag-sports","18":"tag-ultima","19":"tag-vuelta"},"share_on_mastodon":{"url":"https:\/\/pubeurope.com\/@es\/115448253228292313","error":""},"_links":{"self":[{"href":"https:\/\/www.europesays.com\/es\/wp-json\/wp\/v2\/posts\/204305","targetHints":{"allow":["GET"]}}],"collection":[{"href":"https:\/\/www.europesays.com\/es\/wp-json\/wp\/v2\/posts"}],"about":[{"href":"https:\/\/www.europesays.com\/es\/wp-json\/wp\/v2\/types\/post"}],"author":[{"embeddable":true,"href":"https:\/\/www.europesays.com\/es\/wp-json\/wp\/v2\/users\/2"}],"replies":[{"embeddable":true,"href":"https:\/\/www.europesays.com\/es\/wp-json\/wp\/v2\/comments?post=204305"}],"version-history":[{"count":0,"href":"https:\/\/www.europesays.com\/es\/wp-json\/wp\/v2\/posts\/204305\/revisions"}],"wp:featuredmedia":[{"embeddable":true,"href":"https:\/\/www.europesays.com\/es\/wp-json\/wp\/v2\/media\/204306"}],"wp:attachment":[{"href":"https:\/\/www.europesays.com\/es\/wp-json\/wp\/v2\/media?parent=204305"}],"wp:term":[{"taxonomy":"category","embeddable":true,"href":"https:\/\/www.europesays.com\/es\/wp-json\/wp\/v2\/categories?post=204305"},{"taxonomy":"post_tag","embeddable":true,"href":"https:\/\/www.europesays.com\/es\/wp-json\/wp\/v2\/tags?post=204305"}],"curies":[{"name":"wp","href":"https:\/\/api.w.org\/{rel}","templated":true}]}}