{"id":204310,"date":"2025-10-27T21:31:10","date_gmt":"2025-10-27T21:31:10","guid":{"rendered":"https:\/\/www.europesays.com\/es\/204310\/"},"modified":"2025-10-27T21:31:10","modified_gmt":"2025-10-27T21:31:10","slug":"la-relacion-entre-yann-y-yo-esta-mejor-que-nunca","status":"publish","type":"post","link":"https:\/\/www.europesays.com\/es\/204310\/","title":{"rendered":"\u00abLa relaci\u00f3n entre Yann y yo est\u00e1 mejor que nunca\u00bb"},"content":{"rendered":"<p class=\"western\">El empresario <a href=\"https:\/\/www.periodicodeibiza.es\/etiqueta\/Abel+Matutes+Prats.html?utm_source=Inline-tag&amp;utm_medium=internal\" rel=\"nofollow noopener\" target=\"_blank\">Abel Matutes Prats<\/a> <strong>ha desmentido la ruptura con su socio<\/strong> en las grandes discotecas de la isla, <a href=\"https:\/\/www.periodicodeibiza.es\/etiqueta\/Yann+Pissenem.html?utm_source=Inline-tag&amp;utm_medium=internal\" rel=\"nofollow noopener\" target=\"_blank\">Yann Pissenem<\/a>, como as\u00ed ha asegurado Cr\u00f3nica Global en un art\u00edculo. \u00abEnhorabuena al periodista x inventarse una pel\u00edcula de la A a la Z. <strong>La relaci\u00f3n entre Yann y yo est\u00e1 mejor que nunca<\/strong>. Pat\u00e9tica bazofia period\u00edstica\u00bb, ha escrito el ibicenco en sus redes sociales.<\/p>\n<blockquote class=\"twitter-tweet\"><p>&#13;<\/p>\n<p>Enhorabuena al periodista x inventarse una pel\u00edcula de la A a la Z. La relaci\u00f3n entre Yann y yo est\u00e1 mejor que nunca. Pat\u00e9tica bazofia period\u00edstica<\/p>\n<p>&#13;<\/p>\n<p>Los Matutes rompen con Pissenem y le ofrecen 32 millones para salir de Ushua\u00efa <a href=\"https:\/\/t.co\/lB5ugqrF4k\" rel=\"nofollow\">https:\/\/t.co\/lB5ugqrF4k<\/a> v\u00eda <a href=\"https:\/\/twitter.com\/cronicaglobal?ref_src=twsrc%5Etfw\" rel=\"nofollow noopener\" target=\"_blank\">@cronicaglobal<\/a><\/p>\n<p>&#13;<br \/>\n\u2014 Abel Matutes Prats (@AMatumatu) <a href=\"https:\/\/twitter.com\/AMatumatu\/status\/1982531524919738479?ref_src=twsrc%5Etfw\" rel=\"nofollow noopener\" target=\"_blank\">October 26, 2025<\/a>\n<\/p><\/blockquote>\n<p class=\"western\">Por su parte, la empresa de Pissenem, The Night League, ha apuntado en Instagram \u00abno te dejes enga\u00f1ar por las noticias falsas\u00bb o \u00abel futuro nunca ha parecido tan prometedor\u00bb, en clara referencia a la informaci\u00f3n de Cr\u00f3nica Global, que <strong>asegura que los Matutes han ofrecido 32 millones a Pissenem para que deje de ser su socio.<\/strong><\/p>\n<p class=\"western\">Los hoteleros y el productor franc\u00e9s <strong>son socios al 50% en Ushua\u00efa Entertainment<\/strong>, la empresa que controla Ushua\u00efa <a href=\"https:\/\/www.periodicodeibiza.es\/etiqueta\/ibiza.html?utm_source=Inline-tag&amp;utm_medium=internal\" rel=\"nofollow noopener\" target=\"_blank\">Ibiza<\/a>, H\u00ef Ibiza y [UNVRS]. Una aventura empresarial que, seg\u00fan sus propios protagonistas, tiene el futuro asegurado, pues<strong> la relaci\u00f3n est\u00e1 m\u00e1s fuerte que nunca tal y como asegura The Night League<\/strong> en el post que han compartido en Instagram.<\/p>\n<blockquote class=\"instagram-media c27\" data-instgrm-captioned=\"\" data-instgrm-permalink=\"https:\/\/www.instagram.com\/p\/DQUCY3MCDKP\/?utm_source=ig_embed&amp;utm_campaign=loading\" data-instgrm-version=\"14\"><p>&#13;<br \/>\n&#13;\n<\/p><\/blockquote>\n<p>                        <script async src=\"https:\/\/platform.twitter.com\/widgets.js\" charset=\"utf-8\"><\/script><script async src=\"\/\/www.instagram.com\/embed.js\"><\/script><\/p>\n","protected":false},"excerpt":{"rendered":"El empresario Abel Matutes Prats ha desmentido la ruptura con su socio en las grandes discotecas de la&hellip;\n","protected":false},"author":2,"featured_media":204311,"comment_status":"","ping_status":"","sticky":false,"template":"","format":"standard","meta":{"footnotes":""},"categories":[174],"tags":[55953,6081,255,146,147,25,24,256,6079,6082,6083,6080,23,55954],"class_list":{"0":"post-204310","1":"post","2":"type-post","3":"status-publish","4":"format-standard","5":"has-post-thumbnail","7":"category-famosos","8":"tag-abel-matutes-prats","9":"tag-actualidad-ibiza","10":"tag-celebrities","11":"tag-entertainment","12":"tag-entretenimiento","13":"tag-es","14":"tag-espana","15":"tag-famosos","16":"tag-ibiza","17":"tag-informacion-ibiza","18":"tag-lugares-ibiza","19":"tag-periodico-de-ibiza-y-formentera","20":"tag-spain","21":"tag-yann-pissenem"},"share_on_mastodon":{"url":"https:\/\/pubeurope.com\/@es\/115448269154265711","error":""},"_links":{"self":[{"href":"https:\/\/www.europesays.com\/es\/wp-json\/wp\/v2\/posts\/204310","targetHints":{"allow":["GET"]}}],"collection":[{"href":"https:\/\/www.europesays.com\/es\/wp-json\/wp\/v2\/posts"}],"about":[{"href":"https:\/\/www.europesays.com\/es\/wp-json\/wp\/v2\/types\/post"}],"author":[{"embeddable":true,"href":"https:\/\/www.europesays.com\/es\/wp-json\/wp\/v2\/users\/2"}],"replies":[{"embeddable":true,"href":"https:\/\/www.europesays.com\/es\/wp-json\/wp\/v2\/comments?post=204310"}],"version-history":[{"count":0,"href":"https:\/\/www.europesays.com\/es\/wp-json\/wp\/v2\/posts\/204310\/revisions"}],"wp:featuredmedia":[{"embeddable":true,"href":"https:\/\/www.europesays.com\/es\/wp-json\/wp\/v2\/media\/204311"}],"wp:attachment":[{"href":"https:\/\/www.europesays.com\/es\/wp-json\/wp\/v2\/media?parent=204310"}],"wp:term":[{"taxonomy":"category","embeddable":true,"href":"https:\/\/www.europesays.com\/es\/wp-json\/wp\/v2\/categories?post=204310"},{"taxonomy":"post_tag","embeddable":true,"href":"https:\/\/www.europesays.com\/es\/wp-json\/wp\/v2\/tags?post=204310"}],"curies":[{"name":"wp","href":"https:\/\/api.w.org\/{rel}","templated":true}]}}