{"id":204312,"date":"2025-10-27T21:32:09","date_gmt":"2025-10-27T21:32:09","guid":{"rendered":"https:\/\/www.europesays.com\/es\/204312\/"},"modified":"2025-10-27T21:32:09","modified_gmt":"2025-10-27T21:32:09","slug":"el-nuevo-corazon-de-integra-un-edificio-que-respirara-tecnologia-sostenibilidad-y-alma-aragonesa","status":"publish","type":"post","link":"https:\/\/www.europesays.com\/es\/204312\/","title":{"rendered":"El nuevo &#8216;coraz\u00f3n&#8217; de Integra, un edificio que respirar\u00e1 tecnolog\u00eda, sostenibilidad y alma aragonesa"},"content":{"rendered":"<p class=\"ft-text\">La futura sede corporativa de <strong>Integra<\/strong>, que se levantar\u00e1 en el <strong>Distrito Aragon\u00e9s de Tecnolog\u00eda (<\/strong><a class=\"ft-link ft-link--decoration\" href=\"https:\/\/www.elperiodicodearagon.com\/tags\/dat-alierta\/\" target=\"_blank\" rel=\"nofollow noopener\"><strong>DAT Alierta<\/strong><\/a><strong>), <\/strong>ser\u00e1 algo m\u00e1s que un espacio de trabajo para <strong>500 empleados<\/strong>, la capacidad que tendr\u00e1 un edificio que pretende ser ejemplar en materia de <strong>sostenibilidad y confort. <\/strong>Ser\u00e1 un edificio pensado para las personas y su bienestar, concebido para hacer visible el v\u00ednculo entre <a class=\"ft-link ft-link--decoration\" href=\"https:\/\/www.elperiodicodearagon.com\/tags\/tecnologia\/\" target=\"_blank\" rel=\"nofollow noopener\">tecnolog\u00eda<\/a>, conocimiento y territorio.<\/p>\n<p class=\"ft-text\">As\u00ed lo explic\u00f3 durante la presentaci\u00f3n del proyecto <strong>Eduardo Arag\u00fces<\/strong>, director de Proyectos de <a class=\"ft-link ft-link--decoration\" href=\"https:\/\/www.elperiodicodearagon.com\/tags\/idom\/\" target=\"_blank\" rel=\"nofollow noopener\">Idom<\/a> <a class=\"ft-link ft-link--decoration\" href=\"https:\/\/www.elperiodicodearagon.com\/tags\/zaragoza\/\" rel=\"nofollow noopener\" target=\"_blank\">Zaragoza<\/a>, la delegaci\u00f3n de la firma vasca de consultor\u00eda, ingenier\u00eda y arquitectura que ha dise\u00f1ado el proyecto, la misma que ha elaborado el plan director del DAT Alierta y que lidera su configuraci\u00f3n (PIGA y zonas verdes).<\/p>\n<p class=\"ft-text\">La sede de Integra ocupar\u00e1 unos 8.000 metros cuadrados, con una inversi\u00f3n global de <strong>25 millones de euros<\/strong>, y estar\u00e1 operativa en 2029. M\u00e1s all\u00e1 de los n\u00fameros, el proyecto destaca por su ambici\u00f3n arquitect\u00f3nica y su compromiso con la sostenibilidad y la identidad aragonesa.<\/p>\n<p class=\"ft-text\">El edificio se ubicar\u00e1 en una de las parcelas \u2013a\u00fan est\u00e1 por definir del parque tecnol\u00f3gico que se levantar\u00e1 en el borde norte de Zaragoza, entre los <strong>barrios del Actur y Parque Goya,<\/strong> y junto campus universitario R\u00edo Ebro (<a class=\"ft-link ft-link--decoration\" href=\"https:\/\/www.elperiodicodearagon.com\/tags\/universidad-de-zaragoza\/\" rel=\"nofollow noopener\" target=\"_blank\">Unizar<\/a>). Un entorno privilegiado gracias a los ejes verdes que lo atraviesan -como la acequia del Rabal y los bosques de la Universidad- y por sus panor\u00e1micas abiertas a la ciudad.<\/p>\n<p class=\"ft-text\">\u00abEstas vistas son uno de los activos del edificio\u201d, explic\u00f3 Arag\u00fces. \u201cQueremos que el edificio dialogue con el paisaje, con <strong>grandes ventanales horizontales que abran la mirada <\/strong>hacia Zaragoza y su entorno natural\u201d, destac\u00f3. El dise\u00f1o aprovecha esa conexi\u00f3n con el exterior para potenciar la iluminaci\u00f3n y la ventilaci\u00f3n natural, dos elementos clave en la filosof\u00eda del proyecto para que el edificio que respire, resumi\u00f3 el arquitecto.<\/p>\n<p>Espacios flexibles y humanos<\/p>\n<p class=\"ft-text\">El interior del edificio est\u00e1 concebido para acoger a unas 500 personas, en un entorno donde el bienestar y la flexibilidad marcan el dise\u00f1o. La estructura se organiza en torno a una ret\u00edcula de 8,5 x 8 metros, que permite redistribuir f\u00e1cilmente los espacios seg\u00fan las necesidades de la empresa.<\/p>\n<p class=\"ft-text\">\u00abQuer\u00edamos un edificio capaz de <strong>adaptarse de una forma r\u00e1pida y sencilla <\/strong>a cambios de distribuci\u00f3n\u00bb, seg\u00fan cu\u00e1l ser\u00e1 la forma de trabajar de Integra en cada momento, se\u00f1al\u00f3 Arag\u00fces. Por eso, las zonas perimetrales ser\u00e1n di\u00e1fanas y vers\u00e1tiles, mientras que el n\u00facleo central alojar\u00e1 los elementos fijos \u2014aseos, escaleras, ascensores y salas de reuniones\u2014 acompa\u00f1ados por dos jardines verticales que atravesar\u00e1n todo el edificio, aportando luz y ventilaci\u00f3n natural.<\/p>\n<p class=\"ft-text\">Entre las mesas de trabajo, habr\u00e1 elementos bajos con<strong> vegetaci\u00f3n y paneles ac\u00fasticos <\/strong>de color, as\u00ed como espacios informales para reuniones r\u00e1pidas o trabajo en equipo.<\/p>\n<p>De la tierra al edificio: la cer\u00e1mica como identidad<\/p>\n<p class=\"ft-text\">Si algo distingue el proyecto es su voluntad de conectar la innovaci\u00f3n tecnol\u00f3gica con las ra\u00edces de Integra, una empresa familiar aragonesa que apuesta por crecer en su tierra. \u00abQuer\u00edamos que el edificio tuviera un v\u00ednculo f\u00edsico y simb\u00f3lico con esta tierra. Y lo hemos encontrado en la cer\u00e1mica\u201d.<\/p>\n<p class=\"ft-text\">El estudio ha dise\u00f1ado unas celos\u00edas cer\u00e1micas tensadas que envolver\u00e1n parte de las fachadas, creando un velo de protecci\u00f3n solar que recuerda a la tradici\u00f3n mud\u00e9jar, pero reinterpretada con tecnolog\u00eda contempor\u00e1nea. \u201cLa cer\u00e1mica es parte de nuestra historia: romana, musulmana, renacentista\u2026 Quer\u00edamos actualizar ese legado con un lenguaje moderno\u201d, explic\u00f3.<\/p>\n<p>Un edificio de emisiones cero<\/p>\n<p class=\"ft-text\">El compromiso medioambiental es otro de los pilares del proyecto. El edificio aspira a ser de consumo neto cero, minimizando el gasto energ\u00e9tico y cubri\u00e9ndolo con fuentes renovables. Para ello, se han dise\u00f1ado sistemas de aislamiento t\u00e9rmico avanzado, aleros y celos\u00edas solares, y <strong>una estructura termoactivada que aprovechar\u00e1 la geotermia<\/strong> para climatizar los espacios sin apenas recurrir al aire acondicionado. \u201cVa a haber muchos d\u00edas en el a\u00f1o que el edificio se va a poder calentar y enfriar solo con la energ\u00eda de la tierra. No har\u00e1 falta electricidad, solo con agua y energ\u00eda natural\u201d, detall\u00f3 Arag\u00fces.<\/p>\n<p class=\"ft-text\">El edificio se organizar\u00e1 en cinco niveles. En el s\u00f3tano habr\u00e1 un aparcamiento para veh\u00edculos (45 plazas), bicis y patinetes, vestuarios con duchas y los jardines verticales que nacen en ese nivel. En la planta baja estar\u00e1 la recepci\u00f3n, salas de espera, aulas de formaci\u00f3n y <strong>un sal\u00f3n de actos para 150 personas. <\/strong>En la primera planta, el coraz\u00f3n de la actividad diaria, con espacios de trabajo abiertos y zonas de encuentro informal.<\/p>\n<p class=\"ft-text\">En la segunda planta se ubicar\u00e1n los despachos de direcci\u00f3n y m\u00e1s \u00e1reas de trabajo colaborativo. Por \u00faltimo, la azotea ser\u00e1 un jard\u00edn elevado, con zonas de convivencia y comedores para el personal desde las que se podr\u00e1<strong> contemplar el <\/strong><strong>skyline <\/strong><strong>de Zaragoza.<\/strong><\/p>\n<p class=\"ft-text\">El anteproyecto ya est\u00e1 redactado y el proyecto b\u00e1sico se entregar\u00e1 en diciembre. Idom prev\u00e9 que los tr\u00e1mites de construcci\u00f3n se completen en enero de 2027, para<strong> iniciar las obras en abril <\/strong>de ese mismo a\u00f1o y finalizarlas a comienzos de 2029.<\/p>\n","protected":false},"excerpt":{"rendered":"La futura sede corporativa de Integra, que se levantar\u00e1 en el Distrito Aragon\u00e9s de Tecnolog\u00eda (DAT Alierta), ser\u00e1&hellip;\n","protected":false},"author":2,"featured_media":204313,"comment_status":"","ping_status":"","sticky":false,"template":"","format":"standard","meta":{"footnotes":""},"categories":[173],"tags":[229,233,231,230,4835,232,234,95,1155,146,147,25,24,27320,524,55955,23,120],"class_list":{"0":"post-204312","1":"post","2":"type-post","3":"status-publish","4":"format-standard","5":"has-post-thumbnail","7":"category-arte-y-diseno","8":"tag-arte","9":"tag-arte-y-diseno","10":"tag-arts","11":"tag-arts-and-design","12":"tag-corazon","13":"tag-design","14":"tag-diseno","15":"tag-economia","16":"tag-edificio","17":"tag-entertainment","18":"tag-entretenimiento","19":"tag-es","20":"tag-espana","21":"tag-integra","22":"tag-nuevo","23":"tag-respirara","24":"tag-spain","25":"tag-tecnologia"},"share_on_mastodon":{"url":"https:\/\/pubeurope.com\/@es\/115448272837383630","error":""},"_links":{"self":[{"href":"https:\/\/www.europesays.com\/es\/wp-json\/wp\/v2\/posts\/204312","targetHints":{"allow":["GET"]}}],"collection":[{"href":"https:\/\/www.europesays.com\/es\/wp-json\/wp\/v2\/posts"}],"about":[{"href":"https:\/\/www.europesays.com\/es\/wp-json\/wp\/v2\/types\/post"}],"author":[{"embeddable":true,"href":"https:\/\/www.europesays.com\/es\/wp-json\/wp\/v2\/users\/2"}],"replies":[{"embeddable":true,"href":"https:\/\/www.europesays.com\/es\/wp-json\/wp\/v2\/comments?post=204312"}],"version-history":[{"count":0,"href":"https:\/\/www.europesays.com\/es\/wp-json\/wp\/v2\/posts\/204312\/revisions"}],"wp:featuredmedia":[{"embeddable":true,"href":"https:\/\/www.europesays.com\/es\/wp-json\/wp\/v2\/media\/204313"}],"wp:attachment":[{"href":"https:\/\/www.europesays.com\/es\/wp-json\/wp\/v2\/media?parent=204312"}],"wp:term":[{"taxonomy":"category","embeddable":true,"href":"https:\/\/www.europesays.com\/es\/wp-json\/wp\/v2\/categories?post=204312"},{"taxonomy":"post_tag","embeddable":true,"href":"https:\/\/www.europesays.com\/es\/wp-json\/wp\/v2\/tags?post=204312"}],"curies":[{"name":"wp","href":"https:\/\/api.w.org\/{rel}","templated":true}]}}