{"id":204314,"date":"2025-10-27T21:34:11","date_gmt":"2025-10-27T21:34:11","guid":{"rendered":"https:\/\/www.europesays.com\/es\/204314\/"},"modified":"2025-10-27T21:34:11","modified_gmt":"2025-10-27T21:34:11","slug":"colocan-primera-la-piedra-del-centro-territorial-de-rtve-que-da-comienzo-a-las-obras-de-la-nueva-sede","status":"publish","type":"post","link":"https:\/\/www.europesays.com\/es\/204314\/","title":{"rendered":"Colocan primera la piedra del Centro Territorial de RTVE que da comienzo a las obras de la nueva sede"},"content":{"rendered":"<p class=\"v-mdl-ath__p v-mdl-ath__p--6\">\nLunes, 27 de octubre 2025, 20:42<\/p>\n<p class=\"v-p\">El Centro Territorial de Castilla y Le\u00f3n de RTVE inicia una nueva etapa con la construcci\u00f3n de su nueva sede, un proyecto que permitir\u00e1 \u00abunificar\u00bb en un mismo espacio las instalaciones de Televisi\u00f3n Espa\u00f1ola (TVE) y Radio Nacional de Espa\u00f1a (RNE) en la Ciudad de la Comunicaci\u00f3n de Valladolid. Este lunes se coloc\u00f3 de forma oficial la primera piedra del nuevo edificio y se dio comienzo oficial a las obras, que tendr\u00e1n una duraci\u00f3n estimada de 15 a 16 meses.<\/p>\n<p class=\"v-p\">El acto, conducido por Cristina Bravo, directora de RTVE Territorial, cont\u00f3 con la presencia del consejero de RTVE Miquel Cal\u00e7ada, presidente de la comisi\u00f3n de Centros Territoriales. Intervinieron Roberto Ferrero, jefe de obra de SANDO; Iv\u00e1n Fern\u00e1ndez del R\u00edo, director del Centro de Castilla y Le\u00f3n; Pedro Recas, director de Infraestructuras, Servicios y Eficiencia Energ\u00e9tica de RTVE; y Nicanor Sen, delegado del Gobierno en Castilla y Le\u00f3n y han asistido diferentes autoridades regionales y locales, como Ana \u00c1lvarez Qui\u00f1ones, secretaria general de Agricultura, Ganader\u00eda y Desarrollo Rural del Gobierno de Castilla y Le\u00f3n<\/p>\n<p class=\"v-p\">El Consejo de Administraci\u00f3n de RTVE aprob\u00f3 por unanimidad la adjudicaci\u00f3n del proyecto y las obras por un importe superior a los cuatro millones de euros. Durante este \u00faltimo a\u00f1o y parte del anterior se complet\u00f3 el proyecto de ejecuci\u00f3n, y hoy se dio comienzo oficial a las obras.<\/p>\n<p class=\"v-p\">Cristina Bravo se\u00f1al\u00f3 que \u00abcon esta primera piedra simbolizamos muchas cosas, no solo el inicio de las obras, sino tambi\u00e9n un compromiso con el servicio p\u00fablico de RTVE en Castilla y Le\u00f3n, un centro que ser\u00e1 ejemplo de innovaci\u00f3n y modernidad\u00ab. Por su parte, Nicanor Sen destac\u00f3 que \u00abhoy es un d\u00eda muy importante para Castilla y Le\u00f3n, para la televisi\u00f3n p\u00fablica de Castilla y Le\u00f3n, porque afianza el compromiso del ente p\u00fablico con los ciudadanos de esta comunidad aut\u00f3noma\u00bb.<\/p>\n<p><img decoding=\"async\" loading=\"lazy\" src=\"https:\/\/www.europesays.com\/es\/wp-content\/uploads\/2025\/10\/_08MAX202510711400.jpg\" class=\"v-a-img\" width=\"650\" height=\"455\" alt=\"Primera piedra del Centro Territorial de RTVE en Castilla y Le\u00f3n.\" data-voc-vtm-id=\"in-text-traffic\"\/><\/p>\n<p>Primera piedra del Centro Territorial de RTVE en Castilla y Le\u00f3n.<\/p>\n<p>Ical<\/p>\n<p><img loading=\"lazy\" decoding=\"async\" src=\"https:\/\/www.europesays.com\/es\/wp-content\/uploads\/2025\/10\/_08MAX202510711400.jpg\" class=\"v-mdl__img-z\" width=\"1920\" height=\"1344\" alt=\"\"\/><\/p>\n<p class=\"v-p\">Iv\u00e1n Fern\u00e1ndez del R\u00edo, director del Centro, se\u00f1al\u00f3 que \u00abes un proyecto largamente deseado y la mayor inversi\u00f3n que hace RTVE en esta tierra desde hace m\u00e1s de 40 a\u00f1os. Muestra del compromiso de RTVE con Castilla y Le\u00f3n y con las personas que nos siguen a diario y nos utilizan para informarse. Pedro Recas destac\u00f3 que \u00abes s\u00edmbolo de renovaci\u00f3n, compromiso y de futuro, porque esta nueva sede nace con criterios de sostenibilidad y eficiencia energ\u00e9tica. Pretende superar la obsolescencia de las instalaciones actuales, optimizar recursos y ofrecer mejor servicio p\u00fablico a todos los ciudadanos de Castilla y Le\u00f3n. Un servicio que informa, entretiene y da voz a toda la Comunidad\u00bb.<\/p>\n<p>Una nueva sede moderna y sostenible<\/p>\n<p class=\"v-p\">La sede de TVE se encuentra desde 1982 en el antiguo Colegio Juan de Austria, donde ocupa alrededor de 2.300 metros cuadrados. Por su parte, RNE desarrolla su actividad en un local en propiedad de m\u00e1s de 800 metros cuadrados en el Paseo del Hospital Militar. Ambas sedes, separadas y con instalaciones que acusan el paso del tiempo, ser\u00e1n sustituidas por un nuevo inmueble moderno, sostenible y plenamente adaptado a las necesidades actuales de la corporaci\u00f3n.<\/p>\n<p class=\"v-p\">El nuevo Centro Territorial se ubicar\u00e1 en un terreno urbano de alrededor de 4.000 metros cuadrados en la Ciudad de la Comunicaci\u00f3n (Sector 25-1, calle Boston), a apenas dos kil\u00f3metros de la Plaza Mayor de Valladolid. <\/p>\n<p class=\"v-p\">El nuevo centro contar\u00e1 con un plat\u00f3 de televisi\u00f3n de 124 metros cuadrados, tres unidades control-locutorio para RNE -una de ellas equipada para captar im\u00e1genes televisivas-, dos cabinas de edici\u00f3n de v\u00eddeo, dos de locuci\u00f3n, una amplia redacci\u00f3n, y diversas zonas administrativas y t\u00e9cnicas. La superficie total del edificio ser\u00e1 de 2.785 metros cuadrados. Todo ello permitir\u00e1 una gesti\u00f3n m\u00e1s eficiente y coordinada de los recursos y contenidos de RTVE en la comunidad.<\/p>\n<p class=\"v-p\">En l\u00ednea con el compromiso medioambiental de la Corporaci\u00f3n, la nueva edificaci\u00f3n incorporar\u00e1 criterios de sostenibilidad y eficiencia energ\u00e9tica, siguiendo los est\u00e1ndares de la Certificaci\u00f3n VERDE del Consejo para la Edificaci\u00f3n Sostenible de Espa\u00f1a. El objetivo es alcanzar la m\u00e1xima calificaci\u00f3n posible: cinco hojas verdes.<\/p>\n<p class=\"v-p\">Con este proyecto, RTVE afirm\u00f3 que \u00abda un paso decisivo hacia un modelo de infraestructura moderna, funcional y respetuosa con el entorno, garantizando a la ciudadan\u00eda de Castilla y Le\u00f3n un servicio p\u00fablico audiovisual de calidad, vertebrador del territorio y comprometido con el futuro\u00bb.<\/p>\n<p>Reporta un error<\/p>\n","protected":false},"excerpt":{"rendered":"Lunes, 27 de octubre 2025, 20:42 El Centro Territorial de Castilla y Le\u00f3n de RTVE inicia una nueva&hellip;\n","protected":false},"author":2,"featured_media":204315,"comment_status":"","ping_status":"","sticky":false,"template":"","format":"standard","meta":{"footnotes":""},"categories":[171],"tags":[245,55956,2528,146,147,25,24,795,474,13655,1078,518,4569,23,55957,214],"class_list":{"0":"post-204314","1":"post","2":"type-post","3":"status-publish","4":"format-standard","5":"has-post-thumbnail","7":"category-tv","8":"tag-centro","9":"tag-colocan","10":"tag-comienzo","11":"tag-entertainment","12":"tag-entretenimiento","13":"tag-es","14":"tag-espana","15":"tag-nueva","16":"tag-obras","17":"tag-piedra","18":"tag-primera","19":"tag-rtve","20":"tag-sede","21":"tag-spain","22":"tag-territorial","23":"tag-tv"},"share_on_mastodon":{"url":"https:\/\/pubeurope.com\/@es\/115448281634605235","error":""},"_links":{"self":[{"href":"https:\/\/www.europesays.com\/es\/wp-json\/wp\/v2\/posts\/204314","targetHints":{"allow":["GET"]}}],"collection":[{"href":"https:\/\/www.europesays.com\/es\/wp-json\/wp\/v2\/posts"}],"about":[{"href":"https:\/\/www.europesays.com\/es\/wp-json\/wp\/v2\/types\/post"}],"author":[{"embeddable":true,"href":"https:\/\/www.europesays.com\/es\/wp-json\/wp\/v2\/users\/2"}],"replies":[{"embeddable":true,"href":"https:\/\/www.europesays.com\/es\/wp-json\/wp\/v2\/comments?post=204314"}],"version-history":[{"count":0,"href":"https:\/\/www.europesays.com\/es\/wp-json\/wp\/v2\/posts\/204314\/revisions"}],"wp:featuredmedia":[{"embeddable":true,"href":"https:\/\/www.europesays.com\/es\/wp-json\/wp\/v2\/media\/204315"}],"wp:attachment":[{"href":"https:\/\/www.europesays.com\/es\/wp-json\/wp\/v2\/media?parent=204314"}],"wp:term":[{"taxonomy":"category","embeddable":true,"href":"https:\/\/www.europesays.com\/es\/wp-json\/wp\/v2\/categories?post=204314"},{"taxonomy":"post_tag","embeddable":true,"href":"https:\/\/www.europesays.com\/es\/wp-json\/wp\/v2\/tags?post=204314"}],"curies":[{"name":"wp","href":"https:\/\/api.w.org\/{rel}","templated":true}]}}