{"id":204316,"date":"2025-10-27T21:35:10","date_gmt":"2025-10-27T21:35:10","guid":{"rendered":"https:\/\/www.europesays.com\/es\/204316\/"},"modified":"2025-10-27T21:35:10","modified_gmt":"2025-10-27T21:35:10","slug":"anthrax-mezclando-su-proxima-obra-tommy-vetterli-explica-la-tardanza-del-disco-de-coroner-tailgunner-teloneros-de-hammerfall","status":"publish","type":"post","link":"https:\/\/www.europesays.com\/es\/204316\/","title":{"rendered":"ANTHRAX mezclando su pr\u00f3xima obra. Tommy Vetterli explica la tardanza del disco de CORONER. TAILGUNNER teloneros de HAMMERFALL."},"content":{"rendered":"<p>\u00a0<\/p>\n<p style=\"text-align: center;\"><strong><a href=\"#ANTHRAX\">ANTHRAX mezclando su pr\u00f3xima obra<\/a> \u2013 <a href=\"#CORONER2\">Tommy Vetterli explica la tardanza del disco de CORONER<\/a> \u2013 <a href=\"#TAILGUNNER\">TAILGUNNER teloneros de HAMMERFALL<\/a>.<\/strong><\/p>\n<p>El bajista de <a href=\"https:\/\/www.anthrax.com\/\" target=\"_blank\" rel=\"noopener nofollow\"><strong>ANTHRAX<\/strong><\/a> Frank Bello ha hablado con Thomann\u2019s Guitars &amp; Basses del <a href=\"https:\/\/www.rafabasa.com\/2025\/07\/28\/anthrax-the-69-eyes-d-a-d-coroner\/#ANTHRAX\" rel=\"nofollow noopener\" target=\"_blank\">pr\u00f3ximo disco<\/a> del grupo.<\/p>\n<p>\u00abCreo que han pasado 10 a\u00f1os desde el \u00faltimo disco de ANTHRAX y me parece una locura. Tenemos muchas, muchas ganas porque ahora mismo estamos mezclando. Estoy muy emocionado. Estamos mezclando y vamos a poder escucharlo todo por fin. Escucharlo es algo que hace que tome vida despu\u00e9s de todo esto, y ahora todo est\u00e1 cerrado.\u201d<\/p>\n<p>Ten\u00e9is la charla completa a continuaci\u00f3n.<\/p>\n<p><a href=\"https:\/\/www.anthrax.com\/\" target=\"_blank\" rel=\"noopener nofollow\"><strong>ANTHRAX<\/strong><\/a> y MEGADETH ser\u00e1n las bandas invitadas de la gira norteamericana de IRON MAIDEN<\/p>\n<p>Su \u00faltimo directo \u201cXL\u201d sali\u00f3 el 15 de julio de 2022 a trav\u00e9s de Nuclear Blast.<\/p>\n<p>M\u00e1s detalles en esta <a href=\"https:\/\/www.rafabasa.com\/2022\/06\/01\/anthrax-sinister-ataraxy\/#ANTHRAX\" target=\"_blank\" rel=\"noopener nofollow\">noticia<\/a> y su \u00faltimo adelanto en <a href=\"https:\/\/www.rafabasa.com\/2022\/06\/25\/adelanto-del-directo-de-anthrax-dynazty-estrenan-video-lyric-video-de-darkane\/#ANTHRAX\" target=\"_blank\" rel=\"noopener nofollow\">esta<\/a>.<\/p>\n<p>Otras informaciones sobre el grupo en este <a href=\"https:\/\/www.rafabasa.com\/2022\/11\/01\/nuevo-periplo-americano-de-anthrax-y-black-label-society-dvd-en-directo-de-wendy-o-williams-novedades-de-la-banda-de-rick-hunolt-die-humane\/#ANTHRAX_BLACK_LABEL_SOCIETY\" target=\"_blank\" rel=\"noopener nofollow\">bloque<\/a>.<\/p>\n<p>\u00a0<\/p>\n<p>El guitarrista de <a href=\"https:\/\/www.facebook.com\/coronerband\" target=\"_blank\" rel=\"noopener nofollow\"><strong>CORONER<\/strong><\/a> Tommy Vetterli ha explicado porque han tardado tanto en sacar un nuevo disco durante una entrevista con 213 Rock Harrag Melodica Live.<\/p>\n<p>\u00abFirmamos el contrato discogr\u00e1fico en 2014 o 2015 y empezamos a componer. El problema es que la vida se interpone, pasaron muchas cosas. Hubo gente que muri\u00f3, yo pas\u00e9 por un divorcio, y despu\u00e9s vino el Coronavirus. No obstante el principal motivo por el que ha llevado tanto tiempo probablemente haya sido mi trabajo diario. Soy productor, tengo mi estudio y trabajo con muchas bandas, y cuando estoy todo el d\u00eda grabando, es dif\u00edcil ser creativo a \u00faltima hora. A \u00faltima hora odio la m\u00fasica.\u201d<\/p>\n<p>Ten\u00e9is la charla completa a continuaci\u00f3n.<\/p>\n<p><a href=\"https:\/\/www.facebook.com\/coronerband\" target=\"_blank\" rel=\"noopener nofollow\"><strong>CORONER<\/strong><\/a> editaron el 17 de octubre a trav\u00e9s de Century Media Records un nuevo disco titulado \u201cDissonance Theory\u201d.<\/p>\n<p>Todos los detalles en esta <a href=\"https:\/\/www.rafabasa.com\/2025\/08\/16\/paradise-lost-coroner-darkness\/#CORONER2\" rel=\"nofollow noopener\" target=\"_blank\">noticia<\/a> y los v\u00eddeos aparecidos en <a href=\"https:\/\/www.rafabasa.com\/2025\/10\/19\/sabaton-battle-beast-coroner-ciudad-olvido\/#CORONER\" rel=\"nofollow noopener\" target=\"_blank\">esta<\/a>.<\/p>\n<p>Ten\u00e9is la cr\u00edtica del disco en este <a href=\"https:\/\/www.rafabasa.com\/2025\/10\/22\/critica-del-cd-de-coroner-dissonance-theory\/\" rel=\"nofollow noopener\" target=\"_blank\">enlace<\/a>.<\/p>\n<p>\u00a0<\/p>\n<p><strong>TAILGUNNER<\/strong> ser\u00e1n los teloneros de la <a href=\"https:\/\/www.rafabasa.com\/2025\/05\/07\/hammerfall-anuncian-gira-por-espana-en-enero-de-2026\/\" rel=\"nofollow noopener\" target=\"_blank\">pr\u00f3xima gira<\/a> de <a href=\"https:\/\/www.hammerfall.net\/\" target=\"_blank\" rel=\"noopener nofollow\"><strong>HAMMERFALL<\/strong><\/a>.<\/p>\n<p>La banda ha fichado con Napalm Records para editar su <a href=\"https:\/\/www.rafabasa.com\/2025\/09\/24\/tailgunner-fichan-con-napalm-records-producidos-por-el-exguitarrista-de-judas-priest-k-k-downing\/\" rel=\"nofollow noopener\" target=\"_blank\">pr\u00f3ximo disco<\/a>.<\/p>\n<p>Su nuevo disco \u201cGuns For Hire\u201d sali\u00f3 el 14 de julio de 2023 a trav\u00e9s de Fireflash Records.<\/p>\n<p>M\u00e1s detalles en esta <a href=\"https:\/\/www.rafabasa.com\/2023\/05\/12\/video-en-directo-de-metallica-para-72-seasons-video-de-deathstars-debut-de-tailgunner\/#TAILGUNNER\" target=\"_blank\" rel=\"noopener nofollow\">noticia<\/a> y los v\u00eddeos aparecidos en <a href=\"https:\/\/www.rafabasa.com\/2023\/07\/14\/chris-boltendhals-steelhammer-warmen-tailgunner\/#TAILGUNNER\" target=\"_blank\" rel=\"noopener nofollow\">esta<\/a>.<\/p>\n<p><img fetchpriority=\"high\" decoding=\"async\" src=\"https:\/\/www.europesays.com\/es\/wp-content\/uploads\/2025\/10\/cartel_con_telonero.jpg\" alt=\"Hammerfall\" width=\"500\" height=\"500\"\/><\/p>\n<p align=\"center\"><strong>Sigue el\u00a0<a href=\"https:\/\/whatsapp.com\/channel\/0029VaCprxVBA1f555USvT2O\" target=\"_blank\" rel=\"nofollow noopener\">Canal de RAFABASA.COM en WhatsApp<\/a>, donde encontrar\u00e1s todas nuestras novedades al instante<\/strong><\/p>\n<p>\u00a0<\/p>\n<p>\u00a0<\/p>\n<p>\u00a0<\/p>\n<p>\u00a0<\/p>\n<p>\u00a0<\/p>\n","protected":false},"excerpt":{"rendered":"\u00a0 ANTHRAX mezclando su pr\u00f3xima obra \u2013 Tommy Vetterli explica la tardanza del disco de CORONER \u2013 TAILGUNNER&hellip;\n","protected":false},"author":2,"featured_media":204317,"comment_status":"","ping_status":"","sticky":false,"template":"","format":"standard","meta":{"footnotes":""},"categories":[170],"tags":[54490,39923,146,147,25,24,184,185,23,43224],"class_list":{"0":"post-204316","1":"post","2":"type-post","3":"status-publish","4":"format-standard","5":"has-post-thumbnail","7":"category-musica","8":"tag-anthrax","9":"tag-coroner","10":"tag-entertainment","11":"tag-entretenimiento","12":"tag-es","13":"tag-espana","14":"tag-music","15":"tag-musica","16":"tag-spain","17":"tag-tailgunner"},"share_on_mastodon":{"url":"https:\/\/pubeurope.com\/@es\/115448284765848820","error":""},"_links":{"self":[{"href":"https:\/\/www.europesays.com\/es\/wp-json\/wp\/v2\/posts\/204316","targetHints":{"allow":["GET"]}}],"collection":[{"href":"https:\/\/www.europesays.com\/es\/wp-json\/wp\/v2\/posts"}],"about":[{"href":"https:\/\/www.europesays.com\/es\/wp-json\/wp\/v2\/types\/post"}],"author":[{"embeddable":true,"href":"https:\/\/www.europesays.com\/es\/wp-json\/wp\/v2\/users\/2"}],"replies":[{"embeddable":true,"href":"https:\/\/www.europesays.com\/es\/wp-json\/wp\/v2\/comments?post=204316"}],"version-history":[{"count":0,"href":"https:\/\/www.europesays.com\/es\/wp-json\/wp\/v2\/posts\/204316\/revisions"}],"wp:featuredmedia":[{"embeddable":true,"href":"https:\/\/www.europesays.com\/es\/wp-json\/wp\/v2\/media\/204317"}],"wp:attachment":[{"href":"https:\/\/www.europesays.com\/es\/wp-json\/wp\/v2\/media?parent=204316"}],"wp:term":[{"taxonomy":"category","embeddable":true,"href":"https:\/\/www.europesays.com\/es\/wp-json\/wp\/v2\/categories?post=204316"},{"taxonomy":"post_tag","embeddable":true,"href":"https:\/\/www.europesays.com\/es\/wp-json\/wp\/v2\/tags?post=204316"}],"curies":[{"name":"wp","href":"https:\/\/api.w.org\/{rel}","templated":true}]}}