{"id":204330,"date":"2025-10-27T21:43:11","date_gmt":"2025-10-27T21:43:11","guid":{"rendered":"https:\/\/www.europesays.com\/es\/204330\/"},"modified":"2025-10-27T21:43:11","modified_gmt":"2025-10-27T21:43:11","slug":"el-salto-edicion-general-16","status":"publish","type":"post","link":"https:\/\/www.europesays.com\/es\/204330\/","title":{"rendered":"&#8211; El Salto &#8211; Edici\u00f3n General"},"content":{"rendered":"<p>El calendario de la pol\u00edtica <a href=\"https:\/\/www.elsaltodiario.com\/extremadura-\/director-general-turismo-cesado-darle-un-botellazo-cabeza-al-marido-una-concejala-del-psoe\" target=\"_blank\" rel=\"nofollow noopener\">extreme\u00f1a<\/a> ha dado un vuelco este lunes en el que la presidenta de la comunidad, <a href=\"https:\/\/es.wikipedia.org\/wiki\/Mar%C3%ADa_Guardiola\" target=\"_blank\" rel=\"nofollow noopener\">Mar\u00eda Guardiola<\/a> del Partido Popular, ha anunciado que las elecciones territoriales se adelantar\u00e1n al pr\u00f3ximo domingo 21 de diciembre. Una decisi\u00f3n que surge tras el fracaso de las negociaciones con el resto de partidos pol\u00edticos para dar luz verde al presupuesto regional de 2026.<\/p>\n<p>Guardiola ha firmado el decreto por el cual se le permite adelantar unos comicios y ha tildado a los grupos de oposici\u00f3n de \u201cirresponsables\u201d por paralizar la puesta en marcha de las cuentas territoriales. \u201cSin Presupuestos no tenemos herramientas para seguir creando empleo y proteger a las familias\u201d, se ha quejado la presidenta de Extremadura.<\/p>\n<p>Las elecciones en este territorio estaban previstas para 2027.<\/p>\n","protected":false},"excerpt":{"rendered":"El calendario de la pol\u00edtica extreme\u00f1a ha dado un vuelco este lunes en el que la presidenta de&hellip;\n","protected":false},"author":2,"featured_media":204331,"comment_status":"","ping_status":"","sticky":false,"template":"","format":"standard","meta":{"footnotes":""},"categories":[8],"tags":[517,17,18,54253,25,24,13,14,11,19,20,9,10,15,16,7499,23,12,21,22],"class_list":{"0":"post-204330","1":"post","2":"type-post","3":"status-publish","4":"format-standard","5":"has-post-thumbnail","7":"category-espana","8":"tag-actualidad","9":"tag-breaking-news","10":"tag-breakingnews","11":"tag-elecciones-autonomicas","12":"tag-es","13":"tag-espana","14":"tag-featured-news","15":"tag-featurednews","16":"tag-headlines","17":"tag-latest-news","18":"tag-latestnews","19":"tag-news","20":"tag-noticias","21":"tag-noticias-destacadas","22":"tag-noticiasdestacadas","23":"tag-partido-popular","24":"tag-spain","25":"tag-titulares","26":"tag-ultimas-noticias","27":"tag-ultimasnoticias"},"share_on_mastodon":{"url":"https:\/\/pubeurope.com\/@es\/115448316203880837","error":""},"_links":{"self":[{"href":"https:\/\/www.europesays.com\/es\/wp-json\/wp\/v2\/posts\/204330","targetHints":{"allow":["GET"]}}],"collection":[{"href":"https:\/\/www.europesays.com\/es\/wp-json\/wp\/v2\/posts"}],"about":[{"href":"https:\/\/www.europesays.com\/es\/wp-json\/wp\/v2\/types\/post"}],"author":[{"embeddable":true,"href":"https:\/\/www.europesays.com\/es\/wp-json\/wp\/v2\/users\/2"}],"replies":[{"embeddable":true,"href":"https:\/\/www.europesays.com\/es\/wp-json\/wp\/v2\/comments?post=204330"}],"version-history":[{"count":0,"href":"https:\/\/www.europesays.com\/es\/wp-json\/wp\/v2\/posts\/204330\/revisions"}],"wp:featuredmedia":[{"embeddable":true,"href":"https:\/\/www.europesays.com\/es\/wp-json\/wp\/v2\/media\/204331"}],"wp:attachment":[{"href":"https:\/\/www.europesays.com\/es\/wp-json\/wp\/v2\/media?parent=204330"}],"wp:term":[{"taxonomy":"category","embeddable":true,"href":"https:\/\/www.europesays.com\/es\/wp-json\/wp\/v2\/categories?post=204330"},{"taxonomy":"post_tag","embeddable":true,"href":"https:\/\/www.europesays.com\/es\/wp-json\/wp\/v2\/tags?post=204330"}],"curies":[{"name":"wp","href":"https:\/\/api.w.org\/{rel}","templated":true}]}}