{"id":204332,"date":"2025-10-27T21:44:20","date_gmt":"2025-10-27T21:44:20","guid":{"rendered":"https:\/\/www.europesays.com\/es\/204332\/"},"modified":"2025-10-27T21:44:20","modified_gmt":"2025-10-27T21:44:20","slug":"al-menos-seis-heridos-tras-descarrilar-un-tren-de-cercanias-en-la-estacion-de-san-fernando-de-henares-en-madrid","status":"publish","type":"post","link":"https:\/\/www.europesays.com\/es\/204332\/","title":{"rendered":"Al menos seis heridos tras descarrilar un tren de Cercan\u00edas en la estaci\u00f3n de San Fernando de Henares, en Madrid"},"content":{"rendered":"<p style=\"\">Un tren de Cercan\u00edas ha descarrilado este lunes en las inmediaciones de la estaci\u00f3n de San Fernando de Henares por causas a\u00fan desconocidas y ha dejado <strong>al menos seis heridos leves<\/strong>, seg\u00fan han informado fuentes del Ministerio de Transportes y de <a href=\"https:\/\/www.abc.es\/noticias\/renfe\/\" title=\"www.abc.es\" data-voc-vtm-id=\"in-text-traffic\" data-mrf-link=\"www.abc.es\" rel=\"nofollow noopener\" target=\"_blank\">Renfe<\/a>.<\/p>\n<p style=\"\">Los  &#8230; hechos se han producido a las 15.26 horas cuando el tren de Cercan\u00edas 21541 que <strong>cubre el trayecto entre Guadalajara y Chamart\u00edn <\/strong>ha descarrilado en la v\u00eda 1 en <a href=\"https:\/\/www.abc.es\/noticias\/san-fernando-de-henares\/\" title=\"www.abc.es\" data-voc-vtm-id=\"in-text-traffic\" data-mrf-link=\"www.abc.es\" rel=\"nofollow noopener\" target=\"_blank\">San Fernando de Henares<\/a>, seg\u00fan han indicado fuentes de Renfe.<\/p>\n<p class=\"voc-p\" style=\"\">El convoy se ha salido del eje de la v\u00eda <strong>cuando se proced\u00eda al cambio de aguja<\/strong> al aproximarse a la estaci\u00f3n, seg\u00fan han apuntado fuentes de Adif. Desde el 112 han se\u00f1alado que el vag\u00f3n que ha descarrilado ha sido el quinto y \u00faltimo del tren.<\/p>\n<p class=\"voc-p\" style=\"\">Como consecuencia de ello, a las 15.53 horas los servicios de emergencia han solicitado el <strong>corte urgente de tensi\u00f3n en la estaci\u00f3n de San Fernando, <\/strong>y la circulaci\u00f3n de trenes ha quedado suspendida en este punto. Debido a ello, los convoyes de las l\u00edneas C-2, C-7 y C-8 sufren sufriendo demoras y detenciones prolongadas.<\/p>\n<p class=\"voc-p\" style=\"\">Hasta el lugar se han trasladado<strong> numerosas dotaciones de los servicios de emergencias<\/strong>, incluidos agentes de la Polic\u00eda Local y Guardia Civil, as\u00ed como Bomberos de la Comunidad de Madrid y personal sanitario del SUMMA 112, seg\u00fan han informado fuentes de Emergencias 112.<\/p>\n<p>\nRetirada del tren accidentado de la v\u00eda\n<\/p>\n<p class=\"voc-p\" style=\"\">Renfe y Adif trabajan ya para <strong>determinar las causas de lo ocurrido<\/strong> y garantizar la seguridad de la v\u00eda. Personal de las compa\u00f1\u00edas trabajan en la retirada del tren accidentado de la v\u00eda.<\/p>\n<p class=\"voc-p\" style=\"\">Desde Renfe se ha establecido <strong>un servicio especial de autobuses lanzadera <\/strong>entre Guadalajara y San Fernando de Henares, en ambos sentidos. Por su parte, el Gobierno regional ha reforzado los interurbanos del Corredor del Henares y la l\u00ednea 9 de Metro. <\/p>\n<p class=\"voc-title\">Como alternativa, se han reforzado con 5 autobuses las l\u00edneas 281 y 287, y un 10% la frecuencia de la L9<\/p>\n<p class=\"voc-p\" style=\"\">En concreto, ha incrementado los autobuses interurbanos que prestan servicio en las l\u00edneas 281 y 287, que conectan la capital con los municipios del Corredor del Henares. En total, se ha reforzado con 5 autobuses y un jefe de tr\u00e1fico desplazado hasta la zona para organizar el servicio y poder atender toda la demanda provocada por la interrupci\u00f3n del servicio ferroviario. Adem\u00e1s, Metro de Madrid tambi\u00e9n ha aumentado un 10% la frecuencia de trenes en la L\u00ednea 9 de Metro de Madrid y ha incrementado el personal de atenci\u00f3n al usuario en las estaciones con mayor demanda de viajeros.<\/p>\n<p class=\"voc-p\" style=\"\">Como consecuencia del corte de la l\u00ednea en ese punto, entre las estaciones de Coslada y San Fernando de Henares, los trenes desde Atocha circular\u00e1n <strong>hasta la estaci\u00f3n de Vic\u00e1lvaro<\/strong>, donde rotar\u00e1n sentido Atocha-Chamart\u00edn. As\u00ed, queda interrumpido el servicio entre las estaciones de Vic\u00e1lvaro y Alcal\u00e1 de Henares.<\/p>\n<p>\n\u00abNo puede volver a ocurrir\u00bb\n<\/p>\n<p class=\"voc-p\" style=\"\">La Comunidad de Madrid tras el descarrilamiento de Cercan\u00edas entre San Fernando de Henares y Torrej\u00f3n de Ardoz ha exigido al Gobierno que \u00abse tome en serio la seguridad de los pasajeros\u00bb: \u00abEsto no puede volver a ocurrir\u00bb, ha pedido el consejero de Presidencia, Justicia e Interior de la Comunidad de Madrid, Miguel \u00c1ngel Garc\u00eda.<\/p>\n<p class=\"voc-title\">\u00abExigimos al Gobierno central que se tome en serio la seguridad del Cercan\u00edas, que invierta en el Cercan\u00edas y el sistema ferroviario de nuestro pa\u00eds\u00bb<\/p>\n<p class=\"voc-article-position__name\">Miguel \u00c1ngel Garc\u00eda<\/p>\n<p class=\"voc-article-position__employ\">Consejero de Presidencia, Justicia e Interior de la Comunidad de Madrid<\/p>\n<p class=\"voc-p\" style=\"\">\u00abLo primero, desear una pronta recuperaci\u00f3n a todos los heridos. Esto no puede volver a ocurrir. Exigimos al Gobierno central que se tome en serio la seguridad del Cercan\u00edas, que invierta en el Cercan\u00edas y el sistema ferroviario de nuestro pa\u00eds\u00bb, ha incidido.<\/p>\n<p class=\"voc-p\" style=\"\">\u00abY al se\u00f1or Puente que deje de tuitear y que se ocupe de las importantes competencias que tiene su Ministerio. Desde el Consorcio Regional de Transportes ya hemos puesto las medidas necesarias para garantizar la movilidad en la zona, con un refuerzo de las l\u00edneas de autobuses interurbanos en el Corredor del Henares y tambi\u00e9n con un refuerzo de la l\u00ednea 9 de Metro de Madrid. Insistimos, pedimos que se tomen en serio la seguridad de todos y cada uno de los pasajeros de Cercan\u00edas en nuestra regi\u00f3n\u00bb, ha zanjado.<\/p>\n<p class=\"voc-title\">\u00abSe est\u00e1 estudiando actualmente cu\u00e1les han podido ser las causas de ese descarrilamiento\u00bb<\/p>\n<p class=\"voc-article-position__name\">Javier Corpa<\/p>\n<p class=\"voc-article-position__employ\">Alcalde de San Fernando de Henares<\/p>\n<p class=\"voc-p\" style=\"\">A su vez, el alcalde de San Fernando de Henares, Javier Corpa, ha informado de que, una vez el delegado del Gobierno, Francisco Mart\u00edn, se ha puesto en contacto con \u00e9l para trasladarle los primeros datos, se ha trasladado hasta el lugar de los hechos para conocer en primera persona lo ocurrido. \u00abSe est\u00e1 estudiando actualmente cu\u00e1les han podido ser las causas de ese descarrilamiento\u00bb, ha se\u00f1alado Corpa, quien ha destacado que afortunadamente no hay heridos graves, y ha puesto en valor la r\u00e1pida respuesta de los servicios de emergencia, incluida la Polic\u00eda Nacional y la Polic\u00eda Local de Coslada y San Fernando de Henares.<\/p>\n","protected":false},"excerpt":{"rendered":"Un tren de Cercan\u00edas ha descarrilado este lunes en las inmediaciones de la estaci\u00f3n de San Fernando de&hellip;\n","protected":false},"author":2,"featured_media":204333,"comment_status":"","ping_status":"","sticky":false,"template":"","format":"standard","meta":{"footnotes":""},"categories":[5],"tags":[17,18,8174,55958,25,24,22957,13,14,2421,11,36110,11225,19,20,23814,205,9,10,15,16,2228,23,12,575,15865,21,22,12985],"class_list":{"0":"post-204332","1":"post","2":"type-post","3":"status-publish","4":"format-standard","5":"has-post-thumbnail","7":"category-titulares","8":"tag-breaking-news","9":"tag-breakingnews","10":"tag-cercanias","11":"tag-descarrilar","12":"tag-es","13":"tag-espana","14":"tag-estacion","15":"tag-featured-news","16":"tag-featurednews","17":"tag-fernando","18":"tag-headlines","19":"tag-henares","20":"tag-heridos","21":"tag-latest-news","22":"tag-latestnews","23":"tag-leves","24":"tag-madrid","25":"tag-news","26":"tag-noticias","27":"tag-noticias-destacadas","28":"tag-noticiasdestacadas","29":"tag-san","30":"tag-spain","31":"tag-titulares","32":"tag-tras","33":"tag-tren","34":"tag-ultimas-noticias","35":"tag-ultimasnoticias","36":"tag-varios"},"share_on_mastodon":{"url":"https:\/\/pubeurope.com\/@es\/115448320038044915","error":""},"_links":{"self":[{"href":"https:\/\/www.europesays.com\/es\/wp-json\/wp\/v2\/posts\/204332","targetHints":{"allow":["GET"]}}],"collection":[{"href":"https:\/\/www.europesays.com\/es\/wp-json\/wp\/v2\/posts"}],"about":[{"href":"https:\/\/www.europesays.com\/es\/wp-json\/wp\/v2\/types\/post"}],"author":[{"embeddable":true,"href":"https:\/\/www.europesays.com\/es\/wp-json\/wp\/v2\/users\/2"}],"replies":[{"embeddable":true,"href":"https:\/\/www.europesays.com\/es\/wp-json\/wp\/v2\/comments?post=204332"}],"version-history":[{"count":0,"href":"https:\/\/www.europesays.com\/es\/wp-json\/wp\/v2\/posts\/204332\/revisions"}],"wp:featuredmedia":[{"embeddable":true,"href":"https:\/\/www.europesays.com\/es\/wp-json\/wp\/v2\/media\/204333"}],"wp:attachment":[{"href":"https:\/\/www.europesays.com\/es\/wp-json\/wp\/v2\/media?parent=204332"}],"wp:term":[{"taxonomy":"category","embeddable":true,"href":"https:\/\/www.europesays.com\/es\/wp-json\/wp\/v2\/categories?post=204332"},{"taxonomy":"post_tag","embeddable":true,"href":"https:\/\/www.europesays.com\/es\/wp-json\/wp\/v2\/tags?post=204332"}],"curies":[{"name":"wp","href":"https:\/\/api.w.org\/{rel}","templated":true}]}}