{"id":204377,"date":"2025-10-27T22:18:10","date_gmt":"2025-10-27T22:18:10","guid":{"rendered":"https:\/\/www.europesays.com\/es\/204377\/"},"modified":"2025-10-27T22:18:10","modified_gmt":"2025-10-27T22:18:10","slug":"una-joya-de-la-modernidad-en-el-corazon-de-madrid","status":"publish","type":"post","link":"https:\/\/www.europesays.com\/es\/204377\/","title":{"rendered":"una joya de la modernidad en el coraz\u00f3n de Madrid"},"content":{"rendered":"<p>A comienzos del siglo XX, <a href=\"https:\/\/www.espanafascinante.com\/articulo\/lugares\/maravillas-madrid-ciudad\/20241114131342281204.html\" rel=\"nofollow noopener\" target=\"_blank\">Madrid<\/a> viv\u00eda un proceso de transformaci\u00f3n que la encaminaba hacia la modernidad. Las calles del centro se llenaban de autom\u00f3viles, luces el\u00e9ctricas y <strong>nuevas formas de vida urbana<\/strong>.\u00a0<\/p>\n<p>En ese ambiente, surgi\u00f3 la ambici\u00f3n de construir <strong>un edificio que representara el progreso<\/strong>, los avances en\u00a0comunicaci\u00f3n y la innovaci\u00f3n tecnol\u00f3gica. Un edificio que, por su altura y su audacia, cambiar\u00eda para siempre el perfil de la ciudad.<\/p>\n<p>El Edificio Telef\u00f3nica, pionero de los cielos madrile\u00f1os<\/p>\n<p>En pleno coraz\u00f3n de la Gran V\u00eda se alza el Edificio Telef\u00f3nica, inaugurado en 1929. Con <strong>sus 89 metros de altura y sus 14 plantas<\/strong>, fue considerado el primer rascacielos de Espa\u00f1a y uno de los m\u00e1s altos de Europa en su \u00e9poca. Su presencia marc\u00f3 un hito arquitect\u00f3nico y se convirti\u00f3 r\u00e1pidamente en s\u00edmbolo de la modernidad <a href=\"https:\/\/www.espanafascinante.com\/articulo\/historia\/madrid-cielo-origen-expresion-madrilena\/20230118112100275684.html\" rel=\"nofollow noopener\" target=\"_blank\">madrile\u00f1a<\/a> y del desarrollo de las telecomunicaciones en el pa\u00eds.<\/p>\n<p>Una arquitectura entre dos mundos: tradici\u00f3n y modernidad<\/p>\n<p><img decoding=\"async\" width=\"1600\" height=\"900\" alt=\"Fachada del Edificio Telef\u00f3nica. | Dreamstime\" src=\"https:\/\/www.europesays.com\/es\/wp-content\/uploads\/2025\/10\/2025102710592933228.jpg\" loading=\"lazy\"  \/><br \/>\nFachada del Edificio Telef\u00f3nica. | Dreamstime<\/p>\n<p>El dise\u00f1o del Edificio Telef\u00f3nica combina la elegancia de la arquitectura espa\u00f1ola con la influencia de los <a href=\"https:\/\/www.espanafascinante.com\/articulo\/lugares\/10-rascacielos-mas-altos-espana\/20250203100005275748.html\" rel=\"nofollow noopener\" target=\"_blank\">rascacielos<\/a> estadounidenses. <strong>Su autor, el arquitecto Ignacio de C\u00e1rdenas Pastor<\/strong>, se inspir\u00f3 en las torres neoyorquinas que hab\u00eda estudiado durante su estancia en Estados Unidos, especialmente en el Barclay-Vesey Building de Ralph Walker.<\/p>\n<p>El resultado es una obra que equilibra solidez y verticalidad: una base robusta de piedra caliza que asciende en forma escalonada hasta una c\u00faspide coronada por una <a href=\"https:\/\/www.espanafascinante.com\/articulo\/lugares\/torres-mas-bonitas-espana\/20240311220057276195.html\" rel=\"nofollow noopener\" target=\"_blank\">torre<\/a> ornamental. Los detalles decorativos, de inspiraci\u00f3n <a href=\"https:\/\/www.espanafascinante.com\/tags\/barroco\/\" rel=\"nofollow noopener\" target=\"_blank\">barroca<\/a> y herreriana, <strong>anclan el edificio en la tradici\u00f3n espa\u00f1ola<\/strong>, pero su estructura met\u00e1lica y su funcionalidad t\u00e9cnica lo sit\u00faan en la vanguardia internacional de su tiempo.<\/p>\n<p>El reto de su construcci\u00f3n<\/p>\n<p><img decoding=\"async\" width=\"1600\" height=\"899\" alt=\"El Edificio Telef\u00f3nica sobre los tejados de Madrid. | Shutterstock\" src=\"https:\/\/www.europesays.com\/es\/wp-content\/uploads\/2025\/10\/2025102710594395320.jpg\" loading=\"lazy\"  \/><br \/>\nEl Edificio Telef\u00f3nica sobre los tejados de Madrid. | Shutterstock<\/p>\n<p>La construcci\u00f3n comenz\u00f3 en 1926 bajo la direcci\u00f3n de Ignacio de C\u00e1rdenas y el apoyo t\u00e9cnico del ingeniero estadounidense Lewis S. Weeks, representante de la International Telephone and Telegraph Company. <strong>La obra avanz\u00f3 a un ritmo vertiginoso para la \u00e9poca<\/strong>: en apenas tres a\u00f1os se levant\u00f3 una estructura que combinaba materiales modernos \u2014acero, hormig\u00f3n y <a href=\"https:\/\/www.espanafascinante.com\/articulo\/lugares\/edificios_cristal_espana\/20200916080022274207.html\" rel=\"nofollow noopener\" target=\"_blank\">vidrio<\/a>\u2014 con una cuidada ornamentaci\u00f3n artesanal.<\/p>\n<p>Durante la Guerra Civil, el edificio se convirti\u00f3 en un punto estrat\u00e9gico, <strong>utilizado como observatorio y sede de la prensa extranjera<\/strong>, un hecho que consolid\u00f3 su papel como testigo de los acontecimientos m\u00e1s trascendentes del siglo XX en <a href=\"https:\/\/www.espanafascinante.com\/articulo\/lugares\/rincones-maravillosos-madrid-conocer-ciudad\/20241230220013275990.html\" rel=\"nofollow noopener\" target=\"_blank\">Madrid<\/a>.<\/p>\n<p>Un s\u00edmbolo que mira al cielo<\/p>\n<p><img decoding=\"async\" width=\"1600\" height=\"899\" alt=\"El Edificio Telef\u00f3nica, en el coraz\u00f3n de la Gran V\u00eda. | Dreamstime\" src=\"https:\/\/www.europesays.com\/es\/wp-content\/uploads\/2025\/10\/2025102710595755849.jpg\" loading=\"lazy\"  \/><br \/>\nEl Edificio Telef\u00f3nica, en el coraz\u00f3n de la Gran V\u00eda. | Dreamstime<\/p>\n<p>El Edificio Telef\u00f3nica representa un logro <a href=\"https:\/\/www.espanafascinante.com\/articulo\/lugares\/13-joyas-de-la-arquitectura-contemporanea-en-espana\/20200617070005273914.html\" rel=\"nofollow noopener\" target=\"_blank\">arquitect\u00f3nico<\/a>, pero tambi\u00e9n <strong>es un s\u00edmbolo de la modernidad y las telecomunicaciones<\/strong>. Su silueta, visible desde muchos puntos de la ciudad, marc\u00f3 el inicio del skyline madrile\u00f1o y reflej\u00f3 la entrada de Espa\u00f1a en la era de la verticalidad urbana.<\/p>\n<p>Hoy, restaurado y <strong>convertido en un espacio cultural abierto al p\u00fablico<\/strong>, el edificio contin\u00faa siendo un referente de innovaci\u00f3n y memoria. En \u00e9l se condensan casi 100 a\u00f1os de historia: la aspiraci\u00f3n de una ciudad que quiso tocar el cielo y la huella indeleble del progreso en piedra y acero.<\/p>\n<p><a target=\"_blank\" href=\"https:\/\/www.whatsapp.com\/channel\/0029VaEaCxq3mFY3N4YzTk01\" rel=\"nofollow noopener\">Sigue nuestro canal de WhatsApp para descubrir lo m\u00e1s fascinante de Espa\u00f1a \ud83d\ude0d\ud83c\udf89<\/a><\/p>\n","protected":false},"excerpt":{"rendered":"A comienzos del siglo XX, Madrid viv\u00eda un proceso de transformaci\u00f3n que la encaminaba hacia la modernidad. Las&hellip;\n","protected":false},"author":2,"featured_media":204378,"comment_status":"","ping_status":"","sticky":false,"template":"","format":"standard","meta":{"footnotes":""},"categories":[173],"tags":[801,229,233,231,230,1467,28653,232,234,11136,146,147,25,24,205,28330,28328,55960,23],"class_list":{"0":"post-204377","1":"post","2":"type-post","3":"status-publish","4":"format-standard","5":"has-post-thumbnail","7":"category-arte-y-diseno","8":"tag-arquitectura","9":"tag-arte","10":"tag-arte-y-diseno","11":"tag-arts","12":"tag-arts-and-design","13":"tag-comunidad-de-madrid","14":"tag-contemporaneo","15":"tag-design","16":"tag-diseno","17":"tag-edificios","18":"tag-entertainment","19":"tag-entretenimiento","20":"tag-es","21":"tag-espana","22":"tag-madrid","23":"tag-records-de-espana","24":"tag-rincones-excepcionales","25":"tag-siglos-xx-y-xxi","26":"tag-spain"},"share_on_mastodon":{"url":"https:\/\/pubeurope.com\/@es\/115448453683047732","error":""},"_links":{"self":[{"href":"https:\/\/www.europesays.com\/es\/wp-json\/wp\/v2\/posts\/204377","targetHints":{"allow":["GET"]}}],"collection":[{"href":"https:\/\/www.europesays.com\/es\/wp-json\/wp\/v2\/posts"}],"about":[{"href":"https:\/\/www.europesays.com\/es\/wp-json\/wp\/v2\/types\/post"}],"author":[{"embeddable":true,"href":"https:\/\/www.europesays.com\/es\/wp-json\/wp\/v2\/users\/2"}],"replies":[{"embeddable":true,"href":"https:\/\/www.europesays.com\/es\/wp-json\/wp\/v2\/comments?post=204377"}],"version-history":[{"count":0,"href":"https:\/\/www.europesays.com\/es\/wp-json\/wp\/v2\/posts\/204377\/revisions"}],"wp:featuredmedia":[{"embeddable":true,"href":"https:\/\/www.europesays.com\/es\/wp-json\/wp\/v2\/media\/204378"}],"wp:attachment":[{"href":"https:\/\/www.europesays.com\/es\/wp-json\/wp\/v2\/media?parent=204377"}],"wp:term":[{"taxonomy":"category","embeddable":true,"href":"https:\/\/www.europesays.com\/es\/wp-json\/wp\/v2\/categories?post=204377"},{"taxonomy":"post_tag","embeddable":true,"href":"https:\/\/www.europesays.com\/es\/wp-json\/wp\/v2\/tags?post=204377"}],"curies":[{"name":"wp","href":"https:\/\/api.w.org\/{rel}","templated":true}]}}