{"id":204387,"date":"2025-10-27T22:24:14","date_gmt":"2025-10-27T22:24:14","guid":{"rendered":"https:\/\/www.europesays.com\/es\/204387\/"},"modified":"2025-10-27T22:24:14","modified_gmt":"2025-10-27T22:24:14","slug":"el-siec-unifica-por-primera-vez-los-indicadores-epidemiologicos-del-cancer-en-espana","status":"publish","type":"post","link":"https:\/\/www.europesays.com\/es\/204387\/","title":{"rendered":"El SIEC unifica por primera vez los indicadores epidemiol\u00f3gicos del c\u00e1ncer en Espa\u00f1a"},"content":{"rendered":"<p>La Asociaci\u00f3n Espa\u00f1ola Contra el C\u00e1ncer (AECC), el \u00e1rea de Epidemiolog\u00eda y Salud P\u00fablica del Centro de Investigaci\u00f3n Biom\u00e9dica en Red (CIBERESP) -perteneciente al Instituto de Salud Carlos III (ISCIII)-,, el Centro Nacional de Epidemiolog\u00eda del ISCIII, la Escuela Andaluza de Salud P\u00fablica (EASP) y la Red Espa\u00f1ola de Registros &#8230;            &#13;\n        <\/p>\n<p> &#13;<br \/>\n&#13;<\/p>\n<p>La Asociaci\u00f3n Espa\u00f1ola Contra el C\u00e1ncer (AECC), el \u00e1rea de Epidemiolog\u00eda y Salud P\u00fablica del Centro de Investigaci\u00f3n Biom\u00e9dica en Red (CIBERESP) -perteneciente al Instituto de Salud Carlos III (ISCIII)-,, el Centro Nacional de Epidemiolog\u00eda del ISCIII, la Escuela Andaluza de Salud P\u00fablica (EASP) y la Red Espa\u00f1ola de Registros de C\u00e1ncer (REDECAN) han presentado el Sistema de Informaci\u00f3n Epidemiol\u00f3gica del C\u00e1ncer en Espa\u00f1a (SIEC).<\/p>\n<p><strong>El SIEC es el primer sistema de informaci\u00f3n nacional que integra, de forma oficial y sistem\u00e1tica, indicadores epidemiol\u00f3gicos actualizados sobre la carga del c\u00e1ncer en Espa\u00f1a, tanto a nivel nacional como auton\u00f3mico<\/strong>. Su desarrollo supone un avance sin precedentes en la vigilancia epidemiol\u00f3gica y en la planificaci\u00f3n de pol\u00edticas de salud p\u00fablica en c\u00e1ncer.<\/p>\n<p>Por primera vez, los indicadores de incidencia, prevalencia, mortalidad y supervivencia de c\u00e1ncer se presentan de manera unificada, estandarizada y accesible p\u00fablicamente, con desagregaci\u00f3n por sexo, edad, localizaci\u00f3n tumoral y comunidad aut\u00f3noma. Adem\u00e1s, integra los indicadores epidemiol\u00f3gicos a trav\u00e9s de una <strong>visualizaci\u00f3n interactiva,<\/strong> que facilita el acceso a los datos y la convierte en una herramienta clave para mejorar la toma de decisiones basada en datos, reducir desigualdades territoriales y favorecer la transparencia y el acceso equitativo a la informaci\u00f3n sobre c\u00e1ncer.<\/p>\n<p>El sistema incorpora evidencia cient\u00edfica m\u00e1s actualizada sobre factores de riesgo y preventivos asociados a los diferentes tipos de c\u00e1ncer, lo que favorece la toma de decisiones informada, la sensibilizaci\u00f3n y difusi\u00f3n de los riesgos y las causas de la enfermedad en Espa\u00f1a. La plataforma permite adem\u00e1s realizar b\u00fasquedas por tipo de c\u00e1ncer o por factor de riesgo, facilitando el an\u00e1lisis comparativo y la identificaci\u00f3n de patrones epidemiol\u00f3gicos relevantes. <\/p>\n<p> &#13;<\/p>\n<p>En este sentido, el SIEC se consolida como un <strong>portal de divulgaci\u00f3n cient\u00edfica y sanitaria<\/strong>, dirigido no solo a la comunidad investigadora, sino tambi\u00e9n a todos los actores implicados en el diagn\u00f3stico, tratamiento, prevenci\u00f3n y planificaci\u00f3n sanitaria en torno al c\u00e1ncer, as\u00ed como a la poblaci\u00f3n general y a las asociaciones de pacientes. Su objetivo es estimular la b\u00fasqueda de informaci\u00f3n, promover estilos de vida saludables y situar la salud relacionada con el c\u00e1ncer y sus distintas dimensiones en la agenda p\u00fablica. <\/p>\n<p>\u00abHoy presentamos una prueba evidente de que s\u00ed se puede unificar datos de distintos registros de c\u00e1ncer en una misma plataforma, algo que parec\u00eda imposible, lo hemos conseguido gracias al esfuerzo t\u00e9cnico y humano de muchas personas y entidades. Por tanto, para seguir avanzando necesitamos voluntad pol\u00edtica para mantener los registros actuales, crear nuevos en las provincias donde no existen y converger hacia un sistema \u00fanico, coordinado y nacional porque necesitamos datos para eliminar las inequidades en c\u00e1ncer y cuidar y proteger a los pacientes\u00bb ha se\u00f1alado <strong>Ram\u00f3n Reyes, <\/strong>presidente de la Asociaci\u00f3n Espa\u00f1ola Contra el C\u00e1ncer.<\/p>\n<p>\u00abDisponer de un sistema de informaci\u00f3n de calidad, actualizado, integrado y desagregado como el SIEC nos va a permitir tener una visi\u00f3n m\u00e1s completa del impacto del c\u00e1ncer en Espa\u00f1a y mejorar la respuesta desde la salud p\u00fablica y la investigaci\u00f3n\u00bb han se\u00f1alado <strong>M\u00aa Jos\u00e9 S\u00e1nchez P\u00e9rez, <\/strong>profesora de la Escuela Andaluza de Salud P\u00fablica y directora del Registro de C\u00e1ncer de Granada<strong>y Pablo Fern\u00e1ndez Navarro<\/strong>, investigador cient\u00edfico de la Unidad de Epidemiolog\u00eda del C\u00e1ncer y Ambiente y la Unidad de Bioinform\u00e1tica y Gesti\u00f3n de Datos del Centro Nacional de Epidemiolog\u00eda (ISCIII), que coordinan el Subprograma de Vigilancia del C\u00e1ncer (VICA) del CIBERESP.<\/p>\n<p>El SIEC constituye un punto de partida estrat\u00e9gico parar conocer de manera homog\u00e9nea las tendencias de los principales indicadores epidemiol\u00f3gicos del c\u00e1ncer en Espa\u00f1a, con datos de incidencia, mortalidad, prevalencia y supervivencia. <\/p>\n<p>El SIEC permitir\u00e1 no solo detectar tendencias, sino tambi\u00e9n evaluar el impacto de las pol\u00edticas sanitarias y orientar estrategias de prevenci\u00f3n, diagn\u00f3stico precoz y tratamiento, con beneficios tangibles para pacientes, profesionales e investigadores.<\/p>\n<p>El evento tambi\u00e9n ha contado con la participaci\u00f3n de <strong>Marion Pi\u00f1eros<\/strong>, de la Agencia Internacional de Investigaci\u00f3n en C\u00e1ncer (IARC); <strong>Marina Poll\u00e1n, <\/strong>directora del Instituto de Salud Carlos III (ISCIII); <strong>Pilar Soler Crespo<\/strong>, del Centro de Coordinaci\u00f3n de Alertas y Emergencias Sanitarias del Ministerio de Sanidad; , <strong>M\u00aa Jos\u00e9 S\u00e1nchez P\u00e9rez<\/strong>, de la Escuela Andaluza de Salud P\u00fablica; <strong>Pablo Fern\u00e1ndez Navarro<\/strong>, del Centro Nacional de Epidemiolog\u00eda (ISCIII); <strong>Jaume Galceran<\/strong>, de REDECAN; <strong>Jos\u00e9 L. Pe\u00f1alvo Garc\u00eda<\/strong>, director del Centro Nacional de Epidemiolog\u00eda (ISCIII); <strong>C\u00e9sar A. Rodr\u00edguez S\u00e1nchez<\/strong>, de la Sociedad Espa\u00f1ola de Oncolog\u00eda M\u00e9dica (SEOM);, <strong>Maria Dolores Chirlaque<\/strong>, del Servicio de Epidemiolog\u00eda de la Regi\u00f3n de Murcia y Red Europea de Registros de C\u00e1ncer, e <strong>Ignacio Sanz<\/strong>, paciente oncol\u00f3gico, entre otras personas expertas.<\/p>\n","protected":false},"excerpt":{"rendered":"La Asociaci\u00f3n Espa\u00f1ola Contra el C\u00e1ncer (AECC), el \u00e1rea de Epidemiolog\u00eda y Salud P\u00fablica del Centro de Investigaci\u00f3n&hellip;\n","protected":false},"author":2,"featured_media":204388,"comment_status":"","ping_status":"","sticky":false,"template":"","format":"standard","meta":{"footnotes":""},"categories":[92],"tags":[55966,44618,31847,1066,55967,21258,7291,30699,55965,32061,25,24,7179,3361,26699,1142,165,2273,55964,1667,27320,26154,11238,289,55968,47566,3912,7292,3585,597,1078,8832,54069,166,29185,55963,7019,23,8768,2922,54539,1079],"class_list":{"0":"post-204387","1":"post","2":"type-post","3":"status-publish","4":"format-standard","5":"has-post-thumbnail","7":"category-salud","8":"tag-actualizada","9":"tag-aecc","10":"tag-analizar","11":"tag-cancer","12":"tag-ciberesp","13":"tag-desarrollado","14":"tag-diagnostico","15":"tag-easp","16":"tag-epidemiologica","17":"tag-epidemiologicos","18":"tag-es","19":"tag-espana","20":"tag-este","21":"tag-estrategias","22":"tag-evaluar","23":"tag-forma","24":"tag-health","25":"tag-incidencia","26":"tag-indicadores","27":"tag-informacion","28":"tag-integra","29":"tag-isciii","30":"tag-mortalidad","31":"tag-oficial","32":"tag-orientar","33":"tag-permitira","34":"tag-politicas","35":"tag-precoz","36":"tag-prevalencia","37":"tag-prevencion","38":"tag-primera","39":"tag-principales","40":"tag-redecan","41":"tag-salud","42":"tag-sanitarias","43":"tag-siec","44":"tag-sistema","45":"tag-spain","46":"tag-supervivencia","47":"tag-tendencias","48":"tag-unifica","49":"tag-vez"},"share_on_mastodon":{"url":"","error":"Validation failed: Text character limit of 500 exceeded"},"_links":{"self":[{"href":"https:\/\/www.europesays.com\/es\/wp-json\/wp\/v2\/posts\/204387","targetHints":{"allow":["GET"]}}],"collection":[{"href":"https:\/\/www.europesays.com\/es\/wp-json\/wp\/v2\/posts"}],"about":[{"href":"https:\/\/www.europesays.com\/es\/wp-json\/wp\/v2\/types\/post"}],"author":[{"embeddable":true,"href":"https:\/\/www.europesays.com\/es\/wp-json\/wp\/v2\/users\/2"}],"replies":[{"embeddable":true,"href":"https:\/\/www.europesays.com\/es\/wp-json\/wp\/v2\/comments?post=204387"}],"version-history":[{"count":0,"href":"https:\/\/www.europesays.com\/es\/wp-json\/wp\/v2\/posts\/204387\/revisions"}],"wp:featuredmedia":[{"embeddable":true,"href":"https:\/\/www.europesays.com\/es\/wp-json\/wp\/v2\/media\/204388"}],"wp:attachment":[{"href":"https:\/\/www.europesays.com\/es\/wp-json\/wp\/v2\/media?parent=204387"}],"wp:term":[{"taxonomy":"category","embeddable":true,"href":"https:\/\/www.europesays.com\/es\/wp-json\/wp\/v2\/categories?post=204387"},{"taxonomy":"post_tag","embeddable":true,"href":"https:\/\/www.europesays.com\/es\/wp-json\/wp\/v2\/tags?post=204387"}],"curies":[{"name":"wp","href":"https:\/\/api.w.org\/{rel}","templated":true}]}}