{"id":204393,"date":"2025-10-27T22:28:08","date_gmt":"2025-10-27T22:28:08","guid":{"rendered":"https:\/\/www.europesays.com\/es\/204393\/"},"modified":"2025-10-27T22:28:08","modified_gmt":"2025-10-27T22:28:08","slug":"un-terremoto-de-magnitud-61-sacude-el-oeste-de-turquia","status":"publish","type":"post","link":"https:\/\/www.europesays.com\/es\/204393\/","title":{"rendered":"Un terremoto de magnitud 6,1 sacude el oeste de Turqu\u00eda"},"content":{"rendered":"<p class=\"c-paragraph\">Un terremoto de<b> magnitud 6,1 <\/b>ha sacudido este lunes el oeste de <a href=\"https:\/\/www.20minutos.es\/tags\/lugares\/turquia.html\" title=\"Turqu\u00eda\" rel=\"nofollow noopener\" target=\"_blank\">Turqu\u00eda<\/a>, sin que por el momento se hayan detectado v\u00edctimas, si bien hay constancia de algunos <b>edificios derruidos<\/b>. El se\u00edsmo ha tenido lugar a las 22.48 hora local (20.48 hora peninsular espa\u00f1ola) en la provincia de <b>Balikesir<\/b>, con epicentro en el municipio de Sindirgi y a unos seis kil\u00f3metros de profundidad, seg\u00fan el servicio de emergencias turco AFAD.\u00a0 Tambi\u00e9n se ha sentido en Estambul, Manisa, Usak, Bursa y la costera Esmirna.\u00a0<\/p>\n<p class=\"c-paragraph\">El ministro del Interior, Ali Yerlikaya, ha se\u00f1alado que al menos tres edificios y una tienda se han derrumbado en Sindirgi. Asimismo, la televisi\u00f3n turca NTV ha emitido im\u00e1genes de\u00a0<b><b>un edificio derruido<\/b>, fachadas con elementos da\u00f1ados<\/b> y alg\u00fan coche alcanzado por cascotes, aunque sin aclarar si hay heridos.\u00a0<\/p>\n<p class=\"c-paragraph\">\u00abHacemos un seguimiento inmediato con todas las instituciones. Por el momento,<b> las unidades de nuestro Ministerio no han detectado efectos negativos\u00bb<\/b>, ha se\u00f1alado asimismo el ministro de Sanidad turco, Kemal Memisoglu, en redes sociales.<\/p>\n<p class=\"c-paragraph\">Por su parte, el presidente de Turqu\u00eda, Recep Tayyip Erdogan, ha trasladado sus pensamientos a los ciudadanos afectados por el temblor. \u00ab<b>Nuestras unidades, especialmente la AFAD, est\u00e1n realizando minuciosas investigaciones de campo<\/b>\u00ab, ha aseverado.<\/p>\n<p class=\"c-paragraph\">Sindirgi, un municipio de 32.000 habitantes, fue <b>ya epicentro el pasado 10 de agosto de un terremoto<\/b>, tambi\u00e9n de magnitud 6,1, que caus\u00f3 un muerto y medio centenar de heridos, da\u00f1ando 16 edificios. Adem\u00e1s, el 28 de septiembre tuvo lugar un sismo de magnitud 5,4 en Simav, situado en la misma falla geol\u00f3gica, unos 70 kil\u00f3metros m\u00e1s al este, en la provincia de K\u00fctahya, sin causar en este caso da\u00f1os de consideraci\u00f3n.<\/p>\n","protected":false},"excerpt":{"rendered":"Un terremoto de magnitud 6,1 ha sacudido este lunes el oeste de Turqu\u00eda, sin que por el momento&hellip;\n","protected":false},"author":2,"featured_media":204394,"comment_status":"","ping_status":"","sticky":false,"template":"","format":"standard","meta":{"footnotes":""},"categories":[42],"tags":[3099,6832,17,18,13,14,11,61,62,63,64,19,20,8909,9,10,15,16,7049,12,21,22,16743,65,66,67],"class_list":{"0":"post-204393","1":"post","2":"type-post","3":"status-publish","4":"format-standard","5":"has-post-thumbnail","7":"category-internacional","8":"tag-3099","9":"tag-6832","10":"tag-breaking-news","11":"tag-breakingnews","12":"tag-featured-news","13":"tag-featurednews","14":"tag-headlines","15":"tag-internacional","16":"tag-international","17":"tag-international-news","18":"tag-internationalnews","19":"tag-latest-news","20":"tag-latestnews","21":"tag-magnitud","22":"tag-news","23":"tag-noticias","24":"tag-noticias-destacadas","25":"tag-noticiasdestacadas","26":"tag-terremoto","27":"tag-titulares","28":"tag-ultimas-noticias","29":"tag-ultimasnoticias","30":"tag-un","31":"tag-world","32":"tag-world-news","33":"tag-worldnews"},"share_on_mastodon":{"url":"https:\/\/pubeurope.com\/@es\/115448493344478529","error":""},"_links":{"self":[{"href":"https:\/\/www.europesays.com\/es\/wp-json\/wp\/v2\/posts\/204393","targetHints":{"allow":["GET"]}}],"collection":[{"href":"https:\/\/www.europesays.com\/es\/wp-json\/wp\/v2\/posts"}],"about":[{"href":"https:\/\/www.europesays.com\/es\/wp-json\/wp\/v2\/types\/post"}],"author":[{"embeddable":true,"href":"https:\/\/www.europesays.com\/es\/wp-json\/wp\/v2\/users\/2"}],"replies":[{"embeddable":true,"href":"https:\/\/www.europesays.com\/es\/wp-json\/wp\/v2\/comments?post=204393"}],"version-history":[{"count":0,"href":"https:\/\/www.europesays.com\/es\/wp-json\/wp\/v2\/posts\/204393\/revisions"}],"wp:featuredmedia":[{"embeddable":true,"href":"https:\/\/www.europesays.com\/es\/wp-json\/wp\/v2\/media\/204394"}],"wp:attachment":[{"href":"https:\/\/www.europesays.com\/es\/wp-json\/wp\/v2\/media?parent=204393"}],"wp:term":[{"taxonomy":"category","embeddable":true,"href":"https:\/\/www.europesays.com\/es\/wp-json\/wp\/v2\/categories?post=204393"},{"taxonomy":"post_tag","embeddable":true,"href":"https:\/\/www.europesays.com\/es\/wp-json\/wp\/v2\/tags?post=204393"}],"curies":[{"name":"wp","href":"https:\/\/api.w.org\/{rel}","templated":true}]}}