{"id":204395,"date":"2025-10-27T22:29:11","date_gmt":"2025-10-27T22:29:11","guid":{"rendered":"https:\/\/www.europesays.com\/es\/204395\/"},"modified":"2025-10-27T22:29:11","modified_gmt":"2025-10-27T22:29:11","slug":"pedro-sanchez-intento-convencer-a-sheinbaum-de-que-invitara-al-rey-a-su-toma-de-posesion-le-respondi-que-no-era-el-momento-adecuado","status":"publish","type":"post","link":"https:\/\/www.europesays.com\/es\/204395\/","title":{"rendered":"Pedro S\u00e1nchez intent\u00f3 convencer a Sheinbaum de que invitara al Rey a su toma de posesi\u00f3n: \u201cLe respond\u00ed que no era el momento adecuado\u201d"},"content":{"rendered":"<p class=\"\">El presidente del Gobierno espa\u00f1ol, <a href=\"https:\/\/elpais.com\/mexico\/elecciones-mexicanas\/2024-03-13\/sheinbaum-pide-al-presidente-de-espana-pedro-sanchez-no-opinar-sobre-las-elecciones-en-mexico.html\" target=\"_self\" rel=\"nofollow noopener\" title=\"https:\/\/elpais.com\/mexico\/elecciones-mexicanas\/2024-03-13\/sheinbaum-pide-al-presidente-de-espana-pedro-sanchez-no-opinar-sobre-las-elecciones-en-mexico.html\">Pedro S\u00e1nchez<\/a>, trat\u00f3 hasta el final de convencer a Claudia Sheinbaum para que invitara <a href=\"https:\/\/elpais.com\/mexico\/2024-09-24\/mexico-se-resiste-a-invitar-al-rey-a-la-toma-de-posesion-de-la-presidenta-claudia-sheinbaum.html\" target=\"_self\" rel=\"nofollow noopener\" title=\"https:\/\/elpais.com\/mexico\/2024-09-24\/mexico-se-resiste-a-invitar-al-rey-a-la-toma-de-posesion-de-la-presidenta-claudia-sheinbaum.html\">al Rey Felipe VI a su toma de posesi\u00f3n<\/a> como presidenta de M\u00e9xico. Sheinbaum lo cuenta en su libro Diario de una transici\u00f3n hist\u00f3rica (Planeta, 2025), que relata sus semanas entre la fecha de su triunfo electoral, el 2 de junio del a\u00f1o pasado, y el d\u00eda en que se convirti\u00f3 en la primera mandataria de M\u00e9xico, el 1 de octubre. En esas semanas, en las que acompa\u00f1\u00f3 a Andr\u00e9s Manuel L\u00f3pez Obrador a giras por los Estados, <a href=\"https:\/\/elpais.com\/mexico\/2025-10-25\/los-ultimos-consejos-de-lopez-obrador-a-sheinbaum-vas-a-ser-muy-querida-confia-en-el-pueblo-no-te-alejes-de-el.html\" target=\"_self\" rel=\"nofollow noopener\" title=\"https:\/\/elpais.com\/mexico\/2025-10-25\/los-ultimos-consejos-de-lopez-obrador-a-sheinbaum-vas-a-ser-muy-querida-confia-en-el-pueblo-no-te-alejes-de-el.html\">Sheinbaum tom\u00f3 algunas de las decisiones que moldear\u00edan su Gobierno<\/a>. Una de ellas, la de no invitar al Rey de Espa\u00f1a a su ceremonia de investidura, al hacer suya la falta de respuesta por la carta que le mand\u00f3 al monarca el exmandatario L\u00f3pez Obrador pidi\u00e9ndole que se disculpara por los abusos de la Conquista. <\/p>\n<p>M\u00e1s informaci\u00f3n<\/p>\n<p class=\"\">El relato de Sheinbaum permite situar en una l\u00ednea del tiempo c\u00f3mo se fue gestando la decisi\u00f3n de <a href=\"https:\/\/elpais.com\/mexico\/2025-10-27\/sheinbaum-sobre-el-perdon-de-espana-nunca-estuvimos-de-acuerdo-con-la-manera-en-que-respondieron-seguimos-esperando.html\" target=\"_self\" rel=\"nofollow noopener\" title=\"https:\/\/elpais.com\/mexico\/2025-10-27\/sheinbaum-sobre-el-perdon-de-espana-nunca-estuvimos-de-acuerdo-con-la-manera-en-que-respondieron-seguimos-esperando.html\">no invitar a Felipe VI<\/a>, hasta que todo estall\u00f3 el 24 de septiembre, cuando EL PA\u00cdS revel\u00f3 que el jefe del Estado espa\u00f1ol no hab\u00eda sido invitado al acto protocolario en M\u00e9xico. El relato, tambi\u00e9n, describe a un Pedro S\u00e1nchez enterado de esta decisi\u00f3n desde mucho antes, y detalla c\u00f3mo el mandatario socialista, insistente, mediante una llamada telef\u00f3nica, intent\u00f3 convencer a Sheinbaum de reconsiderar su decisi\u00f3n. Ella, sin embargo, se mantuvo firme en su decisi\u00f3n. \u201cLe respond\u00ed que no era el momento adecuado, que \u00e9l conoc\u00eda bien mi posici\u00f3n\u201d, escribe.<\/p>\n<p class=\"\">La mandataria relata una an\u00e9cdota ocurrida el s\u00e1bado 17 de agosto de 2024. Fue con L\u00f3pez Obrador a visitar Jalisco y luego a Nuevo Le\u00f3n. \u201cDe camino al aeropuerto, recib\u00ed una llamada previamente programada con el presidente de Espa\u00f1a\u201d, cuenta. \u201cDurante la conversaci\u00f3n me insisti\u00f3 en que invitara al rey a mi toma de posesi\u00f3n\u201d. Ella lo cort\u00f3. \u201cLe respond\u00ed que no era el momento adecuado, que \u00e9l conoc\u00eda bien mi posici\u00f3n. Nos despedimos con respeto\u201d, dice, y cierra con una promesa: \u201cAlg\u00fan d\u00eda, cuando concluya mi mandato [en 2030], podr\u00e9 contar m\u00e1s al respecto\u201d.<\/p>\n<p class=\"\">Luego de que este peri\u00f3dico revel\u00f3 la no invitaci\u00f3n a Felipe VI, Sheinbaum public\u00f3, el 25 de septiembre, una carta en la que dijo que ella y S\u00e1nchez hab\u00edan vuelto a tener una llamada telef\u00f3nica \u201cun par de d\u00edas\u201d antes para hablar sobre el tema. De la carta de la presidenta se infiere que, en esa llamada, S\u00e1nchez le anunci\u00f3 que ning\u00fan representante del Estado espa\u00f1ol acudir\u00eda a su ceremonia de investidura presidencial ante la \u201cinaceptable exclusi\u00f3n del Rey\u201d.<\/p>\n<p><img decoding=\"auto\" class=\"_re lazyload a_m-h\" height=\"276\"  width=\"414\"  src=\"https:\/\/www.europesays.com\/es\/wp-content\/uploads\/2025\/10\/QJZHT3U66VJXFH3MJZ6DZ2UKVQ.jpg\" loading=\"lazy\"\/>Claudia Sheinbaum en Ciudad de M\u00e9xico, este lunes.Mario Guzm\u00e1n (EFE)<\/p>\n<p class=\"\">Algunos detalles ya eran conocidos, mientras otros salen a la luz. La hoy presidenta <a href=\"https:\/\/elpais.com\/mexico\/2024-09-25\/claudia-sheinbaum-asegura-que-no-se-invito-al-rey-de-espana-a-la-toma-de-posesion-en-mexico-por-no-responder-sobre-las-disculpas-por-la-conquista.html\" target=\"_self\" rel=\"nofollow noopener\" title=\"https:\/\/elpais.com\/mexico\/2024-09-25\/claudia-sheinbaum-asegura-que-no-se-invito-al-rey-de-espana-a-la-toma-de-posesion-en-mexico-por-no-responder-sobre-las-disculpas-por-la-conquista.html\">reafirma que la decisi\u00f3n fue enteramente suya<\/a> y que nada tuvo que ver L\u00f3pez Obrador, fundador de Morena y su mentor pol\u00edtico. El viernes 21 de junio, apenas dos semanas despu\u00e9s de los comicios presidenciales de 2024, Sheinbaum y L\u00f3pez Obrador visitaron Oaxaca, situado en el sur de M\u00e9xico y que re\u00fane grandes territorios ind\u00edgenas. Ese Estado es <a href=\"https:\/\/elpais.com\/mexico\/2024-02-11\/el-testamento-politico-de-lopez-obrador-ofrezco-disculpas-a-mis-adversarios-nunca-pense-en-hacer-dano-y-me-retiro-sin-odiar-a-nadie.html\" target=\"_self\" rel=\"nofollow noopener\" title=\"https:\/\/elpais.com\/mexico\/2024-02-11\/el-testamento-politico-de-lopez-obrador-ofrezco-disculpas-a-mis-adversarios-nunca-pense-en-hacer-dano-y-me-retiro-sin-odiar-a-nadie.html\">crucial en la filosof\u00eda pol\u00edtica de L\u00f3pez Obrador<\/a>. Fue all\u00ed donde, seg\u00fan rese\u00f1a \u00e9l mismo en su libro \u00a1Gracias!, se dio cuenta con absoluta certeza de la injusticia en la que viv\u00edan los pueblos originarios, los m\u00e1s pobres entre los pobres, pero tambi\u00e9n conoci\u00f3 su fortaleza, sus valores ancestrales, su solidaridad comunitaria, que moldean lo que el pol\u00edtico ha bautizado como Humanismo Mexicano. <\/p>\n<p class=\"\">Ese escenario es el que eligi\u00f3 Sheinbaum para comunicarle a L\u00f3pez Obrador su decisi\u00f3n de no invitar al Rey. \u201cMe respondi\u00f3 que no era necesario que yo asumiera las discrepancias que \u00e9l hab\u00eda tenido con la Corona espa\u00f1ola\u201d, cuenta en un largo pasaje. \u201cLe dije que, en primer lugar, yo estaba de acuerdo con el planteamiento que \u00e9l hab\u00eda hecho al rey (sic); y en segundo lugar, que ning\u00fan presidente debe pasar por alto que un gobernante o jefe de Estado de otro pa\u00eds trate con desd\u00e9n o intente menospreciar a un presidente, y menos a alguien como \u00e9l, tan profundamente querido por su pueblo\u201d, prosigue. \u201cLa ofensa del rey de Espa\u00f1a no fue solo contra el titular del Ejecutivo, lo cual ya era inaceptable, sino tambi\u00e9n contra el pueblo de M\u00e9xico\u201d, concluye.<\/p>\n<p class=\"\">Sheinbaum revela que L\u00f3pez Obrador comunic\u00f3 directamente a S\u00e1nchez la petici\u00f3n de disculpas antes de hacerla del conocimiento formal del Rey mediante una carta. Sucedi\u00f3 durante <a href=\"https:\/\/elpais.com\/politica\/2019\/01\/31\/actualidad\/1548967116_425229.html\" rel=\"nofollow noopener\" target=\"_blank\">la visita que S\u00e1nchez hizo a M\u00e9xico el 30 y 31 de enero de 2019<\/a>. L\u00f3pez Obrador cumpl\u00eda menos de dos meses en el Ejecutivo. \u201cRecuerdo haber estado presente en una comida en su honor [de S\u00e1nchez], siendo yo jefa de Gobierno de la ciudad, en el Colegio de San Ildefonso. Ah\u00ed, por primera vez, el presidente le expuso la necesidad de una disculpa por parte de Espa\u00f1a y tambi\u00e9n de M\u00e9xico hacia los pueblos originarios\u201d, detalla Sheinbaum.<\/p>\n<p class=\"\">Pocos d\u00edas despu\u00e9s de esa comida, vino la <a href=\"https:\/\/elpais.com\/internacional\/2019\/03\/25\/mexico\/1553539019_249884.html\" target=\"_self\" rel=\"nofollow noopener\" title=\"https:\/\/elpais.com\/internacional\/2019\/03\/25\/mexico\/1553539019_249884.html\">pol\u00e9mica carta que cimbr\u00f3 las relaciones entre ambos pa\u00edses<\/a>. La presidenta critica en su libro que Felipe VI no haya respondido a la \u201crespetuosa\u201d petici\u00f3n de L\u00f3pez Obrador y que, en cambio, el contenido de la misiva se haya filtrado a los medios en Espa\u00f1a. Ese mismo argumento, la falta de respuesta oficial, sustent\u00f3 el \u00faltimo desaire de Sheinbaum a Felipe VI. <\/p>\n<p class=\"\">Semanas despu\u00e9s de aquella conversaci\u00f3n con L\u00f3pez Obrador en Oaxaca en el periodo de la transici\u00f3n del Gobierno, en julio, la Canciller\u00eda de M\u00e9xico, a instancias de Sheinbaum, envi\u00f3 una invitaci\u00f3n a su toma de posesi\u00f3n presidencial \u00fanicamente a S\u00e1nchez. La Casa Real espa\u00f1ola no acus\u00f3 recibo de invitaci\u00f3n alguna. Aunque, cuando estall\u00f3 el esc\u00e1ndalo \u2015en septiembre\u2015, tanto La Zarzuela como M\u00e9xico se resist\u00edan a reconocer que el Rey no hab\u00eda sido convocado oficialmente, esta era una circunstancia que ya se conoc\u00eda con certeza tiempo atr\u00e1s. <\/p>\n<p class=\"\">Este lunes, Sheinbaum se ha vuelto a referir al perd\u00f3n durante su conferencia ma\u00f1anera: \u201cNunca estuvimos de acuerdo con la manera en la que respondieron y est\u00e1bamos de acuerdo con la carta que hab\u00eda enviado el presidente L\u00f3pez Obrador y pues todav\u00eda seguimos esperando esta respuesta\u201d, ha dicho Sheinbaum desde Palacio Nacional.<\/p>\n","protected":false},"excerpt":{"rendered":"El presidente del Gobierno espa\u00f1ol, Pedro S\u00e1nchez, trat\u00f3 hasta el final de convencer a Claudia Sheinbaum para que&hellip;\n","protected":false},"author":2,"featured_media":204396,"comment_status":"","ping_status":"","sticky":false,"template":"","format":"standard","meta":{"footnotes":""},"categories":[8],"tags":[889,12583,17,18,18291,48669,25,24,13,14,11439,39354,11,19,20,1804,1906,9,10,15,16,2959,39356,39357,23,12,21,22],"class_list":{"0":"post-204395","1":"post","2":"type-post","3":"status-publish","4":"format-standard","5":"has-post-thumbnail","7":"category-espana","8":"tag-america","9":"tag-andres-manuel-lopez-obrador","10":"tag-breaking-news","11":"tag-breakingnews","12":"tag-claudia-sheinbaum","13":"tag-descubrimiento-america","14":"tag-es","15":"tag-espana","16":"tag-featured-news","17":"tag-featurednews","18":"tag-felipe-vi","19":"tag-gobierno-mexico","20":"tag-headlines","21":"tag-latest-news","22":"tag-latestnews","23":"tag-latinoamerica","24":"tag-mexico","25":"tag-news","26":"tag-noticias","27":"tag-noticias-destacadas","28":"tag-noticiasdestacadas","29":"tag-pedro-sanchez","30":"tag-presidencia-mexico","31":"tag-presidente-mexico","32":"tag-spain","33":"tag-titulares","34":"tag-ultimas-noticias","35":"tag-ultimasnoticias"},"share_on_mastodon":{"url":"","error":"Validation failed: Text character limit of 500 exceeded"},"_links":{"self":[{"href":"https:\/\/www.europesays.com\/es\/wp-json\/wp\/v2\/posts\/204395","targetHints":{"allow":["GET"]}}],"collection":[{"href":"https:\/\/www.europesays.com\/es\/wp-json\/wp\/v2\/posts"}],"about":[{"href":"https:\/\/www.europesays.com\/es\/wp-json\/wp\/v2\/types\/post"}],"author":[{"embeddable":true,"href":"https:\/\/www.europesays.com\/es\/wp-json\/wp\/v2\/users\/2"}],"replies":[{"embeddable":true,"href":"https:\/\/www.europesays.com\/es\/wp-json\/wp\/v2\/comments?post=204395"}],"version-history":[{"count":0,"href":"https:\/\/www.europesays.com\/es\/wp-json\/wp\/v2\/posts\/204395\/revisions"}],"wp:featuredmedia":[{"embeddable":true,"href":"https:\/\/www.europesays.com\/es\/wp-json\/wp\/v2\/media\/204396"}],"wp:attachment":[{"href":"https:\/\/www.europesays.com\/es\/wp-json\/wp\/v2\/media?parent=204395"}],"wp:term":[{"taxonomy":"category","embeddable":true,"href":"https:\/\/www.europesays.com\/es\/wp-json\/wp\/v2\/categories?post=204395"},{"taxonomy":"post_tag","embeddable":true,"href":"https:\/\/www.europesays.com\/es\/wp-json\/wp\/v2\/tags?post=204395"}],"curies":[{"name":"wp","href":"https:\/\/api.w.org\/{rel}","templated":true}]}}