{"id":204405,"date":"2025-10-27T22:39:11","date_gmt":"2025-10-27T22:39:11","guid":{"rendered":"https:\/\/www.europesays.com\/es\/204405\/"},"modified":"2025-10-27T22:39:11","modified_gmt":"2025-10-27T22:39:11","slug":"la-jueza-del-caso-negreira-solicita-al-barca-los-contratos-con-el-exvicepresidente-del-cta","status":"publish","type":"post","link":"https:\/\/www.europesays.com\/es\/204405\/","title":{"rendered":"La jueza del &#8216;caso Negreira&#8217; solicita al Bar\u00e7a los contratos con el exvicepresidente del CTA"},"content":{"rendered":"<p class=\"paragraph\" id=\"paragraph_1\">Alejandra Gil Lima, la jueza que lleva el <a href=\"https:\/\/www.elespanol.com\/temas\/caso_negreira\/?utm_cmp_rs=linksinline\" rel=\"nofollow noopener\" target=\"_blank\">&#8216;caso Negreira&#8217;<\/a>, ha pedido al Barcelona que le env\u00ede todos los contratos originales que hayan tenido con el exvicepresidente de los \u00e1rbitros, Jos\u00e9 Mar\u00eda Enr\u00edquez.<\/p>\n<p class=\"paragraph\" id=\"paragraph_2\">Adem\u00e1s, el Juzgado de Instrucci\u00f3n n\u00famero uno ha requerido al club cualquier tipo de material que pudiera<strong> confirmar la facturaci\u00f3n que hayan recibido de Negreira<\/strong> durante casi veinte a\u00f1os.<\/p>\n<p class=\"paragraph\" id=\"paragraph_3\">La magistrada tambi\u00e9n ha llamado a declarar a la representante del Bar\u00e7a como persona jur\u00eddica y <a href=\"https:\/\/www.elespanol.com\/deportes\/futbol\/20250901\/joan-laporta-luis-enrique-ernesto-valverde-citados-declarar-noviembre-pagos-barca-negreira\/1003743907939_0.html?utm_cmp_rs=linksinline\" rel=\"nofollow noopener\" target=\"_blank\">el 25 de noviembre est\u00e1n citados como testigos Joan Laporta, Luis Enrique y Ernesto Valverde<\/a>.<\/p>\n<p><img loading=\"lazy\" decoding=\"async\" alt=\"Joan Laporta, presidente del Bar\u00e7a, durante una rueda de prensa\" height=\"180\" src=\"https:\/\/www.europesays.com\/es\/wp-content\/uploads\/2025\/10\/1003743784068_256079122_320x180.jpg\" width=\"320\" data-lazy-status=\"processed\" data-lazy-info=\"remove loading item 1\"\/><\/p>\n<p class=\"paragraph\" id=\"paragraph_4\">La citaci\u00f3n est\u00e1 relacionada con los hechos ocurridos en el seno del FC Barcelona durante los a\u00f1os en los que estuvieron vinculados al club y con los pagos realizados al que fuera vicepresidente del CTA, Jos\u00e9 Mar\u00eda Enr\u00edquez Negreira.<\/p>\n<p class=\"paragraph\" data-mrf-recirculation=\"links-parrafos\" id=\"paragraph_5\">La jueza investiga los pagos, por valor de\u00a0<strong>7,3 millones de euros<\/strong>, que el club cul\u00e9 pag\u00f3 a Negreira y a su hijo entre 2001 y 2018 por supuestos an\u00e1lisis arbitrales.<\/p>\n<p><img decoding=\"async\" alt=\"Joan Laporta comparece para explicar el 'caso Negreira'\" data-imgm=\"true\" height=\"180\" loading=\"lazy\"  src=\"https:\/\/www.europesays.com\/es\/wp-content\/uploads\/2025\/10\/756934533_235805517_1024x576.jpg\"  width=\"320\"\/><\/p>\n<p>                                                            Joan Laporta comparece para explicar el &#8216;caso Negreira&#8217;<\/p>\n<p>                    Reuters<\/p>\n<p class=\"paragraph\" data-mrf-recirculation=\"links-parrafos\" id=\"paragraph_6\">Ahora bien, la sospecha que planea sobre esta causa judicial desde el inicio es si este dinero, recibido por el\u00a0n\u00famero dos\u00a0de los colegiados, influy\u00f3 en que \u00e9stos beneficiaran al Bar\u00e7a con sus decisiones.<\/p>\n<p class=\"paragraph\" data-mrf-recirculation=\"links-parrafos\" id=\"paragraph_7\">Recientemente\u00a0<strong>Javier Enr\u00edquez<\/strong>, el hijo de\u00a0<strong>Enr\u00edquez Negreira<\/strong>, desmont\u00f3 la coartada del FC Barcelona y las cajas que present\u00f3 de manera p\u00fablica supuestamente llenas de informes.\u00a0<\/p>\n<p class=\"paragraph\" data-mrf-recirculation=\"links-parrafos\" id=\"paragraph_8\">Sus palabras no solo reforzaron la tesis sobre una posible corrupci\u00f3n deportiva del\u00a0<strong>FC Barcelona<\/strong>, sino que adem\u00e1s contradijeron de forma frontal la estrategia de defensa desplegada por Joan Laporta en abril de 2023.<\/p>\n<p><img decoding=\"async\" alt=\"El hijo del exvicepresidente del Comit\u00e9 T\u00e9cnico de \u00c1rbitros (CTA) Jos\u00e9 Mar\u00eda Enr\u00edquez Negreira, Javier Enr\u00edquez, saliendo de los juzgdos\" height=\"180\" loading=\"lazy\" width=\"320\" data-lazy-status=\"processed\" id=\"c28baf3fd1\" src=\"https:\/\/www.elespanol.com\/deportes\/futbol\/20251027\/jueza-caso-negreira-solicita-barca-contratos-exvicepresidente-cta\/[\" https:=\"\" data-lazy-info=\"changed src\"\/><\/p>\n<p class=\"paragraph\" data-mrf-recirculation=\"links-parrafos\" id=\"paragraph_9\">En el testimonio\u00a0de\u00a0<strong>Javier Enr\u00edquez Romero<\/strong>\u00a0ante la jueza\u00a0<strong><a cmp-ltrk=\"links-parrafos\" cmp-ltrk-idx=\"5\" data-mrf-link=\"https:\/\/www.elespanol.com\/deportes\/futbol\/20250115\/caso-negreira-cambia-manos-tribunales-va-camino-cuarta-prorroga\/916658571_0.html\" href=\"https:\/\/www.elespanol.com\/deportes\/futbol\/20250115\/caso-negreira-cambia-manos-tribunales-va-camino-cuarta-prorroga\/916658571_0.html?utm_cmp_rs=linksinline\" mrfobservableid=\"ff2697dd-585e-4fdb-9043-4f4597dc31c1\" rel=\"nofollow noopener\" target=\"_blank\">Alejandra Gil<\/a>\u00a0en el Juzgado de Instrucci\u00f3n n\u00ba 1<\/strong>\u00a0de Barcelona asever\u00f3 que nunca trabaj\u00f3 para el FC Barcelona como asegur\u00f3 Joan Laporta.\u00a0<\/p>\n<p class=\"paragraph\" data-mrf-recirculation=\"links-parrafos\" id=\"paragraph_10\">El hijo de Negreira\u00a0<strong>se desmarc\u00f3 del trabajo y la facturaci\u00f3n que Negreira tuviera con el Bar\u00e7a<\/strong>. Adem\u00e1s, neg\u00f3 ser la persona de contacto con Hacienda en nombre de Dasnil 95, la empresa de su padre a trav\u00e9s de la cual el club azulgrana abon\u00f3 m\u00e1s de dos millones de euros al exvicepresidente del Comit\u00e9 T\u00e9cnico de \u00c1rbitros.<\/p>\n<p class=\"paragraph\" id=\"paragraph_11\">\u00c9sta es una de las compa\u00f1\u00edas que enumera la Fiscal\u00eda en su informe, junto a Nilsad SCP y Soccercam SL, del hijo de Negreira. Laporta form\u00f3 parte de la lista de investigados, pero la Audiencia Provincial de Barcelona revoc\u00f3 esta situaci\u00f3n y le excluy\u00f3 del listado.<\/p>\n<p class=\"paragraph\" id=\"paragraph_12\">\u00bfEl motivo? Al concluir que la posible condici\u00f3n delictiva de los pagos efectuados entre 2008 y 2010, durante su anterior mandato, ha prescrito.<\/p>\n","protected":false},"excerpt":{"rendered":"Alejandra Gil Lima, la jueza que lleva el &#8216;caso Negreira&#8217;, ha pedido al Barcelona que le env\u00ede todos&hellip;\n","protected":false},"author":2,"featured_media":204406,"comment_status":"","ping_status":"","sticky":false,"template":"","format":"standard","meta":{"footnotes":""},"categories":[268],"tags":[168,25,24,280,282,31206,281,23,167],"class_list":{"0":"post-204405","1":"post","2":"type-post","3":"status-publish","4":"format-standard","5":"has-post-thumbnail","7":"category-futbol","8":"tag-deportes","9":"tag-es","10":"tag-espana","11":"tag-football","12":"tag-futbol","13":"tag-negreira","14":"tag-soccer","15":"tag-spain","16":"tag-sports"},"share_on_mastodon":{"url":"https:\/\/pubeurope.com\/@es\/115448536954617585","error":""},"_links":{"self":[{"href":"https:\/\/www.europesays.com\/es\/wp-json\/wp\/v2\/posts\/204405","targetHints":{"allow":["GET"]}}],"collection":[{"href":"https:\/\/www.europesays.com\/es\/wp-json\/wp\/v2\/posts"}],"about":[{"href":"https:\/\/www.europesays.com\/es\/wp-json\/wp\/v2\/types\/post"}],"author":[{"embeddable":true,"href":"https:\/\/www.europesays.com\/es\/wp-json\/wp\/v2\/users\/2"}],"replies":[{"embeddable":true,"href":"https:\/\/www.europesays.com\/es\/wp-json\/wp\/v2\/comments?post=204405"}],"version-history":[{"count":0,"href":"https:\/\/www.europesays.com\/es\/wp-json\/wp\/v2\/posts\/204405\/revisions"}],"wp:featuredmedia":[{"embeddable":true,"href":"https:\/\/www.europesays.com\/es\/wp-json\/wp\/v2\/media\/204406"}],"wp:attachment":[{"href":"https:\/\/www.europesays.com\/es\/wp-json\/wp\/v2\/media?parent=204405"}],"wp:term":[{"taxonomy":"category","embeddable":true,"href":"https:\/\/www.europesays.com\/es\/wp-json\/wp\/v2\/categories?post=204405"},{"taxonomy":"post_tag","embeddable":true,"href":"https:\/\/www.europesays.com\/es\/wp-json\/wp\/v2\/tags?post=204405"}],"curies":[{"name":"wp","href":"https:\/\/api.w.org\/{rel}","templated":true}]}}