{"id":204423,"date":"2025-10-27T22:49:14","date_gmt":"2025-10-27T22:49:14","guid":{"rendered":"https:\/\/www.europesays.com\/es\/204423\/"},"modified":"2025-10-27T22:49:14","modified_gmt":"2025-10-27T22:49:14","slug":"el-8k-ofrece-mas-pixeles-de-los-que-somos-capaces-de-ver","status":"publish","type":"post","link":"https:\/\/www.europesays.com\/es\/204423\/","title":{"rendered":"El 8K ofrece m\u00e1s p\u00edxeles de los que somos capaces de ver"},"content":{"rendered":"<p><a href=\"https:\/\/www.panoramaaudiovisual.com\/wp-content\/uploads\/2022\/10\/8K-TV-Resolucion-UE.jpg\" rel=\"nofollow noopener\" target=\"_blank\"><img fetchpriority=\"high\" decoding=\"async\" class=\"aligncenter size-large wp-image-202307\" src=\"https:\/\/www.europesays.com\/es\/wp-content\/uploads\/2025\/10\/8K-TV-Resolucion-UE-605x357.jpg\" alt=\"8K - TV - Resoluci\u00f3n - UE\" width=\"605\" height=\"357\"  \/><\/a><br \/>\nUn estudio conjunto de la <a href=\"https:\/\/www.cam.ac.uk\/\" target=\"_blank\" rel=\"noopener nofollow\">Universidad de Cambridge<\/a> y <a href=\"https:\/\/tech.facebook.com\/reality-labs\/\" target=\"_blank\" rel=\"noopener nofollow\">Meta Reality Labs<\/a> confirma algo que muchos ya sospechaban: el ojo humano tiene un l\u00edmite de resoluci\u00f3n. M\u00e1s all\u00e1 de cierto punto, a\u00f1adir p\u00edxeles a una pantalla no mejora la experiencia visual, porque nuestros ojos simplemente no pueden distinguir m\u00e1s all\u00e1 de una resoluci\u00f3n 8K.<\/p>\n<p>Los investigadores midieron la capacidad de los participantes para detectar detalles en im\u00e1genes a color y en blanco y negro, observadas tanto de frente como con la visi\u00f3n perif\u00e9rica, y a diferentes distancias. Su objetivo: determinar cu\u00e1ntos p\u00edxeles por grado (PPD) puede percibir realmente el ojo humano, una medida m\u00e1s \u00fatil que los tradicionales 4K o 8K.<\/p>\n<p>Los resultados del estudio revelan que, en condiciones normales en una sala de estar de unos 2,5 metros entre el sof\u00e1 y el televisor, un televisor 4K u 8K de 44 pulgadas no ofrece ventajas perceptibles frente a uno QHD del mismo tama\u00f1o. En otras palabras, muchas pantallas dom\u00e9sticas actuales ya superar\u00edan la capacidad visual de la mayor\u00eda de las personas.<\/p>\n<p>La autora principal del estudio, Maliha Ashraf,  destaca que \u00abnuestros resultados marcan el rumbo para el dise\u00f1o de pantallas m\u00e1s inteligentes, eficientes y adaptadas a las verdaderas capacidades del ojo humano\u00bb. Por su parte, el profesor y coautor del trabajo, Rafa\u0142 Mantiuk, revela que \u00absi la pantalla tiene m\u00e1s p\u00edxeles, es menos eficiente, cuesta m\u00e1s y requiere m\u00e1s potencia de procesamiento\u00bb.<\/p>\n<p>El estudio muestra adem\u00e1s que el ojo humano distingue mejor los detalles en blanco y negro (hasta 94 PPD) que en color, donde la resoluci\u00f3n efectiva baja a 89 PPD en tonos rojos y verdes, y a solo 53 PPD en amarillos y violetas. Y es que, seg\u00fan Mantiuk, \u00abnuestros ojos no son sensores perfectos; es el cerebro el que interpreta los datos y crea la imagen final que creemos ver\u00bb.<\/p>\n<p>El estudio, publicado en <a href=\"https:\/\/www.nature.com\/articles\/s41467-025-64679-2\" target=\"_blank\" rel=\"noopener nofollow\">Nature Communications<\/a>, podr\u00eda influir en el desarrollo de pantallas para televisi\u00f3n, m\u00f3viles, realidad aumentada y virtual, o automoci\u00f3n.<\/p>\n<p>\u00a0<\/p>\n<p>\u00bfTe gust\u00f3 este art\u00edculo?<\/p>\n<p>Suscr\u00edbete a nuestro  <a href=\"https:\/\/www.panoramaaudiovisual.com\/alta-en-newsletter\/\" rel=\"nofollow noopener\" target=\"_blank\">NEWSLETTER<\/a> y no te perder\u00e1s nada.<\/p>\n<p>                <strong>Otros art\u00edculos sobre <a href=\"https:\/\/www.panoramaaudiovisual.com\/tag\/meta-reality-labs\/\" rel=\"tag nofollow noopener\" target=\"_blank\">Meta Reality Labs<\/a>, <a href=\"https:\/\/www.panoramaaudiovisual.com\/tag\/universidad-de-cambridge\/\" rel=\"tag nofollow noopener\" target=\"_blank\">Universidad de Cambridge<\/a><\/strong>\t\t\t<br \/>\nOtros art\u00edculos relacionados<\/p>\n","protected":false},"excerpt":{"rendered":"Un estudio conjunto de la Universidad de Cambridge y Meta Reality Labs confirma algo que muchos ya sospechaban:&hellip;\n","protected":false},"author":2,"featured_media":204424,"comment_status":"","ping_status":"","sticky":false,"template":"","format":"standard","meta":{"footnotes":""},"categories":[81],"tags":[119,123,124,25,24,5713,117,121,122,23,118,120,55975],"class_list":{"0":"post-204423","1":"post","2":"type-post","3":"status-publish","4":"format-standard","5":"has-post-thumbnail","7":"category-ciencia-y-tecnologia","8":"tag-ciencia","9":"tag-ciencia-y-tecnologia","10":"tag-cienciaytecnologia","11":"tag-es","12":"tag-espana","13":"tag-meta-reality-labs","14":"tag-science","15":"tag-science-and-technology","16":"tag-scienceandtechnology","17":"tag-spain","18":"tag-technology","19":"tag-tecnologia","20":"tag-universidad-de-cambridge"},"share_on_mastodon":{"url":"https:\/\/pubeurope.com\/@es\/115448576185503002","error":""},"_links":{"self":[{"href":"https:\/\/www.europesays.com\/es\/wp-json\/wp\/v2\/posts\/204423","targetHints":{"allow":["GET"]}}],"collection":[{"href":"https:\/\/www.europesays.com\/es\/wp-json\/wp\/v2\/posts"}],"about":[{"href":"https:\/\/www.europesays.com\/es\/wp-json\/wp\/v2\/types\/post"}],"author":[{"embeddable":true,"href":"https:\/\/www.europesays.com\/es\/wp-json\/wp\/v2\/users\/2"}],"replies":[{"embeddable":true,"href":"https:\/\/www.europesays.com\/es\/wp-json\/wp\/v2\/comments?post=204423"}],"version-history":[{"count":0,"href":"https:\/\/www.europesays.com\/es\/wp-json\/wp\/v2\/posts\/204423\/revisions"}],"wp:featuredmedia":[{"embeddable":true,"href":"https:\/\/www.europesays.com\/es\/wp-json\/wp\/v2\/media\/204424"}],"wp:attachment":[{"href":"https:\/\/www.europesays.com\/es\/wp-json\/wp\/v2\/media?parent=204423"}],"wp:term":[{"taxonomy":"category","embeddable":true,"href":"https:\/\/www.europesays.com\/es\/wp-json\/wp\/v2\/categories?post=204423"},{"taxonomy":"post_tag","embeddable":true,"href":"https:\/\/www.europesays.com\/es\/wp-json\/wp\/v2\/tags?post=204423"}],"curies":[{"name":"wp","href":"https:\/\/api.w.org\/{rel}","templated":true}]}}