{"id":204425,"date":"2025-10-27T22:50:10","date_gmt":"2025-10-27T22:50:10","guid":{"rendered":"https:\/\/www.europesays.com\/es\/204425\/"},"modified":"2025-10-27T22:50:10","modified_gmt":"2025-10-27T22:50:10","slug":"digi-se-refuerza-a-lo-grande-y-ya-esta-lista-para-dar-el-paso-mas-importante-desde-su-llegada-a-espana","status":"publish","type":"post","link":"https:\/\/www.europesays.com\/es\/204425\/","title":{"rendered":"DIGI se refuerza a lo grande y ya est\u00e1 lista para dar el paso m\u00e1s importante desde su llegada a Espa\u00f1a"},"content":{"rendered":"<p class=\"c-paragraph\">DIGI ha disipado todos los rumores de una posible compra por parte de <a href=\"https:\/\/computerhoy.20minutos.es\/moviles\/vodafone-hace-saltar-aires-guerra-tarifas-misterioso-plan-56-absolutamente-todo-precio-cerrado-definitivo-siempre-1487962\" title=\"Vodafone hace saltar por los aires la guerra de tarifas con su misterioso PLAN 56: absolutamente todo con precio cerrado y definitivo para siempre\" rel=\"nofollow noopener\" target=\"_blank\">Vodafone<\/a> o Telef\u00f3nica, detr\u00e1s de Movistar y O2. La operadora de origen rumano <strong>vive su mejor momento rozando los 10 millones de clientes en el primer semestre del a\u00f1o<\/strong>, quieren mantener esta buena tendencia.<\/p>\n<p class=\"c-paragraph\">La compa\u00f1\u00eda pretende dejar de ser una OMV (operadora m\u00f3vil virtual) controlando su propia infraestructura m\u00f3vil y de fibra, antes alquilada a Telef\u00f3nica. A esto se suma una de sus estrategias m\u00e1s arriesgadas: la inminente <a href=\"https:\/\/computerhoy.20minutos.es\/moviles\/digi-salida-bolsa-espana-como-afectara-clientes-1483373\" title=\"DIGI a punto de tomar la decisi\u00f3n m\u00e1s cr\u00edtica desde su llegada a Espa\u00f1a: \u00bfc\u00f3mo afectar\u00e1 a sus clientes?\" rel=\"nofollow noopener\" target=\"_blank\">salida a Bolsa de DIGI<\/a>.<\/p>\n<p>DIGI sigue adelante con su salida a Bolsa<\/p>\n<p class=\"c-paragraph\">La operadora de origen rumano apunta a Vodafone en la tercera posici\u00f3n en n\u00famero de clientes, pero tiene planes a\u00fan m\u00e1s ambiciosos. <a href=\"https:\/\/computerhoy.20minutos.es\/moviles\/clientes-quejan-digi-responde-solucionando-problemas-criticados-1487848\" title=\"Los clientes de DIGI se quejan y la compa\u00f1\u00eda responde solucionando uno de los problemas m\u00e1s criticados\" rel=\"nofollow noopener\" target=\"_blank\">DIGI<\/a> ha contratado recientemente a Rothschild, un asesor financiero que estar\u00eda estudiando la viabilidad de este proyecto.<\/p>\n<p class=\"c-paragraph\">DIGI avanza con sus planes para salir a Bolsa en Espa\u00f1a en 2026. La operadora de origen rumano <strong>acaba de contratar a Barclays, Santander y UBS, que se encargar\u00e1n de la coordinaci\u00f3n global de la operaci\u00f3n burs\u00e1til.<\/strong><\/p>\n<p class=\"c-paragraph\">Barclays, Santander y UBS van a ser los l\u00edderes del sindicato bancario, aunque por el momento est\u00e1 en una fase inicial. Si se cumplen los planes de la operadora, podr\u00edan salir a Bolsa en la primavera de 2026.<\/p>\n<p>M\u00e1s financiaci\u00f3n de DIGI para seguir creciendo en Espa\u00f1a<\/p>\n<p class=\"c-paragraph\">DIGI <a href=\"https:\/\/computerhoy.20minutos.es\/moviles\/digi-confirma-rumores-algo-muy-gordo-aproxima-calma-clientes-no-perderemos-control-1484133\" title=\"DIGI confirma los rumores de que algo muy gordo se aproxima y calma a sus clientes: \" no=\"\" perderemos=\"\" el=\"\" control=\"\" rel=\"nofollow noopener\" target=\"_blank\">quiere seguir creciendo en solitario en Espa\u00f1a<\/a> a pesar de no tener un calendario definitivo, los analistas apuntan al pr\u00f3ximo mes de mayo. La divisi\u00f3n espa\u00f1ola de la multinacional DIGI Romania <strong>podr\u00eda intentar adelantarse a la inminente salida al mercado de valores de MasOrange en abril del pr\u00f3ximo a\u00f1o<\/strong>, aunque ser\u00eda complicado.<\/p>\n<p class=\"c-paragraph\">La operadora podr\u00eda intentar acelerar sus planes a cualquier precio. Los inversores prefieren operaciones m\u00e1s seguras y <a href=\"https:\/\/computerhoy.20minutos.es\/moviles\/digi-desata-caos-rivales-movistar-masorange-vodafone-pierden-guerra-tarifas-baratas-1486553\" title=\"DIGI desata el caos entre sus rivales: Movistar, MasOrange y Vodafone se pierden en la guerra de las tarifas baratas\" rel=\"nofollow noopener\" target=\"_blank\">MasOrange<\/a> jugar\u00eda con ventaja en este caso, tienden a apostar por compa\u00f1\u00edas grandes y consolidadas.<\/p>\n<p class=\"c-paragraph\">A pesar de que la operadora de bajo coste podr\u00eda tener algunas dificultades al inicio, DIGI sigue adelante con su salida a Bolsa. Esta operaci\u00f3n le permitir\u00eda obtener una enorme financiaci\u00f3n para seguir creciendo en Espa\u00f1a con su red de fibra y <a href=\"https:\/\/computerhoy.20minutos.es\/entretenimiento\/starlink-consigue-velocidades-record-espana-rapido-5g-operadoras-como-movistar-vodafone-1482915\" title=\"Starlink consigue velocidades de r\u00e9cord en Espa\u00f1a: es m\u00e1s r\u00e1pido que el 5G de operadoras como Movistar o Vodafone\" rel=\"nofollow noopener\" target=\"_blank\">m\u00f3vil 5G<\/a>.<\/p>\n<p class=\"c-paragraph\">El crecimiento de los \u00faltimos a\u00f1os le ha convertido en el <strong>cuarto operador espa\u00f1ol con una valoraci\u00f3n de unos 2.500 millones de euros, incluyendo el capital y la deuda.<\/strong> DIGI espera sacar al mercado entre el 25% y el 30% del capital con una oferta p\u00fablica de suscripci\u00f3n (OPS) de nuevas acciones y una oferta p\u00fablica de venta (OPV) con t\u00edtulos existentes.<\/p>\n<p class=\"c-paragraph\">DIGI se ha convertido en un duro competidor para Vodafone, MasOrange y Movistar. Su cuota de mercado en Espa\u00f1a roza el 10% en n\u00famero de clientes y cerca del 3,5% en ingresos con sus tarifas low cost.<\/p>\n<p>Otros art\u00edculos interesantes:<\/p>\n","protected":false},"excerpt":{"rendered":"DIGI ha disipado todos los rumores de una posible compra por parte de Vodafone o Telef\u00f3nica, detr\u00e1s de&hellip;\n","protected":false},"author":2,"featured_media":204426,"comment_status":"","ping_status":"","sticky":false,"template":"","format":"standard","meta":{"footnotes":""},"categories":[80],"tags":[82,34205,95,94,25,24,699,3703,7745,23,3352],"class_list":{"0":"post-204425","1":"post","2":"type-post","3":"status-publish","4":"format-standard","5":"has-post-thumbnail","7":"category-economia","8":"tag-business","9":"tag-digi","10":"tag-economia","11":"tag-economy","12":"tag-es","13":"tag-espana","14":"tag-grande","15":"tag-refuerza","16":"tag-se","17":"tag-spain","18":"tag-ya"},"share_on_mastodon":{"url":"https:\/\/pubeurope.com\/@es\/115448579694320804","error":""},"_links":{"self":[{"href":"https:\/\/www.europesays.com\/es\/wp-json\/wp\/v2\/posts\/204425","targetHints":{"allow":["GET"]}}],"collection":[{"href":"https:\/\/www.europesays.com\/es\/wp-json\/wp\/v2\/posts"}],"about":[{"href":"https:\/\/www.europesays.com\/es\/wp-json\/wp\/v2\/types\/post"}],"author":[{"embeddable":true,"href":"https:\/\/www.europesays.com\/es\/wp-json\/wp\/v2\/users\/2"}],"replies":[{"embeddable":true,"href":"https:\/\/www.europesays.com\/es\/wp-json\/wp\/v2\/comments?post=204425"}],"version-history":[{"count":0,"href":"https:\/\/www.europesays.com\/es\/wp-json\/wp\/v2\/posts\/204425\/revisions"}],"wp:featuredmedia":[{"embeddable":true,"href":"https:\/\/www.europesays.com\/es\/wp-json\/wp\/v2\/media\/204426"}],"wp:attachment":[{"href":"https:\/\/www.europesays.com\/es\/wp-json\/wp\/v2\/media?parent=204425"}],"wp:term":[{"taxonomy":"category","embeddable":true,"href":"https:\/\/www.europesays.com\/es\/wp-json\/wp\/v2\/categories?post=204425"},{"taxonomy":"post_tag","embeddable":true,"href":"https:\/\/www.europesays.com\/es\/wp-json\/wp\/v2\/tags?post=204425"}],"curies":[{"name":"wp","href":"https:\/\/api.w.org\/{rel}","templated":true}]}}