{"id":204427,"date":"2025-10-27T22:51:10","date_gmt":"2025-10-27T22:51:10","guid":{"rendered":"https:\/\/www.europesays.com\/es\/204427\/"},"modified":"2025-10-27T22:51:10","modified_gmt":"2025-10-27T22:51:10","slug":"jueces-de-belgica-advierten-de-que-el-pais-esta-en-vias-de-convertirse-en-un-narcoestado-internacional","status":"publish","type":"post","link":"https:\/\/www.europesays.com\/es\/204427\/","title":{"rendered":"Jueces de B\u00e9lgica advierten de que el pa\u00eds est\u00e1 en v\u00edas de convertirse en un narcoestado | Internacional"},"content":{"rendered":"<p class=\"\">La alarma son\u00f3 primero en Amberes, cuyo gigantesco puerto hace tiempo que se convirti\u00f3 en una de las principales entradas de coca\u00edna en Europa. Luego se extendi\u00f3 a Bruselas, donde desde hace m\u00e1s de un a\u00f1o, <a href=\"https:\/\/elpais.com\/internacional\/2025-06-22\/la-violencia-entre-las-bandas-criminales-se-desboca-en-bruselas.html\" target=\"_self\" rel=\"nofollow noopener\" title=\"https:\/\/elpais.com\/internacional\/2025-06-22\/la-violencia-entre-las-bandas-criminales-se-desboca-en-bruselas.html\">las noticias de tiroteos en plena calle<\/a> por presuntos ajustes de cuentas entre bandas de droga se han convertido en casi una rutina m\u00e1s de la capital belga. Los jueces del pa\u00eds constatan ahora lo que diversas voces llevan tiempo advirtiendo: las redes del narcotr\u00e1fico est\u00e1n tan extendidas en B\u00e9lgica \u2015y ejercen tal poder en la sombra\u2015 que el pa\u00eds est\u00e1 en v\u00edas de convertirse en un narcoestado. Solo una estrategia \u201cestructural\u201d lograr\u00e1 evitar que se caiga en lo peor, advierten.<\/p>\n<p class=\"\">\u201cAfrontamos una amenaza organizada que mina nuestras instituciones\u201d, alerta una juez de instrucci\u00f3n de Amberes en una carta abierta publicada este lunes bajo condici\u00f3n de anonimato en el portal oficial de los <a href=\"https:\/\/www.rechtbanken-tribunaux.be\/nl\/nieuwsartikel-lokaal\/open-brief-van-een-onderzoeksrechter-voor-de-commissie-justitie\" target=\"_self\" rel=\"nofollow noopener\" title=\"https:\/\/www.rechtbanken-tribunaux.be\/nl\/nieuwsartikel-lokaal\/open-brief-van-een-onderzoeksrechter-voor-de-commissie-justitie\">tribunales belgas<\/a>. En el pa\u00eds \u201cse han afianzado amplias estructuras mafiosas, que se han convertido en una fuerza paralela que desaf\u00eda no solo a la polic\u00eda, sino tambi\u00e9n al poder judicial\u201d, subraya la magistrada, que revela que tuvo que pasar cuatro meses escondida bajo vigilancia policial por amenazas e intimidaciones por sus investigaciones sobre casos de narcotr\u00e1fico. Algo que, acota, le ha pasado tambi\u00e9n a varios de sus colegas, muchos de los cuales viven bajo protecci\u00f3n policial.<\/p>\n<p class=\"\">En 2022, el entonces ministro de Justicia belga, Vincent van Quickenborne, tambi\u00e9n <a href=\"https:\/\/elpais.com\/internacional\/2022-10-23\/amenazas-secuestros-y-tiroteos-paises-bajos-y-belgica-se-miran-en-el-espejo-del-narcoestado.html\" target=\"_self\" rel=\"nofollow noopener\" title=\"https:\/\/elpais.com\/internacional\/2022-10-23\/amenazas-secuestros-y-tiroteos-paises-bajos-y-belgica-se-miran-en-el-espejo-del-narcoestado.html\">tuvo que mudarse a una direcci\u00f3n secreta<\/a> junto con su familia y bajo redoblada protecci\u00f3n policial debido a amenazas del narcotr\u00e1fico. Una situaci\u00f3n que se replic\u00f3 en el vecino Pa\u00edses Bajos, donde tanto la princesa Amalia de Orange, como en la \u00e9poca primer ministro y hoy secretario general de la OTAN, Mark Rutte, tambi\u00e9n recibieron una protecci\u00f3n reforzada tras ser amenazados por bandas criminales.<\/p>\n<p class=\"\">La carta de la magistrada publicada ahora forma parte de una campa\u00f1a del sistema judicial belga para denunciar la falta de recursos y seguridad que los aqueja en el marco de una lucha contra el narcotr\u00e1fico que requiere m\u00e1s recursos estatales. \u201cSi el poder judicial comienza a funcionar mal, se trata de un peligroso ataque a nuestra democracia\u201d, se\u00f1ala la juez en este sentido, recordando que \u201ccada vez es m\u00e1s dif\u00edcil encontrar a jueces dispuestos a realizar su trabajo\u201d en este tipo de casos.<\/p>\n<p class=\"\">\u201c\u00bfEstamos evolucionando hacia un narcoestado?\u201d, abunda la juez, para a continuaci\u00f3n pasar a enumerar las caracter\u00edsticas que marcan este concepto y que considera se est\u00e1n cumpliendo en B\u00e9lgica: una multimillonaria econom\u00eda ilegal \u201cparalela\u201d, corrupci\u00f3n que \u201cest\u00e1 permeando las instituciones\u201d y violencia e \u201cintimidaci\u00f3n\u201d de la justicia.<\/p>\n<p class=\"\">\u201c\u00bfEstamos exagerando? Seg\u00fan nuestra comisionada de drogas, esta evoluci\u00f3n ya ha comenzado. Mis colegas y yo compartimos esa opini\u00f3n\u201d, agrega en referencia a las reiteradas advertencias de la comisionada federal antidroga, Ine Van Wymersch, sobre la peligrosa senda hacia un narcoestado en la que se encuentra imbuido el pa\u00eds. Van Wymersch, una antigua fiscal, estren\u00f3 el puesto de comisionada antidrogas en febrero de 2023. Un cargo con el que el antiguo gobierno del liberal Alexander De Croo buscaba <a href=\"https:\/\/elpais.com\/internacional\/2023-08-20\/las-drogas-y-la-violencia-rompen-la-tranquila-bruselas.html\" target=\"_self\" rel=\"nofollow noopener\" title=\"https:\/\/elpais.com\/internacional\/2023-08-20\/las-drogas-y-la-violencia-rompen-la-tranquila-bruselas.html\">coordinar la lucha contra el creciente problema<\/a> de la criminalidad ligada al narcotr\u00e1fico, cuesti\u00f3n sin resolver hasta hoy.<\/p>\n<p class=\"\">El pasado septiembre, el actual ministro del Interior, Bernard Quintin, lleg\u00f3 a plantear la posibilidad de que soldados patrullen junto con la polic\u00eda algunos de los puntos m\u00e1s conflictivos de la droga. En Bruselas y, especialmente, alrededor de las estaciones de tren, en el marco de una intensificada vigilancia que por el momento no parece haber reportado grandes resultados: solo en lo que va de a\u00f1o, se han reportado m\u00e1s de medio centenar de tiroteos en la capital belga relacionados con ajustes de cuentas entre bandas. Una veintena de ellos, durante el verano.<\/p>\n<p class=\"\">El caso m\u00e1s espectacular se produjo en febrero, cuando un grupo de <a href=\"https:\/\/elpais.com\/internacional\/2025-02-05\/la-policia-de-belgica-busca-a-los-autores-de-un-tiroteo-con-kalashnikov-y-sin-heridos-en-bruselas.html#?rel=mas\" target=\"_self\" rel=\"nofollow noopener\" title=\"https:\/\/elpais.com\/internacional\/2025-02-05\/la-policia-de-belgica-busca-a-los-autores-de-un-tiroteo-con-kalashnikov-y-sin-heridos-en-bruselas.html#?rel=mas\">j\u00f3venes encapuchados la emprendi\u00f3 a tiros<\/a> en una estaci\u00f3n de metro capitalina con fusiles kalashnikov y huy\u00f3 despu\u00e9s por los t\u00faneles del metro. A\u00fan no han sido detenidos. <\/p>\n<p class=\"\">En su misiva, que ha sido publicada despu\u00e9s de una reuni\u00f3n de la judicatura con la Comisi\u00f3n de Justicia federal para debatir los problemas \u201cestructurales\u201d ante la amenaza criminal, la juez plantea varias medidas de corto plazo para permitir que los magistrados puedan seguir haciendo su trabajo sin miedo ni amenazas: una legislaci\u00f3n que les permita trabajar \u201can\u00f3nimamente\u201d, un \u201cpunto de contacto permanente\u201d con el Ministerio de Interior y Justicia y un protocolo para jueces amenazados; un seguro ante \u201cda\u00f1os materiales y personales\u201d de jueces y familiares en caso de ataque y la \u201cprotecci\u00f3n\u201d de las direcciones de los magistrados en registros nacionales. Pero las reformas deben tener un car\u00e1cter \u201cestructural prioritario\u201d y afrontar diversos desaf\u00edos profundos del pa\u00eds, agrega la magistrada, que pide una \u201cestrategia sostenible\u201d que tenga especialmente en vista el problema de las <a href=\"https:\/\/elpais.com\/internacional\/2025-07-28\/se-busca-prision-con-celdas-libres-europa-quiere-recolocar-presos-en-el-extranjero-ante-el-colapso-de-sus-carceles.html\" target=\"_self\" rel=\"nofollow noopener\" title=\"https:\/\/elpais.com\/internacional\/2025-07-28\/se-busca-prision-con-celdas-libres-europa-quiere-recolocar-presos-en-el-extranjero-ante-el-colapso-de-sus-carceles.html\">\u201cc\u00e1rceles superpobladas\u201d<\/a> y el constante uso de tel\u00e9fonos celulares \u2014pese a estar prohibidos\u2014 por parte de los presos, entre otros.<\/p>\n<p class=\"\">\u201cLa cuesti\u00f3n no es si el Estado de derecho est\u00e1 amenazado, porque ya lo est\u00e1. La cuesti\u00f3n es c\u00f3mo se defender\u00e1 nuestro Estado\u201d, zanja.<\/p>\n","protected":false},"excerpt":{"rendered":"La alarma son\u00f3 primero en Amberes, cuyo gigantesco puerto hace tiempo que se convirti\u00f3 en una de las&hellip;\n","protected":false},"author":2,"featured_media":204428,"comment_status":"","ping_status":"","sticky":false,"template":"","format":"standard","meta":{"footnotes":""},"categories":[42],"tags":[3171,17,18,27522,794,700,13,14,11,61,62,63,64,2158,19,20,7337,9,10,15,16,12,21,22,1617,65,66,67],"class_list":{"0":"post-204427","1":"post","2":"type-post","3":"status-publish","4":"format-standard","5":"has-post-thumbnail","7":"category-internacional","8":"tag-belgica","9":"tag-breaking-news","10":"tag-breakingnews","11":"tag-crimen-organizado","12":"tag-drogas","13":"tag-europa","14":"tag-featured-news","15":"tag-featurednews","16":"tag-headlines","17":"tag-internacional","18":"tag-international","19":"tag-international-news","20":"tag-internationalnews","21":"tag-justicia","22":"tag-latest-news","23":"tag-latestnews","24":"tag-narcotrafico","25":"tag-news","26":"tag-noticias","27":"tag-noticias-destacadas","28":"tag-noticiasdestacadas","29":"tag-titulares","30":"tag-ultimas-noticias","31":"tag-ultimasnoticias","32":"tag-union-europea","33":"tag-world","34":"tag-world-news","35":"tag-worldnews"},"share_on_mastodon":{"url":"https:\/\/pubeurope.com\/@es\/115448583980048156","error":""},"_links":{"self":[{"href":"https:\/\/www.europesays.com\/es\/wp-json\/wp\/v2\/posts\/204427","targetHints":{"allow":["GET"]}}],"collection":[{"href":"https:\/\/www.europesays.com\/es\/wp-json\/wp\/v2\/posts"}],"about":[{"href":"https:\/\/www.europesays.com\/es\/wp-json\/wp\/v2\/types\/post"}],"author":[{"embeddable":true,"href":"https:\/\/www.europesays.com\/es\/wp-json\/wp\/v2\/users\/2"}],"replies":[{"embeddable":true,"href":"https:\/\/www.europesays.com\/es\/wp-json\/wp\/v2\/comments?post=204427"}],"version-history":[{"count":0,"href":"https:\/\/www.europesays.com\/es\/wp-json\/wp\/v2\/posts\/204427\/revisions"}],"wp:featuredmedia":[{"embeddable":true,"href":"https:\/\/www.europesays.com\/es\/wp-json\/wp\/v2\/media\/204428"}],"wp:attachment":[{"href":"https:\/\/www.europesays.com\/es\/wp-json\/wp\/v2\/media?parent=204427"}],"wp:term":[{"taxonomy":"category","embeddable":true,"href":"https:\/\/www.europesays.com\/es\/wp-json\/wp\/v2\/categories?post=204427"},{"taxonomy":"post_tag","embeddable":true,"href":"https:\/\/www.europesays.com\/es\/wp-json\/wp\/v2\/tags?post=204427"}],"curies":[{"name":"wp","href":"https:\/\/api.w.org\/{rel}","templated":true}]}}