{"id":204439,"date":"2025-10-27T23:02:09","date_gmt":"2025-10-27T23:02:09","guid":{"rendered":"https:\/\/www.europesays.com\/es\/204439\/"},"modified":"2025-10-27T23:02:09","modified_gmt":"2025-10-27T23:02:09","slug":"dubasin-critica-su-expulsion-la-foto-parece-un-codazo-de-la-virgen-pero-solo-queria-bloquearle-y-le-rozo-sin-querer-la-voz-de-asturias","status":"publish","type":"post","link":"https:\/\/www.europesays.com\/es\/204439\/","title":{"rendered":"Dubasin critica su expulsi\u00f3n: \u00abLa foto parece un codazo de la virgen, pero solo quer\u00eda bloquearle y le rozo sin querer\u00bb &#8211; La Voz de Asturias"},"content":{"rendered":"<ol>\n<li><a href=\"https:\/\/news.google.com\/rss\/articles\/CBMitgJBVV95cUxQYXNiakxlNkV5WXR3YU5PT2MxWHhCM1E2MFRTZlFLQV9BNHVzUkJrUVRBX2NnX1dIeENtRnBBMzE5M29MV2RuNGxrcW5NcFpxTTFGMHlwdlhxX0pCa25pVUoxcjFOcVZoR293ZEczYVZiX1dnWFBRMFItZHdYVmgxTmhpY1dYaVBNN0pvVmN6b0JMZ3l5WDBGQmtKZV9NOG9YeFVEV0pWV2xwZTh3ZHNLZ0oyemVuZTNCU2daSTZvTnh6MGN2clE0Q3YzTVN4dDdPTWhscko5OGZKcUVqLTBLRmJMSlZBclB1TlpEM3JYdFNOZ0JqT2NxX2xFS3k5dGswVEV4WS1yRG9aTEpXdmtadUhhUDFKNlQ5QlFsdEpsc3QwSFV0cVprQ2NjdjNtOURYLTBPQWVR0gHSAkFVX3lxTFA1ZnVZYXptOWdrczg5aV9nQUxvRGltSXhZQjlvcXc4bENaZ2NDNmFfQzJRTGdVWmdvRTB4Tk1DUUJYcG5oRHFQVVFheEozR0xCTUptdmFVd1NTVDJWTXQzYjVkcmI1VzVEeThEZ3FBR1BrdVJCYnRXX3YxRElsSDZpbC1OR1NKT1NoQkpsTDl3N0ZHWFZOUERyVnBHS2E4Nl9JUnZnUXJvcGQ2Vi0tZ0toenNoMExzM0t1M1ViaEZwek1WUERTaUtWQU5qNENnLXFqNjVqMWtMalh5OGd6STA2MC1hX2kxTjcxQTdPWmJDdU12OGFOQjdOU0VfTjhWTFVLZng5bWhTUm9TNV8zNnJ5VmE0NWs3eWM1eDBIaUVjZWdHRkV0SzdXZUx6cEMyLWZCclgwTUs1WEowN2RuOEhYTnVrTFhTTGdEUjZybmczMXJR?oc=5\" target=\"_blank\" rel=\"nofollow noopener\">Dubasin critica su expulsi\u00f3n: \u00abLa foto parece un codazo de la virgen, pero solo quer\u00eda bloquearle y le rozo sin querer\u00bb<\/a>&nbsp;&nbsp;La Voz de Asturias<\/li>\n<li><a href=\"https:\/\/news.google.com\/rss\/articles\/CBMi2AFBVV95cUxOY0oxS0cyMHFpS3hKQjlWVVk1cVhKZTlfYWREWThVYnV5azBlVzB2Y3JyNm9jNE9qY3laSHlIc3ZTN1lyM1p6UWN6c0tBc1NIczVfS3dGT0hBSkZBalIyWWlZa1kwM3pSR1BRSHdoejU3QUNsZE1xdEU2WEJLRlI5dWJhNWNEWGdhbnVFSkR3dWRXd1NlRDhrQURwS0R4bnJmWnQ0Z19Eek9UWDJ3SjI2WkxwU2ZZOTdQQVdMbHBDbUlmYlo1aGdRaGlNLVdLTmpMS09wemN6M07SAfQBQVVfeXFMUGxtVDIwRWNPb2JBdjZDVmFpRmZwSTc1UkkxZ1laa282emNzTlR6eWVJaGtJeFlqRURxdjRnSTlRbUlMUy1jV1YwNzI2Qm9GMGNrcU9NV0M3RGo2dE9UMy0zdTJYRmFwQ3BKc1VwaHg4aVRmN25WNC00bFllLS1QaE1JRzI0SzJGRV95MF92UUlrbGVuVW45WWVXXy1VY1F4RWdwNVFZc2sxXzFWSzRhcDc0YVhfMkZpcFIwb0F1b1hERThGWnQ2emRvNzdLOFpkNVBQZ1dpbDI0WlVKa2s1eVhOZV8tbGxZMC01NTY4VlNIMzV0eA?oc=5\" target=\"_blank\" rel=\"nofollow noopener\">V\u00eddeo: La pol\u00e9mica expulsi\u00f3n de Dubasin en la victoria del Sporting contra el Zaragoza<\/a>&nbsp;&nbsp;La Voz de Asturias<\/li>\n<li><a href=\"https:\/\/news.google.com\/rss\/articles\/CBMi2wFBVV95cUxPa3RZYjRpX0tidy1fRG1JdUowNGZZZEJhV2xWV2dhWUxhdVdhUWFWdEJsX0d6T2xiN0RBbmFwRDBjaGU0eXNPSGY4VXJyaFR2MWRkZDdTT0ZCNkpqUkdCYTIyaUs0VkVuWGFKRmpWOVR1eDBFeENLMUc2RW5DN3ViUXV1U2xnTFRjNHg0MGlGcmRoUkxyei16RkVXYWN4a0tYV2t1RDlsbEx1aUN6X3dnQk91ODRxOEtlVzBubk41YjZVQy00LVpSMjFra2tyQUxldEJubFNZclU4c1nSAe8BQVVfeXFMUC1Cd3lyZk9ocXdvNHVlUFFRT1ZVX0EwTUdVQ2FyQmxWSXdCWHl5S1dhTzBtSkJqNmNvQl9EMUJZeEpSdHE2UjMyYkhtZ1J2TG15VlhzbGtuRVFHd2RiMHd1U2lEb0FYZU40NklCTllBeEZmNldwYWtfRUdsTmV4SmVJYmZhN3g3NVNIbHFaMUtlUXNHcllrSDVrazltTEE2M0hBa2VXQldBTVRvWXhyU3d3aG0zZ0hXY1o0eXM5N0lBZGYydmtyVy15N1NJNktDMkhyNEdMQURLemN3T3NtdTkwdHR0SFpSMlVhdEE0XzQ?oc=5\" target=\"_blank\" rel=\"nofollow noopener\">La reacci\u00f3n de Dubasin a su expulsi\u00f3n: \u00abParece un codazo de la virgen, pero no muevo el brazo\u00bb<\/a>&nbsp;&nbsp;Cadena SER<\/li>\n<li><a href=\"https:\/\/news.google.com\/rss\/articles\/CBMipgFBVV95cUxNR0hrZEJJQ0s0WTJrYVRTUnBMaTAwRVNNYndvYzdQTjNwTHBpY3pUY1VBMU5sSkk4Q1ZNV2FsQVlpaGRUV2JvdUdJOXU4NFR2R0MyTTZSN2txY3NwV0UxVXFBc0RZZWpUdHFrNjVKRF9BNExfT3VPUmg3THVhRi1kWFd2M3hXNXhzZ1UxTjBDaTAzeWxSemM1Y3JpRWdWRTYwdjNpNi1B?oc=5\" target=\"_blank\" rel=\"nofollow noopener\">Dubasin: \u201cA veces ponen fotos que parece que partes en dos al futbolista\u201d<\/a>&nbsp;&nbsp;Diario AS<\/li>\n<li><a href=\"https:\/\/news.google.com\/rss\/articles\/CBMiywFBVV95cUxPZmh2QW9kRHRuOVkzWFdiR2k5Sm5HMzZYejlNM19JaFlWbjJYT0dDRGpGZExmS2dMbUJIa0Jyb3NacXF5VmQ1NjlNWm1qMktYUUlFa0lSZjVXRkJLWndGMUQ2U0JUUHpxcXB6Z3JWWnlnb1NGLWpxUnJMa0VhbDI5STY1X1hIQ0xCeWZ6ckVjQ2c1RUl2NzhRWlZ5U0N1eElobWhhaXFndFNLdXhOUlFrdDZzT0RiRDFiYURuV1pWM1FVNWxla1ZlczUzUdIB0wFBVV95cUxOSl9oejltU1kyMGN3cnFjUHNnTUpIbFZYTUxNM1V4SDhWaFFwQ0xCT1hJZUZvcWtMdjAzakVtdVpyQUxneG5vOFlJN0FKaTBBeUpvTjdCa1JRYlpXTW5RajJucXRaellnMFp1djZLZm1ITUhsVEtVb1hIVXVVUGlSYmJyWHJZXzV0LTN1alktNC1jM0locDVyUzMza3M2SHl2cWc5WWUwMGhQWm92U21MbE5IZGZwTkI0V184cHlEV1dlejNZVVVDSkxTS3pZTU9RVjc4?oc=5\" target=\"_blank\" rel=\"nofollow noopener\">El audio VAR de la expulsi\u00f3n de Jonathan Dubasin en el Sporting &#8211; Zaragoza<\/a>&nbsp;&nbsp;ElDesmarque<\/li>\n<\/ol>\n","protected":false},"excerpt":{"rendered":"Dubasin critica su expulsi\u00f3n: \u00abLa foto parece un codazo de la virgen, pero solo quer\u00eda bloquearle y le&hellip;\n","protected":false},"author":2,"featured_media":204440,"comment_status":"","ping_status":"","sticky":false,"template":"","format":"standard","meta":{"footnotes":""},"categories":[268],"tags":[168,25,24,280,282,281,23,4783,167],"class_list":{"0":"post-204439","1":"post","2":"type-post","3":"status-publish","4":"format-standard","5":"has-post-thumbnail","7":"category-futbol","8":"tag-deportes","9":"tag-es","10":"tag-espana","11":"tag-football","12":"tag-futbol","13":"tag-soccer","14":"tag-spain","15":"tag-sporting-de-gijon","16":"tag-sports"},"share_on_mastodon":{"url":"https:\/\/pubeurope.com\/@es\/115448626868885697","error":""},"_links":{"self":[{"href":"https:\/\/www.europesays.com\/es\/wp-json\/wp\/v2\/posts\/204439","targetHints":{"allow":["GET"]}}],"collection":[{"href":"https:\/\/www.europesays.com\/es\/wp-json\/wp\/v2\/posts"}],"about":[{"href":"https:\/\/www.europesays.com\/es\/wp-json\/wp\/v2\/types\/post"}],"author":[{"embeddable":true,"href":"https:\/\/www.europesays.com\/es\/wp-json\/wp\/v2\/users\/2"}],"replies":[{"embeddable":true,"href":"https:\/\/www.europesays.com\/es\/wp-json\/wp\/v2\/comments?post=204439"}],"version-history":[{"count":0,"href":"https:\/\/www.europesays.com\/es\/wp-json\/wp\/v2\/posts\/204439\/revisions"}],"wp:featuredmedia":[{"embeddable":true,"href":"https:\/\/www.europesays.com\/es\/wp-json\/wp\/v2\/media\/204440"}],"wp:attachment":[{"href":"https:\/\/www.europesays.com\/es\/wp-json\/wp\/v2\/media?parent=204439"}],"wp:term":[{"taxonomy":"category","embeddable":true,"href":"https:\/\/www.europesays.com\/es\/wp-json\/wp\/v2\/categories?post=204439"},{"taxonomy":"post_tag","embeddable":true,"href":"https:\/\/www.europesays.com\/es\/wp-json\/wp\/v2\/tags?post=204439"}],"curies":[{"name":"wp","href":"https:\/\/api.w.org\/{rel}","templated":true}]}}