{"id":204442,"date":"2025-10-27T23:04:09","date_gmt":"2025-10-27T23:04:09","guid":{"rendered":"https:\/\/www.europesays.com\/es\/204442\/"},"modified":"2025-10-27T23:04:09","modified_gmt":"2025-10-27T23:04:09","slug":"un-escultor-logro-vender-una-estatua-invisible-por-15-000-euros","status":"publish","type":"post","link":"https:\/\/www.europesays.com\/es\/204442\/","title":{"rendered":"un escultor logr\u00f3 vender una estatua \u00abinvisible\u00bb por 15.000 euros"},"content":{"rendered":"<p class=\"c-paragraph\">Salvatore Garau\u00a0es uno de los artistas m\u00e1s destacados actualmente en el mundo del <a href=\"https:\/\/www.20minutos.es\/tags\/temas\/arte.html\" title=\"Arte\" rel=\"nofollow noopener\" target=\"_blank\">arte <\/a>contempor\u00e1neo. A sus 71 a\u00f1os, el escultor italiano busca crear una disciplina que va m\u00e1s all\u00e1 de lo que puede verse. Aunque, lo que no podr\u00eda imaginarse es que su concepto inmaterial superar\u00eda cualquier l\u00edmite con su \u00faltima creaci\u00f3n, Io Sono (Yo soy).\u00a0<\/p>\n<p class=\"c-paragraph\">Y es que, a diferencia del resto de sus obras, esta se trata de una escultura invisible que, a pesar de que no se pueda ver ni tocar Garau asegura que s\u00ed que existe realmente, simplemente est\u00e1 hecha de \u00abaire y esp\u00edritu\u00bb. \u00ab<b>Escultura inmaterial para colocar en un espacio libre<\/b>\u00a0de cualquier estorbo\u00bb, defini\u00f3 el autor en su certificado de autenticidad.\u00a0<\/p>\n<p class=\"c-paragraph\">De hecho, en el resguardo explic\u00f3 cada detalle de la obra para que el comprador pudiera saber de qu\u00e9 se trataba. \u00abDimensiones variables, aproximadamente 200 x 200 cm. <b>Obra acompa\u00f1ada de un certificado de autenticidad emitido por el artista<\/b>. Obra archivada con el n. IM5. Procedencia: Colecci\u00f3n particular, Mil\u00e1n\u00bb. As\u00ed, con todos los datos, sali\u00f3 a la venta en 2021 con una estimaci\u00f3n de 12.000 a 16.000 euros.\u00a0<\/p>\n<p class=\"c-paragraph\">Finalmente, la obra se vendi\u00f3 por 15.000 a un comprador an\u00f3nimo. Aunque, lejos de las cr\u00edticas, para el artist<b>a la obra no ten\u00eda un sentido f\u00edsico, sino conceptual<\/b>. De hecho, lo \u00fanico que adquiri\u00f3 el comprador fue el certifciado donde se explicaba c\u00f3mo y donde exhibir la figura. As\u00ed, lejos de ser una \u00abparadoja\u00bb como se\u00f1alaron algunos expertos, para Garu es algo que va mucho m\u00e1s all\u00e1.\u00a0<\/p>\n<p class=\"c-paragraph\">Seg\u00fan confes\u00f3 a trav\u00e9s de su perfil de <a href=\"https:\/\/www.20minutos.es\/tags\/temas\/instagram.html\" title=\"Instagram\" rel=\"nofollow noopener\" target=\"_blank\">Instagram<\/a>, la idea es dar valor al \u00abvac\u00edo\u00bb pues la figura m\u00e1s que ser una imagen es una reflexi\u00f3n sobre la percepci\u00f3n del espectador. De este modo se trata de un trabajo completamente subjetivo por el que cada persona pueda tener una visi\u00f3n propia y \u00fanica.\u00bb\u00a0<b><b>El vac\u00edo no es otra cosa que un espacio lleno de energ\u00eda<\/b><\/b>\u00a0que se condensa y se convierte en part\u00edculas, en fin, \u00a1en nosotros! Y aunque lo vaciemos y no quede nada, seg\u00fan el principio de incertidumbre de Heisenberg, esa nada tiene un peso\u00bb, destac\u00f3 el autor.\u00a0<\/p>\n<p class=\"c-paragraph\">Por ello, m\u00e1s que una figura, es el espacio lo que importa: \u00abCuando decido exponer una escultura inmaterial en un espacio determinado, <b>ese espacio concentrar\u00e1 una cierta cantidad y densidad de pensamientos<\/b> en un punto preciso, creando una escultura que desde mi t\u00edtulo solo tomar\u00e1 las formas m\u00e1s variadas\u00bb.<\/p>\n","protected":false},"excerpt":{"rendered":"Salvatore Garau\u00a0es uno de los artistas m\u00e1s destacados actualmente en el mundo del arte contempor\u00e1neo. A sus 71&hellip;\n","protected":false},"author":2,"featured_media":204443,"comment_status":"","ping_status":"","sticky":false,"template":"","format":"standard","meta":{"footnotes":""},"categories":[173],"tags":[229,233,231,230,232,234,146,147,25,14397,24,5183,2074,23,32684],"class_list":{"0":"post-204442","1":"post","2":"type-post","3":"status-publish","4":"format-standard","5":"has-post-thumbnail","7":"category-arte-y-diseno","8":"tag-arte","9":"tag-arte-y-diseno","10":"tag-arts","11":"tag-arts-and-design","12":"tag-design","13":"tag-diseno","14":"tag-entertainment","15":"tag-entretenimiento","16":"tag-es","17":"tag-escultor","18":"tag-espana","19":"tag-nada","20":"tag-que","21":"tag-spain","22":"tag-vender"},"share_on_mastodon":{"url":"https:\/\/pubeurope.com\/@es\/115448634607990567","error":""},"_links":{"self":[{"href":"https:\/\/www.europesays.com\/es\/wp-json\/wp\/v2\/posts\/204442","targetHints":{"allow":["GET"]}}],"collection":[{"href":"https:\/\/www.europesays.com\/es\/wp-json\/wp\/v2\/posts"}],"about":[{"href":"https:\/\/www.europesays.com\/es\/wp-json\/wp\/v2\/types\/post"}],"author":[{"embeddable":true,"href":"https:\/\/www.europesays.com\/es\/wp-json\/wp\/v2\/users\/2"}],"replies":[{"embeddable":true,"href":"https:\/\/www.europesays.com\/es\/wp-json\/wp\/v2\/comments?post=204442"}],"version-history":[{"count":0,"href":"https:\/\/www.europesays.com\/es\/wp-json\/wp\/v2\/posts\/204442\/revisions"}],"wp:featuredmedia":[{"embeddable":true,"href":"https:\/\/www.europesays.com\/es\/wp-json\/wp\/v2\/media\/204443"}],"wp:attachment":[{"href":"https:\/\/www.europesays.com\/es\/wp-json\/wp\/v2\/media?parent=204442"}],"wp:term":[{"taxonomy":"category","embeddable":true,"href":"https:\/\/www.europesays.com\/es\/wp-json\/wp\/v2\/categories?post=204442"},{"taxonomy":"post_tag","embeddable":true,"href":"https:\/\/www.europesays.com\/es\/wp-json\/wp\/v2\/tags?post=204442"}],"curies":[{"name":"wp","href":"https:\/\/api.w.org\/{rel}","templated":true}]}}