{"id":204470,"date":"2025-10-27T23:24:16","date_gmt":"2025-10-27T23:24:16","guid":{"rendered":"https:\/\/www.europesays.com\/es\/204470\/"},"modified":"2025-10-27T23:24:16","modified_gmt":"2025-10-27T23:24:16","slug":"el-baskonia-busca-aplacar-su-crisis-europea-contra-el-dubai","status":"publish","type":"post","link":"https:\/\/www.europesays.com\/es\/204470\/","title":{"rendered":"El Baskonia busca aplacar su crisis europea contra el Dub\u00e1i"},"content":{"rendered":"<p>\n        El <a href=\"https:\/\/www.noticiasdealava.eus\/baskonia\/\" title=\"Baskonia\" class=\"link copy\" rel=\"nofollow noopener\" target=\"_blank\">Baskonia<\/a> tendr\u00e1 este martes a partir de las 20.30 horas una <strong>nueva oportunidad de poner fin al calvario<\/strong> que est\u00e1 sufriendo en el comienzo de temporada en la Euroliga y <strong>sumar su primera victoria<\/strong> al casillero despu\u00e9s de haber ca\u00eddo derrotado en las seis primeras jornadas.\u00a0\n<\/p>\n<p class=\"article-body__text \">\n        Para ello, deber\u00e1 imponerse al <strong>Dub\u00e1i Basketball<\/strong>, una de las novedades de esta temporada en el torneo continental que <strong>visitar\u00e1 por primera vez<\/strong> en su corta historia de dos a\u00f1os el Fernando Buesa Arena.\n<\/p>\n<p>            <a href=\"https:\/\/www.noticiasdealava.eus\/baskonia\/2025\/10\/27\/recuerdo-especial-baskonia-deportivo-familiar-10271270.html\" title=\"&quot;Tengo un recuerdo especial del Baskonia en lo deportivo y en lo familiar&quot;\" class=\"new__media\" rel=\"nofollow noopener\" target=\"_blank\"><\/p>\n<p>                <img alt=\"&quot;Tengo un recuerdo especial del Baskonia en lo deportivo y en lo familiar&quot;\" data-src=\"https:\/\/www.europesays.com\/es\/wp-content\/uploads\/2025\/10\/41a58743-e788-4f28-95b7-345e280ee3d3_16-9-aspect-ratio_default_0.jpg\" class=\"lozad\"\/><\/p>\n<p>        <\/a><\/p>\n<p>        <a href=\"https:\/\/www.noticiasdealava.eus\/baskonia\/2025\/10\/27\/recuerdo-especial-baskonia-deportivo-familiar-10271270.html\" title=\"&quot;Tengo un recuerdo especial del Baskonia en lo deportivo y en lo familiar&quot;\" class=\"new__headline\" rel=\"nofollow noopener\" target=\"_blank\"><br \/>\n            \u00abTengo un recuerdo especial del Baskonia en lo deportivo y en lo familiar\u00bb<br \/>\n        <\/a><\/p>\n<p class=\"article-body__text \">\n        El conjunto \u00e1rabe, <strong>construido a golpe de talonario<\/strong> desde cero, est\u00e1 mostr\u00e1ndose impredecible en su primera campa\u00f1a en la Euroliga, en la que ha sumado <strong>tres victorias de m\u00e9rito<\/strong> contra equipos poderosos como el <strong>Fenerbahce<\/strong>, vigente campe\u00f3n, el <strong>Barcelona<\/strong> o el <strong>Partizan<\/strong>, pero tambi\u00e9n fue <strong>derrotado con contundencia<\/strong> en cancha del <strong>Olympiacos (86-67)<\/strong>, del <strong>M\u00f3naco (103-81)<\/strong> y en \u00faltima instancia del<strong> Asvel (85-79).<\/strong>\n<\/p>\n<p class=\"article-body__text \">\n        A domicilio, quiz\u00e1s condicionado por los largos viajes que tiene que realizar la plantilla, el Dub\u00e1i se est\u00e1 mostrando m\u00e1s fr\u00e1gil y <strong>el Baskonia deber\u00e1 intentar aprovechar el factor cancha<\/strong>, que ayudar\u00e1 a equilibrar la balanza ante una plantilla de muchos quilates.\n<\/p>\n<p>            <a href=\"https:\/\/www.noticiasdealava.eus\/baskonia\/2025\/10\/27\/indar-baskonia-acudira-partido-dubai-10269730.html\" title=\"Indar Baskonia no acudir\u00e1 al partido contra el Dub\u00e1i\" class=\"new__media\" rel=\"nofollow noopener\" target=\"_blank\"><\/p>\n<p>                <img alt=\"Indar Baskonia no acudir\u00e1 al partido contra el Dub\u00e1i\" data-src=\"https:\/\/www.europesays.com\/es\/wp-content\/uploads\/2025\/10\/96708675-922e-4725-a29c-ccd752643e01_16-9-aspect-ratio_default_0.jpg\" class=\"lozad\"\/><\/p>\n<p>        <\/a><\/p>\n<p>        <a href=\"https:\/\/www.noticiasdealava.eus\/baskonia\/2025\/10\/27\/indar-baskonia-acudira-partido-dubai-10269730.html\" title=\"Indar Baskonia no acudir\u00e1 al partido contra el Dub\u00e1i\" class=\"new__headline\" rel=\"nofollow noopener\" target=\"_blank\"><br \/>\n            Indar Baskonia no acudir\u00e1 al partido contra el Dub\u00e1i<br \/>\n        <\/a><\/p>\n<p class=\"article-body__text \">\n        No en vano, el conjunto dirigido por <strong>Jurica Golemac<\/strong> cuenta en n\u00f3mina con referentes de sobra conocidos en la Euroliga como el alero <strong>Dwayne Bacon, autor de 15,7 puntos por encuentro<\/strong>, el ex del Barcelona <strong>Justin Anderson<\/strong>, el talentoso interior <strong>Filip Petrusev, que registra 14,8 puntos <\/strong>y 7,3 rebotes por partido, el exvalencianista<strong> Klemen Prepelic<\/strong> o la privilegiada mu\u00f1eca del exbaskonista <strong>Davis Bertans.<\/strong>\n<\/p>\n<p class=\"article-body__text \">\n        A ello hay que sumar el talento de <strong>dos debutantes<\/strong> en el torneo con n\u00fameros fant\u00e1sticos como <strong>el p\u00edvot<\/strong> <strong>Mfiondu Kabengele<\/strong>, que promete poner en muchas dificultades al mermado juego interior baskonista con sus 16,2 puntos y 6,7 rebotes por encuentro, <strong>o el base con pasado en la NBA McKinley Wright IV.<\/strong>\n<\/p>\n<p>            <a href=\"https:\/\/www.noticiasdealava.eus\/baskonia\/2025\/10\/26\/herida-baskonia-vez-grande-89-ucam-murcia-baskonia-10266371.html\" title=\"La herida del Baskonia, cada vez m\u00e1s grande\" class=\"new__media\" rel=\"nofollow noopener\" target=\"_blank\"><\/p>\n<p>                <img alt=\"La herida del Baskonia, cada vez m\u00e1s grande\" data-src=\"https:\/\/www.europesays.com\/es\/wp-content\/uploads\/2025\/10\/07c1c031-0d8f-4a20-a103-9e6bd6aecee6_16-9-aspect-ratio_default_0_x1061y233.jpg\" class=\"lozad\"\/><\/p>\n<p>        <\/a><\/p>\n<p>        <a href=\"https:\/\/www.noticiasdealava.eus\/baskonia\/2025\/10\/26\/herida-baskonia-vez-grande-89-ucam-murcia-baskonia-10266371.html\" title=\"La herida del Baskonia, cada vez m\u00e1s grande\" class=\"new__headline\" rel=\"nofollow noopener\" target=\"_blank\"><br \/>\n            La herida del Baskonia, cada vez m\u00e1s grande<br \/>\n        <\/a><\/p>\n<p class=\"article-body__text \">\n        El conjunto dubait\u00ed arrastra la <strong>importante baja de una de sus principales estrellas, el exmadridista Dzanan Musa<\/strong>, adem\u00e1s de las de los bases <strong>Nate Mason y Aleksa Avramovic<\/strong> y el portentoso p\u00edvot<strong> Mam Jaiteh<\/strong>, aunque ha cubierto esas importantes ausencias con los recientes fichajes de los exteriores<strong> Boogie Ellis<\/strong>, procedente del Alba Berl\u00edn, y <strong>Taran Armstrong<\/strong>, llegado desde la Liga de Desarrollo de la NBA.\n<\/p>\n<p class=\"article-body__text \">\n        El conjunto dubait\u00ed, a pesar de ser un equipo nuevo, apuesta por<strong> un estilo de baloncesto cl\u00e1sico<\/strong>, en el que busca <strong>posesiones en est\u00e1tico y mastica mucho sus ataques<\/strong> para encontrar buenas situaciones en el poste y acudir a la l\u00ednea de tiros libres sin abusar del tiro exterior.\u00a0\n<\/p>\n<p>            <a href=\"https:\/\/www.noticiasdealava.eus\/baskonia\/2025\/10\/26\/galbiati-habla-salida-samanic-baskonia-ucam-murcia-baskonia-liga-endesa-10266964.html\" title=\"Galbiati, sobre la salida de Samanic: &quot;El que sabe, sabe&quot;\" class=\"new__media\" rel=\"nofollow noopener\" target=\"_blank\"><\/p>\n<p>                <img alt=\"Galbiati, sobre la salida de Samanic: &quot;El que sabe, sabe&quot;\" data-src=\"https:\/\/www.europesays.com\/es\/wp-content\/uploads\/2025\/10\/ee4df8af-a888-4f78-b302-344098358b01_16-9-aspect-ratio_default_0.jpg\" class=\"lozad\"\/><\/p>\n<p>        <\/a><\/p>\n<p>        <a href=\"https:\/\/www.noticiasdealava.eus\/baskonia\/2025\/10\/26\/galbiati-habla-salida-samanic-baskonia-ucam-murcia-baskonia-liga-endesa-10266964.html\" title=\"Galbiati, sobre la salida de Samanic: &quot;El que sabe, sabe&quot;\" class=\"new__headline\" rel=\"nofollow noopener\" target=\"_blank\"><br \/>\n            Galbiati, sobre la salida de Samanic: \u00abEl que sabe, sabe\u00bb<br \/>\n        <\/a><\/p>\n<p class=\"article-body__text \">\n        De hecho, es <strong>el segundo equipo que juega m\u00e1s despacio de la competici\u00f3n<\/strong> por detr\u00e1s del Fenerbahce, mientras que <strong>el Baskonia es el tercero que m\u00e1s posesiones realiza <\/strong>por choque. Por lo tanto, buena parte de las opciones de victoria de los alaveses pasar\u00e1n por llevar el encuentro a su terreno e inyectar algo de locura a un choque que exigir\u00e1 a los de Galbiati dar lo mejor de s\u00ed.<\/p>\n","protected":false},"excerpt":{"rendered":"El Baskonia tendr\u00e1 este martes a partir de las 20.30 horas una nueva oportunidad de poner fin al&hellip;\n","protected":false},"author":2,"featured_media":204471,"comment_status":"","ping_status":"","sticky":false,"template":"","format":"standard","meta":{"footnotes":""},"categories":[269],"tags":[55999,299,298,4714,331,4170,168,25,24,2080,23,167],"class_list":{"0":"post-204470","1":"post","2":"type-post","3":"status-publish","4":"format-standard","5":"has-post-thumbnail","7":"category-baloncesto","8":"tag-aplacar","9":"tag-baloncesto","10":"tag-basketball","11":"tag-baskonia","12":"tag-busca","13":"tag-crisis","14":"tag-deportes","15":"tag-es","16":"tag-espana","17":"tag-europea","18":"tag-spain","19":"tag-sports"},"share_on_mastodon":{"url":"https:\/\/pubeurope.com\/@es\/115448713398993361","error":""},"_links":{"self":[{"href":"https:\/\/www.europesays.com\/es\/wp-json\/wp\/v2\/posts\/204470","targetHints":{"allow":["GET"]}}],"collection":[{"href":"https:\/\/www.europesays.com\/es\/wp-json\/wp\/v2\/posts"}],"about":[{"href":"https:\/\/www.europesays.com\/es\/wp-json\/wp\/v2\/types\/post"}],"author":[{"embeddable":true,"href":"https:\/\/www.europesays.com\/es\/wp-json\/wp\/v2\/users\/2"}],"replies":[{"embeddable":true,"href":"https:\/\/www.europesays.com\/es\/wp-json\/wp\/v2\/comments?post=204470"}],"version-history":[{"count":0,"href":"https:\/\/www.europesays.com\/es\/wp-json\/wp\/v2\/posts\/204470\/revisions"}],"wp:featuredmedia":[{"embeddable":true,"href":"https:\/\/www.europesays.com\/es\/wp-json\/wp\/v2\/media\/204471"}],"wp:attachment":[{"href":"https:\/\/www.europesays.com\/es\/wp-json\/wp\/v2\/media?parent=204470"}],"wp:term":[{"taxonomy":"category","embeddable":true,"href":"https:\/\/www.europesays.com\/es\/wp-json\/wp\/v2\/categories?post=204470"},{"taxonomy":"post_tag","embeddable":true,"href":"https:\/\/www.europesays.com\/es\/wp-json\/wp\/v2\/tags?post=204470"}],"curies":[{"name":"wp","href":"https:\/\/api.w.org\/{rel}","templated":true}]}}