{"id":204487,"date":"2025-10-27T23:34:08","date_gmt":"2025-10-27T23:34:08","guid":{"rendered":"https:\/\/www.europesays.com\/es\/204487\/"},"modified":"2025-10-27T23:34:08","modified_gmt":"2025-10-27T23:34:08","slug":"drag-race-saco-del-armario-a-franco-resucito-a-rita-barbera-y-critico-a-la-religion-catolica-en-su-gala-mas-politica","status":"publish","type":"post","link":"https:\/\/www.europesays.com\/es\/204487\/","title":{"rendered":"&#8216;Drag Race&#8217; \u00absac\u00f3 del armario\u00bb a Franco, &#8216;resucit\u00f3&#8217; a Rita Barber\u00e1 y critic\u00f3 a la religi\u00f3n cat\u00f3lica en su gala m\u00e1s pol\u00edtica"},"content":{"rendered":"<p class=\"article-text\">\n        <strong>Drag Race Espa\u00f1a<\/strong> se acerca ya al ecuador de su quinta edici\u00f3n en <strong>Atresplayer <\/strong>y este domingo vivi\u00f3 una nueva expulsi\u00f3n tras su gala m\u00e1s pol\u00edtica hasta el momento. Antes de lanzar una cr\u00edtica un\u00e1nime a la religi\u00f3n cat\u00f3lica y su influencia en la educaci\u00f3n espa\u00f1ola, el talent show de transformismo de<strong> Atresmedia <\/strong>sorprendi\u00f3 a sus seguidores con una parodia de<strong> Francisco Franco<\/strong> y otra de <strong>Rita Barber\u00e1<\/strong>, a los que resucitaron respectivamente <strong>Laca Udilla<\/strong> y <strong>Ferrxn<\/strong>, dos de las reinas del programa.\n    <\/p>\n<p>    <a href=\"https:\/\/www.eldiario.es\/vertele\/noticias\/drag-race-estreno-maricones-franco-muerto-caudilla-sorprendio-mecanica-novedosa-giro-final-atresplayer_1_12641708.html\" data-mrf-recirculation=\"saber-mas\" data-dl-event=\"saber-mas\" rel=\"nofollow noopener\" target=\"_blank\"><\/p>\n<p class=\"know-more__title\">\u00abMaricones, Franco ha muerto\u00bb: &#8216;Drag Race 5&#8217; sorprendi\u00f3 en su estreno con una &#8216;caudilla&#8217;, mec\u00e1nica novedosa y giro final<\/p>\n<p>            <img decoding=\"async\" class=\"lazy\" loading=\"lazy\" data-src=\"https:\/\/static.eldiario.es\/clip\/b8ffbbc2-d2ce-443d-93c6-563481cad105_16-9-aspect-ratio_default_0.jpg\" src=\"data:image\/svg+xml,%3Csvg xmlns=\" http:=\"\" viewbox=\"0 0 880 495\" alt=\"&quot;Maricones, Franco ha muerto&quot;: 'Drag Race 5' sorprendi\u00f3 en su estreno con una 'caudilla', mec\u00e1nica novedosa y giro final\"\/><\/p>\n<p>                        <\/a><\/p>\n<p class=\"article-text\">\n        Ocurri\u00f3 durante una de las pruebas m\u00e1s esperadas por los fans de Drag Race: el emblem\u00e1tico <strong>snatch game<\/strong>, un reto en el que las participantes deben hacer sus propias <strong>imitaciones y s\u00e1tiras<\/strong> <strong>de personajes <\/strong>populares -reales o ficticios- mientras improvisan respuestas en el contexto de un concurso televisivo. Este cuenta siempre con dos invitados famosos, en este caso el actor <strong>Brays Efe <\/strong>y la cantante y actriz <strong>Yenesi<\/strong>.\n    <\/p>\n<p class=\"article-text\">\n        Durante la preparaci\u00f3n del &#8216;challenge&#8217; Laca Udilla, que ya en su presentaci\u00f3n<a href=\"https:\/\/www.eldiario.es\/vertele\/noticias\/drag-race-estreno-maricones-franco-muerto-caudilla-sorprendio-mecanica-novedosa-giro-final-atresplayer_1_12641708.html\" target=\"_blank\" data-mrf-recirculation=\"links-noticia\" class=\"link\" rel=\"nofollow noopener\"> implant\u00f3 &#8216;su propia dictadura&#8217;<\/a>, explic\u00f3 a<strong> Supremme de Luxe <\/strong>por qu\u00e9 decidi\u00f3 parodiar a Franco: \u201cVoy a hacer de una persona muy querida en este pa\u00eds, muy de nostalgia y muy antigua, como a m\u00ed me gusta\u201d, empez\u00f3 diciendo con iron\u00eda.<strong> \u201cSi no hac\u00eda yo de Francisco Franco, \u00bfqui\u00e9n lo iba a hacer aqu\u00ed?\u201d<\/strong>, confirm\u00f3 la valenciana.\n    <\/p>\n<p class=\"article-text\">\n        \u201cVoy a hacer de Franco pero lo voy a versionar. Estar\u00e1 un poco inspirado en La Huesito\u201d, avanz\u00f3 Laca Udilla. \u201cLo que m\u00e1s me gusta hacer de este personaje es pegarle <strong>un patad\u00f3n en la cara a todos los fascistas de este pa\u00eds.<\/strong> Franco ha muerto, asumidlo ya, chicas\u201d, afirm\u00f3 ante las c\u00e1maras de Atresmedia poco antes de ense\u00f1ar su imitaci\u00f3n, una versi\u00f3n de Franco en la que el dictador decid\u00eda declararse homosexual.\n    <\/p>\n<p class=\"article-text\">\n        Al introducirlo, Supremme de Luxe reconoci\u00f3 sus dudas sobre c\u00f3mo se sentir\u00eda Franco \u201centre tanta travesti\u201d. Sin embargo, nada m\u00e1s arrancar su discurso, la parodia de \u201cPaquito\u201d dejaba clara sus intenciones: \u201cEstoy sublevada viva. Despu\u00e9s de 50 a\u00f1os en el infierno, solo tengo una cosa que decir: \u00a1Maricones, Franco ha vuelto! <strong>Efectivamente, he salido del armario y soy una m\u00e1s de todas las que est\u00e1is aqu\u00ed<\/strong>\u201d, asegur\u00f3 Laca Udilla, que explicaba haber sacado \u201cel aguilucho\u201d de la bandera espa\u00f1ola para hacerse una gran boa de plumas.\n    <\/p>\n<blockquote class=\"twitter-tweet\" data-lang=\"es\"><p><a href=\"https:\/\/twitter.com\/X\/status\/1982824614683185215?ref_src=twsrc%5Etfw\" rel=\"nofollow noopener\" target=\"_blank\"><\/p><\/blockquote>\n<p class=\"article-text\">\n        Por su parte, Ferrxn ironiz\u00f3 al asegurar que iba a hacer de \u201cun se\u00f1or de bandera, un icono pop de la cultura valenciana, un pol\u00edtico que todo el mundo conoce\u201d como es Rita Barber\u00e1. Durante el snatch game la participante recuper\u00f3 alguno de sus momentos m\u00e1s destacados, como <strong>\u201cel caloret faller\u201d<\/strong>, tir\u00f3 algunos petardos, y acab\u00f3 <strong>bes\u00e1ndose con la parodia de Isabel Pantoja<\/strong> llevada a cabo por su compa\u00f1era <strong>Sat\u00edn Greco.<\/strong>\n    <\/p>\n<p>    La cr\u00edtica de las reinas de Drag Race a la religi\u00f3n cat\u00f3lica<\/p>\n<p class=\"article-text\">\n        Precisamante Ferrxn volvi\u00f3 a ser protagonista de la gala de<strong> <\/strong>Drag Race Espa\u00f1a al desvelar un triste episodio de su ni\u00f1ez. El testimonio lleg\u00f3 cuando <strong>Dafne Mugler <\/strong>afirm\u00f3 que el snatch game le hab\u00eda recordado a \u201ccuando estaba en el colegio y me quedaba con ganas de decir algo porque todo el mundo hablaba a la vez\u201d. Fue entonces cuando Ferrxn reconoci\u00f3 que le resultaba muy complicado recordar su etapa estudiantil, ya que hab\u00eda estado en <strong>un colegio cat\u00f3lico que le caus\u00f3 una traum\u00e1tica experiencia.<\/strong>\n    <\/p>\n<p class=\"article-text\">\n        \u201cMe acuerdo solo del primer y del \u00faltimo d\u00eda, no me acuerdo nada de por medio, ni de las excursiones, ni de los profesores, ni de los ex\u00e1menes&#8230;\u201d,  desvel\u00f3 Ferrxn, que en un total a c\u00e1mara a\u00f1adi\u00f3 que \u201cno hay d\u00eda que no me levante y me acuerde de que <strong>mis padres, sabiendo que yo era marica, me llevaron a un cole cat\u00f3lico\u201d. <\/strong>\n    <\/p>\n<p class=\"article-text\">\n        La participante cont\u00f3 que en su colegio hab\u00eda dos iglesias a las cuales<strong> le fue prohibida la entrada<\/strong> y revel\u00f3 el lamentable mensaje que le dijo su profesora de biolog\u00eda: \u201cMe dijo que no me preocupara que con los avances de la ciencia<strong> los genomas se pod\u00edan aislar y lo m\u00edo ten\u00eda cura<\/strong>\u201d, a\u00f1adi\u00f3, visiblemente emocionada. \u201cA m\u00ed me pas\u00f3 lo mismo hasta que no me confirm\u00e9. Cuando nos confirmamos mi hermano y yo, <strong>el Padre Pablo nos dijo que menos mal porque ya nos daba por perdidos<\/strong>\u201d, a\u00f1adi\u00f3 por su parte Nyx.\n    <\/p>\n<p>    <a href=\"https:\/\/www.eldiario.es\/vertele\/noticias\/cristina-medina-portavoz-protesta-sevilla-cribados-cancer-no-quedar-video_1_12716965.html\" data-mrf-recirculation=\"saber-mas-abajo\" data-dl-event=\"saber-mas-abajo\" rel=\"nofollow noopener\" target=\"_blank\"><\/p>\n<p class=\"know-more__title\">Cristina Medina fue portavoz de la protesta en Sevilla por la crisis de los cribados: \u00abEsto no puede quedar as\u00ed\u00bb<\/p>\n<p>            <img decoding=\"async\" class=\"lazy\" loading=\"lazy\" data-src=\"https:\/\/static.eldiario.es\/clip\/935a6aba-5415-4811-876b-39bf3a5095e4_16-9-aspect-ratio_default_0.jpg\" src=\"data:image\/svg+xml,%3Csvg xmlns=\" http:=\"\" viewbox=\"0 0 880 495\" alt=\"Cristina Medina fue portavoz de la protesta en Sevilla por la crisis de los cribados: &quot;Esto no puede quedar as\u00ed&quot;\"\/><\/p>\n<p>                        <\/a><\/p>\n<p class=\"article-text\">\n        \u201cPara las personas del colectivo que no hemos nacido bajo la norma el tema de la religi\u00f3n es muy complicado. Es cierto que hay personas que han tenido una experiencia muy buena y que les da igual todo, pero hay otras que han tenido aut\u00e9nticos traumas\u201d, reflexion\u00f3 <strong>Den\u00e9bola Murnau<\/strong> antes de un runway que acab\u00f3 con <strong>la expulsi\u00f3n de Krystal Forever <\/strong>tras perder su batalla de lipsync frente a <strong>Alexandra del Raval.<\/strong>\n    <\/p>\n<blockquote class=\"twitter-tweet\" data-lang=\"es\"><p><a href=\"https:\/\/twitter.com\/X\/status\/1982534500098662876?ref_src=twsrc%5Etfw\" rel=\"nofollow noopener\" target=\"_blank\"><\/p><\/blockquote>\n<p>                                    <script async src=\"https:\/\/platform.twitter.com\/widgets.js\" charset=\"utf-8\"><\/script><\/p>\n","protected":false},"excerpt":{"rendered":"Drag Race Espa\u00f1a se acerca ya al ecuador de su quinta edici\u00f3n en Atresplayer y este domingo vivi\u00f3&hellip;\n","protected":false},"author":2,"featured_media":204488,"comment_status":"","ping_status":"","sticky":false,"template":"","format":"standard","meta":{"footnotes":""},"categories":[91],"tags":[41644,56009,53680,2474,42143,146,147,25,24,4999,1649,952,3154,5603,56008,12995,19365,23],"class_list":{"0":"post-204487","1":"post","2":"type-post","3":"status-publish","4":"format-standard","5":"has-post-thumbnail","7":"category-entretenimiento","8":"tag-armario","9":"tag-barbera","10":"tag-catolica","11":"tag-critico","12":"tag-drag","13":"tag-entertainment","14":"tag-entretenimiento","15":"tag-es","16":"tag-espana","17":"tag-franco","18":"tag-gala","19":"tag-politica","20":"tag-race","21":"tag-religion","22":"tag-resucito","23":"tag-rita","24":"tag-saco","25":"tag-spain"},"share_on_mastodon":{"url":"https:\/\/pubeurope.com\/@es\/115448752685143770","error":""},"_links":{"self":[{"href":"https:\/\/www.europesays.com\/es\/wp-json\/wp\/v2\/posts\/204487","targetHints":{"allow":["GET"]}}],"collection":[{"href":"https:\/\/www.europesays.com\/es\/wp-json\/wp\/v2\/posts"}],"about":[{"href":"https:\/\/www.europesays.com\/es\/wp-json\/wp\/v2\/types\/post"}],"author":[{"embeddable":true,"href":"https:\/\/www.europesays.com\/es\/wp-json\/wp\/v2\/users\/2"}],"replies":[{"embeddable":true,"href":"https:\/\/www.europesays.com\/es\/wp-json\/wp\/v2\/comments?post=204487"}],"version-history":[{"count":0,"href":"https:\/\/www.europesays.com\/es\/wp-json\/wp\/v2\/posts\/204487\/revisions"}],"wp:featuredmedia":[{"embeddable":true,"href":"https:\/\/www.europesays.com\/es\/wp-json\/wp\/v2\/media\/204488"}],"wp:attachment":[{"href":"https:\/\/www.europesays.com\/es\/wp-json\/wp\/v2\/media?parent=204487"}],"wp:term":[{"taxonomy":"category","embeddable":true,"href":"https:\/\/www.europesays.com\/es\/wp-json\/wp\/v2\/categories?post=204487"},{"taxonomy":"post_tag","embeddable":true,"href":"https:\/\/www.europesays.com\/es\/wp-json\/wp\/v2\/tags?post=204487"}],"curies":[{"name":"wp","href":"https:\/\/api.w.org\/{rel}","templated":true}]}}