{"id":204505,"date":"2025-10-27T23:50:35","date_gmt":"2025-10-27T23:50:35","guid":{"rendered":"https:\/\/www.europesays.com\/es\/204505\/"},"modified":"2025-10-27T23:50:35","modified_gmt":"2025-10-27T23:50:35","slug":"reencuentros-en-el-edificio-estel-durante-el-48h-open-house-tu-eres-telefonico-no","status":"publish","type":"post","link":"https:\/\/www.europesays.com\/es\/204505\/","title":{"rendered":"Reencuentros en el edificio Estel durante el 48h Open House: \u201c\u00bfT\u00fa eres telef\u00f3nico, no?\u201d"},"content":{"rendered":"<p data-gtm-element-container=\"modulo-texto-link\" class=\"paragraph\">En el 48h Open House Barcelona se genera un compadreo similar al de los viajes organizados. La cola, compartir ascensor, aguantar una puerta, ceder el paso en los pasillos, esperar a los mayores&#8230; En la edici\u00f3n n\u00famero 16 de esta iniciativa se ha unido a la larga lista de propuestas el <a href=\"https:\/\/www.lavanguardia.com\/local\/barcelona\/20250718\/10901557\/barcelona-crea-nueva-pista-aterrizaje-inversiones-extranjeras.html\" target=\"_blank\" rel=\"nofollow noopener\">edificio Estel<\/a>, en la avenida Roma. Es una pieza \u00fanica (el domingo no abre, se siente&#8230;), y a esa sensaci\u00f3n de paseo en familia se le ha unido este s\u00e1bado el emotivo reencuentro de extrabajadores de Telef\u00f3nica que durante d\u00e9cadas ocuparon una mesa en este inmueble de arquitectura racionalista. \u201c\u00bfT\u00fa eres telef\u00f3nico, no?\u201d, le pregunta Antoni a un rostro familiar. El hombre niega con la cabeza algo contrariado, aunque a Joaquim, otro exempleado de visita, tambi\u00e9n le suena la cara. A los cinco minutos, un grito desde el grupo que va detr\u00e1s: \u201c\u00a1Quim!\u201d. Otro colega de los a\u00f1os 90 con el que compartieron planta y vetusta tecnolog\u00eda. \u201cEsto se merece un selfie\u201d. Abrazo y fotograf\u00eda para el recuerdo.<\/p>\n<p>                <img loading=\"lazy\" decoding=\"async\" data-full-src=\"https:\/\/www.lavanguardia.com\/uploads\/2025\/10\/25\/68fcf741b8510.jpeg\" alt=\"El impresionante vest\u00edbulo del edificio Estel, durante las visitas guiadas de este s\u00e1bado\" width=\"449\" height=\"299\" src=\"https:\/\/www.europesays.com\/es\/wp-content\/uploads\/2025\/10\/68fcf741b8510.jpeg\" class=\"lazy\"\/><\/p>\n<p class=\"caption-title \">El impresionante vest\u00edbulo del edificio Estel, durante las visitas guiadas de este s\u00e1bado\u00a0<\/p>\n<p>                    Man\u00e9 Espinosa<\/p>\n<p data-gtm-element-container=\"modulo-texto-link\" class=\"paragraph\">Tambi\u00e9n Maribel trabaj\u00f3 durante a\u00f1os en el edificio Estel. \u201cNo ten\u00edamos cantina, como mucho una sala de descanso con una cafetera\u201d. El patio interior no exist\u00eda porque los edificios \u2013uno de siete plantas y otro de 14\u2013 que conforman el conjunto estaban unidos. El departamento de informaci\u00f3n (el tel\u00e9fono 003), el de conmutaci\u00f3n, el de planificaci\u00f3n, transmisiones, demanda, el de comunicaciones nacionales e internacionales. \u201c\u00c9ramos casi 2.000 personas, y material por todas partes\u201d, evoca Joaquim desde la azotea que nunca hab\u00eda visitado.<\/p>\n<p>\u201cAqu\u00ed trabaj\u00e1bamos 2.00 personas junto a un mont\u00f3n de material\u201d, recuerda un antiguo empleado del inmueble<\/p>\n<p data-gtm-element-container=\"modulo-texto-link\" class=\"paragraph\">Llama la atenci\u00f3n el fuerte contraste entre la finca y la calle. Por un lado, un edificio majestuoso que ha sabido convertir un esqueleto en descomposici\u00f3n en un imponente y moderno contenedor de oficinas, con auditorio, gimnasio, salas de reuniones, comedor, un vest\u00edbulo de pel\u00edcula. Da gusto verlo, y da gusto comprobar que la rehabilitaci\u00f3n es a veces mucho mejor que la tabula rasa. Por el otro lado, una arteria magna, de las pocas que comparten la anchura de las m\u00e1s grandes (Diagonal, Meridiana y Gran Via), pero que ha quedado congelada en el tiempo, con parterres inertes, bancos destruidos, asfalto por doquier y coches aparcados en semibater\u00eda, como si aqu\u00ed, entre Viladomat y Tarragona, siempre fuera el d\u00eda de Sant Esteve. Es, adem\u00e1s, una de las pocas calles \u2013junto con Pere IV, Paral\u00b7lel, ronda de Sant Antoni, Pi i Margall o la avenida de Mistral- que rompen con la malla del Eixample. En este caso, al bueno de Ildefons Cerd\u00e0, a quien Barcelona sigue rindiendo homenaje con una ro\u00f1osa rotonda en la frontera con L\u2019Hospitalet, no le qued\u00f3 otra que respetar las v\u00edas del tren, que en la avenida Roma no quedaron completamente cubiertas hasta 1976. Por eso hasta el franquismo, la calle llevaba el descriptivo nombre de Diagonal del Ferrocarril.<\/p>\n<p>                <img loading=\"lazy\" decoding=\"async\" data-full-src=\"https:\/\/www.lavanguardia.com\/uploads\/2025\/10\/25\/68fcf788b712b.jpeg\" alt=\"La escalera central del edificio Estel\" width=\"449\" height=\"302\" src=\"https:\/\/www.europesays.com\/es\/wp-content\/uploads\/2025\/10\/68fcf788b712b.jpeg\" class=\"lazy\"\/><\/p>\n<p class=\"caption-title \">La escalera central del edificio Estel\u00a0<\/p>\n<p>                    Man\u00e9 Espinosa<\/p>\n<p data-gtm-element-container=\"modulo-texto-link\" class=\"paragraph\">En el 2004 y en el 2010 se llevaron a cabo sendas reurbanizaciones; primero hasta Urgell y luego hasta Viladomat. Se dice que todos los caminos llegan a Roma, pero en cuanto a las obras de mejora, al proyecto pendiente hasta la terminal de trenes le han pasado por delante las reformas de Gl\u00f2ries, Via Laietana, Meridiana o la Rambla. Incluso se col\u00f3 Pi i Margall, otro f\u00f3sil urban\u00edstico que ped\u00eda a gritos una actualizaci\u00f3n.<\/p>\n<p>                <img loading=\"lazy\" decoding=\"async\" data-full-src=\"https:\/\/www.lavanguardia.com\/uploads\/2025\/10\/25\/68fcf7af4f477.jpeg\" alt=\"Coches aparcados en semibater\u00eda, ante la fachada del edificio Estel\" width=\"449\" height=\"299\" src=\"https:\/\/www.europesays.com\/es\/wp-content\/uploads\/2025\/10\/68fcf7af4f477.jpeg\" class=\"lazy\"\/><\/p>\n<p class=\"caption-title \">Coches aparcados en semibater\u00eda, ante la fachada del edificio Estel\u00a0<\/p>\n<p>                    Man\u00e9 Espinosa<\/p>\n<p data-gtm-element-container=\"modulo-texto-link\" class=\"paragraph\">\u201cEl edificio no tiene nada que ver con lo que ten\u00edamos nosotros \u2013asevera Miguel, otro veterano de Telef\u00f3nica de visita en el Estel\u2013, pero la avenida Roma est\u00e1 igual\u201d. Justo delante de la entrada principal hay dos bancos de madera rotos, restos del botell\u00f3n del viernes y un parterre que no seduce ni a los perros. Apenas hay tr\u00e1fico porque las transformaciones previas ya restringieron el paso de veh\u00edculos, y la vida comercial es m\u00e1s bien escasa. \u201cTampoco hab\u00eda gran cosa entonces \u2013a\u00f1ade\u2013, pero s\u00ed recuerdo un restaurante en Proven\u00e7a con Cal\u00e0bria al que sol\u00eda ir a comer; ahora ir\u00e9 a ver si sigue abierto\u201d. Lo m\u00e1s probable, no nos enga\u00f1emos, es que ya no exista.<\/p>\n","protected":false},"excerpt":{"rendered":"En el 48h Open House Barcelona se genera un compadreo similar al de los viajes organizados. La cola,&hellip;\n","protected":false},"author":2,"featured_media":204506,"comment_status":"","ping_status":"","sticky":false,"template":"","format":"standard","meta":{"footnotes":""},"categories":[173],"tags":[229,233,231,230,232,234,146,147,25,24,23],"class_list":{"0":"post-204505","1":"post","2":"type-post","3":"status-publish","4":"format-standard","5":"has-post-thumbnail","7":"category-arte-y-diseno","8":"tag-arte","9":"tag-arte-y-diseno","10":"tag-arts","11":"tag-arts-and-design","12":"tag-design","13":"tag-diseno","14":"tag-entertainment","15":"tag-entretenimiento","16":"tag-es","17":"tag-espana","18":"tag-spain"},"share_on_mastodon":{"url":"https:\/\/pubeurope.com\/@es\/115448815949941294","error":""},"_links":{"self":[{"href":"https:\/\/www.europesays.com\/es\/wp-json\/wp\/v2\/posts\/204505","targetHints":{"allow":["GET"]}}],"collection":[{"href":"https:\/\/www.europesays.com\/es\/wp-json\/wp\/v2\/posts"}],"about":[{"href":"https:\/\/www.europesays.com\/es\/wp-json\/wp\/v2\/types\/post"}],"author":[{"embeddable":true,"href":"https:\/\/www.europesays.com\/es\/wp-json\/wp\/v2\/users\/2"}],"replies":[{"embeddable":true,"href":"https:\/\/www.europesays.com\/es\/wp-json\/wp\/v2\/comments?post=204505"}],"version-history":[{"count":0,"href":"https:\/\/www.europesays.com\/es\/wp-json\/wp\/v2\/posts\/204505\/revisions"}],"wp:featuredmedia":[{"embeddable":true,"href":"https:\/\/www.europesays.com\/es\/wp-json\/wp\/v2\/media\/204506"}],"wp:attachment":[{"href":"https:\/\/www.europesays.com\/es\/wp-json\/wp\/v2\/media?parent=204505"}],"wp:term":[{"taxonomy":"category","embeddable":true,"href":"https:\/\/www.europesays.com\/es\/wp-json\/wp\/v2\/categories?post=204505"},{"taxonomy":"post_tag","embeddable":true,"href":"https:\/\/www.europesays.com\/es\/wp-json\/wp\/v2\/tags?post=204505"}],"curies":[{"name":"wp","href":"https:\/\/api.w.org\/{rel}","templated":true}]}}