{"id":204509,"date":"2025-10-27T23:53:10","date_gmt":"2025-10-27T23:53:10","guid":{"rendered":"https:\/\/www.europesays.com\/es\/204509\/"},"modified":"2025-10-27T23:53:10","modified_gmt":"2025-10-27T23:53:10","slug":"cronica-y-fotos-de-lacuna-coil-nonpoint-en-madrid","status":"publish","type":"post","link":"https:\/\/www.europesays.com\/es\/204509\/","title":{"rendered":"Cr\u00f3nica y fotos de LACUNA COIL + NONPOINT en Madrid"},"content":{"rendered":"<p>\u00a0<\/p>\n<tr>\n<td>\n<img loading=\"lazy\" decoding=\"async\" src=\"https:\/\/www.europesays.com\/es\/wp-content\/uploads\/2025\/10\/1761609188_938_logo2025.png\" alt=\"LACUNA COIL\" width=\"300\" height=\"81\"\/>\n<\/td>\n<\/tr>\n<p><strong>+ NONPOINT<\/strong><\/p>\n<p align=\"center\"><strong>Lunes 20 de 0ctubre de 2025 \u2013 Sala Apolo \u2013 Barcelona<\/strong><\/p>\n<p>El viaje de <strong>LACUNA COIL<\/strong> ha sido largo a la par que productivo y apasionante. Los que hemos acompa\u00f1ado al combo milan\u00e9s a lo largo de su traves\u00eda les hemos visto crecer, evolucionar y consagrarse hasta convertirse en una de las formaciones m\u00e1s exitosas dentro del panorama\u00a0 internacional. Evidentemente, dejando a un lado la calidad de sus composiciones, mucho les ha ayudado la vistosidad de sus puestas en escena, y, por supuesto, el fant\u00e1stico t\u00e1ndem vocal que siempre han conformado <strong>Andrea Ferro<\/strong> y <strong>Cristina Scabbia<\/strong>. Muchas han sido las ocasiones en que los italianos se han dejado caer por los escenarios de nuestro pa\u00eds, y eso ha propiciado que la banda haya acabado atesorando a un buen n\u00famero de fieles incondicionales.<\/p>\n<p>De modo que como viene siendo habitual en todos sus periplos, la banda no quiso dejar pasar la ocasi\u00f3n para volver a hacer escala en nuestro pa\u00eds y presentar en sociedad el material de su lanzamiento m\u00e1s reciente, su d\u00e9cima entrega de estudio que lleva por t\u00edtulo \u201cSleepless Empire\u201d.<\/p>\n<p>En esta ocasi\u00f3n el lugar escogido para su reencuentro con el p\u00fablico catal\u00e1n fue la c\u00e9ntrica sala Apolo de El Paral.lel barcelon\u00e9s. Como compa\u00f1eros de viaje los italianos confiaron en <strong>NONPOINT<\/strong>, unos ilustres veteranos de la escena metal americana que aterrizaban por primera vez en nuestros escenarios para dar buena cuenta de un estilo que combina de forma rotunda y convincente: nu-metal, groove, y diferentes pinceladas de corte alternativo.<\/p>\n<tr>\n<td width=\"50%\">\n<a href=\"https:\/\/www.europesays.com\/es\/wp-content\/uploads\/2025\/10\/1761609189_48_6.jpg\" title=\"NONPOINT - Sala Apolo - Barcelona\" rel=\"lightbox[nonpoint]\" data-slb-active=\"1\" data-slb-asset=\"1530273129\" data-slb-internal=\"0\" data-slb-group=\"179082\"><img decoding=\"async\" src=\"https:\/\/www.europesays.com\/es\/wp-content\/uploads\/2025\/10\/1761609189_48_6.jpg\" alt=\"NONPOINT - Sala Apolo - Barcelona\" width=\"200\"\/><\/a>\n<\/td>\n<td width=\"50%\">\n<a href=\"https:\/\/www.europesays.com\/es\/wp-content\/uploads\/2025\/10\/1761609189_257_3.jpg\" title=\"NONPOINT - Sala Apolo - Barcelona\" rel=\"lightbox[nonpoint]\" data-slb-active=\"1\" data-slb-asset=\"1828210122\" data-slb-internal=\"0\" data-slb-group=\"179082\"><img decoding=\"async\" src=\"https:\/\/www.europesays.com\/es\/wp-content\/uploads\/2025\/10\/1761609189_257_3.jpg\" alt=\"NONPOINT - Sala Apolo - Barcelona\" width=\"200\"\/><\/a>\n<\/td>\n<\/tr>\n<p>Puntuales, saltaron a escena los chicos de <strong>NONPOINT<\/strong> muy dispuestos a caldear el ambiente. Procedentes de Florida, la sangre latina corre por las venas de esta formaci\u00f3n ya que sus miembros fundadores, el vocalista, <strong>El\u00edas Soriano<\/strong> y el bateria, <strong>Robb Rivera<\/strong>, son de origen puertorrique\u00f1o. Aunque tuvieron cierto \u00e9xito durante los inicios del nuevo milenio, sobre todo en el mercado americano, no ha sido hasta ahora que ven\u00edan por primera vez a nuestro pa\u00eds. Para la presente ocasi\u00f3n, completaban la formaci\u00f3n el bajista <strong>Adam Woloszyn<\/strong> y los guitarristas <strong>Rasheed Thomas<\/strong> y <strong>Jaysin Zeilstra<\/strong>.<\/p>\n<p>Su indumentaria deportiva les vino como anillo al dedo, ya que en ning\u00fan momento pararon de moverse y animar continuamente a la audiencia ya desde la inicial \u201cBreaking Skin\u201d, la contagiosa \u201cWhat A Day\u201d o la incendiaria \u201cDodge Your Destiny\u201d. La etiqueta de banda de nu metal se les quedar\u00eda ambigua, ya que su propuesta contiene numerosos elementos de fusi\u00f3n que les proporcionan una identidad propia. El idioma espa\u00f1ol tambi\u00e9n estar\u00eda presente en algunos temas como la introspectiva \u201cBusc\u00e1ndome\u201d o la m\u00e1s \u2018groovie\u2019 \u201cRabia\u201d. M\u00e1s descafeinada me result\u00f3 su particular versi\u00f3n \u201cIn the Air Tonight\u201d de Phil Collins. Rubricar\u00edan su actuaci\u00f3n con las que seguramente sean sus dos canciones m\u00e1s populares, \u201cAlive and Kicking\u201d y \u201cBullet With a Name\u201d muy coreadas por un peque\u00f1o reducto de fans incondicionales. <strong>NONPOINT<\/strong> cumplieron con creces, convencieron a los que estuvieron presentes desde primera hora de la tarde y fueron un perfecto aperitivo antes del plato fuerte de la noche.<\/p>\n<tr>\n<td width=\"50%\">\n<a href=\"https:\/\/www.europesays.com\/es\/wp-content\/uploads\/2025\/10\/1761609190_133_13.jpg\" title=\"NONPOINT - Sala Apolo - Barcelona\" rel=\"lightbox[nonpoint]\" data-slb-active=\"1\" data-slb-asset=\"1531141777\" data-slb-internal=\"0\" data-slb-group=\"179082\"><img decoding=\"async\" src=\"https:\/\/www.europesays.com\/es\/wp-content\/uploads\/2025\/10\/1761609190_133_13.jpg\" alt=\"NONPOINT - Sala Apolo - Barcelona\" width=\"200\"\/><\/a>\n<\/td>\n<td width=\"50%\">\n<a href=\"https:\/\/www.europesays.com\/es\/wp-content\/uploads\/2025\/10\/1761609190_507_12.jpg\" title=\"NONPOINT - Sala Apolo - Barcelona\" rel=\"lightbox[nonpoint]\" data-slb-active=\"1\" data-slb-asset=\"1623368957\" data-slb-internal=\"0\" data-slb-group=\"179082\"><img decoding=\"async\" src=\"https:\/\/www.europesays.com\/es\/wp-content\/uploads\/2025\/10\/1761609190_507_12.jpg\" alt=\"NONPOINT - Sala Apolo - Barcelona\" width=\"200\"\/><\/a>\n<\/td>\n<\/tr>\n<p>Resulta vertiginoso comprobar lo r\u00e1pido que pasa el tiempo. Aunque no he sido consciente hasta que me he sentado a redactar la cr\u00f3nica, hacia la friolera de seis a\u00f1os que un servidor no ten\u00eda ocasi\u00f3n de ver en directo a <strong>LACUNA COIL<\/strong>, concretamente desde finales de 2019 que fue cuando se presentaron en el Salamandra como invitados de otros ilustres veteranos de la escena europea como son ELUVEITIE. Sea como fuera para un servidor, como para muchos, era el momento de volverse a reencontrar con una banda que en los \u00faltimos a\u00f1os parece haber puesto el foco en el mercado americano. En cuanto a lo que fue la respuesta del p\u00fablico a la cita, lo cierto es que la Sala Apolo acab\u00f3 qued\u00e1ndose algo grande, aunque finalmente se complet\u00f3 unas tres cuartas partas de su aforo.<\/p>\n<p>Si hablamos de lo que fue su puesta en escena, lo que m\u00e1s destac\u00f3 fue la gran pantalla trasera que presidi\u00f3 el escenario y sobre la que durante algunos temas muy puntuales se fueron proyectando im\u00e1genes de diferentes video-clips. No obstante, durante la mayor parte del show lo que se mantuvo\u00a0 proyectado\u00a0 fue la portada de su \u00faltimo redondo \u201cSleepless Empire\u201d. Por cierto, esa misma imagen fue la que lucieron los instrumentistas de la banda en sus camisetas. En cuanto a lo que fue la indumentaria de ambos vocalistas, en esta ocasi\u00f3n no hubo ni camisas de fuerza, ni trajes de doctores, ya que <strong>Andrea Ferro<\/strong>, -con el pelo peinado hacia atr\u00e1s-, apareci\u00f3 vestido de riguroso negro y con un look bastante inquietante, -a medio camino entre Joker y The Crow-; mientras que <strong>Cristina Scabbia<\/strong> opt\u00f3 por un vestido vaporoso con capas rematado con diferentes complementos de cuero, unas medias de rejilla y unas botas de plataforma altas. En todo momento <strong>Cristina<\/strong> y <strong>Andrea<\/strong> fueron el centro de todas las miradas, disponiendo de una larga tarima en la parte frontal del escenario que les situaba por encima del resto de sus compa\u00f1eros.<\/p>\n<p>Adelant\u00e1ndose unos minutos al horario inicialmente previsto, a las 20:22 horas, las luces del local se apagaban para dejar que una intrigante introducci\u00f3n sirviera para ambientar la salida de los m\u00fasicos. Uno a uno, y de forma parsimoniosa, los integrantes del combo italiano fueron ocupando sus respectivas posiciones, recibiendo la c\u00e1lida bienvenida que les tributaron sus entregados incondicionales. Los \u00faltimos en pisar las tablas fueron una encapuchada <strong>Cristina<\/strong> y <strong>Andrea<\/strong>. As\u00ed que tras el primer rugido del segundo la maquinaria de los milaneses empez\u00f3 a rodar con \u201cLayers Of Time\u201d, No fue hasta pr\u00e1cticamente la mitad del tema inicial cuando <strong>Cristina<\/strong> entr\u00f3 en acci\u00f3n para poner al personal a dar palmas. Y es que el crecimiento de <strong>Cristina<\/strong> como frontwoman en la \u00faltima d\u00e9cada ha sido notable e incontestable, ya que es ella quien tira del carro en muchos momentos del show, rob\u00e1ndole el protagonismo a un <strong>Andrea<\/strong> que sigue animando incansablemente y cumpliendo a la perfecci\u00f3n a la hora de darle la r\u00e9plica con sus desgarradores rugidos en temas como \u201cReckless\u201d, que cont\u00f3 con el respaldo de unas primeras filas que no vacilaron a la hora de acompa\u00f1ar el tema con los pu\u00f1os al aire mientras la banda segu\u00eda buceando en las composiciones de\u00a0 \u201cBlack Anima\u201d.<\/p>\n<p>La respuesta del p\u00fablico fue de lo m\u00e1s efusiva y entusiasta. As\u00ed que tras agradecernos el apoyo,\u00a0 <strong>Cristina<\/strong> ejerci\u00f3 como maestra de ceremonias para presentarnos el siguiente tema de la noche, el primero que interpretar\u00edan de su m\u00e1s reciente \u201cSleepless Empire\u201d, un tema para ellos muy especial, -seg\u00fan nos coment\u00f3 la vocalista-, ya que lo grabaron junto a un buen amigo como es el frontman de LAMB OF GOD, <strong>Randy Blythe<\/strong>: \u201cHosting The Shadow\u201d. Acto seguido las amenazantes l\u00edneas del bajo\u00a0 del incombustible <strong>Marco Coti Zelati<\/strong> se encargar\u00edan de allanarnos el camino hacia el que a la postre fue el primer gran momento de la noche, \u201cKill The Light\u201d, con banda y p\u00fablico en\u00a0 perfecta sinton\u00eda mientras ambos vocalista se colocaban \u201cface to face\u201d, para intercambiar sus l\u00edneas vocales haciendo as\u00ed crecer, a\u00fan m\u00e1s si cabe, el nivel de intensidad\u00a0 del show.<\/p>\n<p>La entrega y la euforia que los italianos hab\u00edan conseguido desatar entre sus seguidores se mantendr\u00eda cuando Cristina nos invit\u00f3 a acompa\u00f1ar con palmas los arreglos de corte electr\u00f3nico que marcaron al machac\u00f3n y despiadado \u201cDie &amp; Rise\u201d. Lejos de amainar, el vendaval italiano ir\u00eda en aumento durante \u201cSpellbound\u201d, que lograba que gran parte de los presentes se abandonaran al headbanging antes de que la propia Cristina se pusiera a bailar como si estuviera pose\u00edda durante el desarrollo solista de <strong>Daniele Salomone<\/strong>. Una nueva mirada sobre el lanzamiento que publicaron el pasado \u201cD\u00eda de los Enamorados\u201d servir\u00eda para traer a colaci\u00f3n \u201cIn The Mean Time\u201d, que arrancaba con un inquietante susurro de la vocalista para acabar convirti\u00e9ndose en uno de los momentos m\u00e1s oscuros e introspectivos de la velada, con\u00a0 <strong>Cristina<\/strong>\u00a0 pasando revista a los fans que ocupaban las primeras filas del flanco derecho del escenario.<\/p>\n<p>Si durante la primera parte de la descarga la banda se hab\u00eda encargado de mostrarnos, en algunos momentos muy puntuales, su faceta m\u00e1s agresiva, potente y directa; fue a partir de \u201cIntoxicated\u201d, cuando podr\u00edamos decir que empez\u00f3 el particular show de <strong>Mrs. Cristina Scabbia<\/strong>. Y es que la vocalista se mostr\u00f3 absolutamente intratable a la hora no solo de elevar su registro,- incluso dir\u00eda que en algunos momentos el volumen de su micro fue excesivo-, sino que podr\u00edamos decir que se gust\u00f3 a la hora de\u00a0 modular sus registros vocales, imprimiendo un punch y una garra especial a temas como \u201cDownfall\u201d, en el que la banda supo crear diferentes ambientaciones e intensidades para acabar recabando la cerrada ovaci\u00f3n de un respetable que estaba viviendo intensamente la descarga del combo milan\u00e9s.<\/p>\n<p>Otro de los momentos culminantes de la velada llegar\u00eda al transitar el ecuador del\u00a0 show, cuando los m\u00e1s adeptos reconocieron la intro de \u201cHeaven\u2019s A Lie\u201d, que hac\u00eda que el recinto se viniera literalmente abajo, y que serv\u00eda para que pudi\u00e9ramos comprobar c\u00f3mo ha evolucionado la banda desde que conoci\u00e9ramos aquella versi\u00f3n primigenia del tema a principios de este tercer milenio. Los c\u00e1nticos rimbombantes y ceremoniosos servir\u00edan para, -con el escenario completamente te\u00f1ido de tonalidades rojizas-, crear la atm\u00f3sfera id\u00f3nea\u00a0 para que \u201cIn Nomine Patris\u201d, recabara el apoyo del respetable consiguiendo mantener el nivel de intensidad que se hab\u00eda creado entre banda y p\u00fablico. Ese toque nu-metalero que los italianos han incluido en sus \u00faltimas entregas se dejar\u00eda notar con fuerza durante los rotundos y entrecortados desarrollos que marcaron la implacable \u201cThe House Of Shame\u201d, con nuevamente <strong>Cristina<\/strong> volvi\u00e9ndose a erigir como indiscutible protagonista.<\/p>\n<p>No abandonar\u00edan el contenido de lo que fue su obra de 2016, \u201cDelirium\u201d, ya que a continuaci\u00f3n la banda nos brindar\u00eda una buena dosis de elementos electr\u00f3nicos para acompa\u00f1ar \u201cBlood, Tears, Dust\u201d. A diferencia de lo que suele suceder con bandas de largo recorrido, los italianos est\u00e1n apostando fuerte en la presente gira por su material de nuevo cu\u00f1o. As\u00ed que durante el tramo final de su descarga tuvimos oportunidad de escuchar hasta cinco cortes de \u201cSleepless Empire\u201d. \u201cGravity\u201d, volv\u00eda a adentrarnos en derroteros oscuros e hizo gala de una pegada descomunal, con Andrea mostr\u00e1ndose letal y despiadado antes de que Cristina le diera la r\u00e9plica con su registro m\u00e1s l\u00edrico. Esa deriva m\u00e1s oscura tendr\u00eda continuidad a lo largo de \u201cOxygen\u201d, con la que nos torturaban inmisercordemente. En una noche en que la m\u00fasica tortuosa y de emociones fuertes fue protagonista, la vocalista no quiso dejar pasar la ocasi\u00f3n de manifestar que para ella la m\u00fasica es como una terapia. As\u00ed que tras recibir el apoyo del p\u00fablico, nos inst\u00f3\u00a0 a levantar los pu\u00f1os para gritar junto a ella: \u201cWe Fear Nothing\u201d. As\u00ed que todos sab\u00edamos que hab\u00eda llegado el momento de darlo todo durante el imprescindible \u201cNothing Stands In Our Way\u201d, que fue el elegido\u00a0 para poner el punto y seguido al vibrante show del combo italiano.<\/p>\n<p>La vuelta de los m\u00fasicos se demor\u00f3 algo m\u00e1s de la habitual. La expectaci\u00f3n\u00a0 iba creciendo mientras una especie de intro acrecentaba la impaciencia de los que ocupaban las primeras filas. Al igual que sucediera en el arranque del show, los miembros de la banda fueron apareciendo uno a uno, recabando el apoyo del p\u00fablico, para recuperar sus posiciones e invitarnos a navegar a trav\u00e9s de las densas y envolventes melod\u00edas de \u201cThe Siege\u201d, que nos dejaba con la estampa de la vocalista, encaramada sobre la tarima frontal, agitando en\u00e9rgicamente los brazos de lado a lado para que el personal se le uniera. Ese toque gothico a que muchos nos cautiv\u00f3 durante los primeros a\u00f1os de su andadura sigue todav\u00eda vigente dentro de la propuesta de los italianos, y es que en temas como \u201cI Wish You Were Dead\u201d, la banda demuestra que no ha perdido esa barroca elegancia y ese gusto por los estribillos facilones, adictivos y, sobre todo, coreables.<\/p>\n<p>Por supuesto que para entrar de lleno en lo que fue el \u201crush final\u201d del show, los italianos nos preguntaron si nos acord\u00e1bamos de \u201cSwamped\u201d, y aunque la respuesta del p\u00fablico fue arrolladora, la mejor prueba fue comprobar la encendida reacci\u00f3n de unas entregadas primeras filas. El golpe definitivo de <strong>LACUNA COIL<\/strong>, el tema con el que los italianos rubricaron su indiscutible triunfo en su retorno a los escenarios de la capital catalana corri\u00f3 por cuenta, curiosamente, de otra de las nuevas, concretamente la que tambi\u00e9n cierra su \u00faltimo redondo: la inquietante y tenebrosa \u201cNever Dawn\u201d.<\/p>\n<p><strong>Texto: Alfonso D\u00edaz<\/strong><\/p>\n<p><strong>Fotos: <\/strong><strong>Carlos Oliver<\/strong>\u00a0 (<a href=\"https:\/\/www.instagram.com\/carlosoliverphotography\/\" target=\"_blank\" rel=\"noopener nofollow\">@carlosoliverphotography<\/a>)<\/p>\n<p><strong>Para ver las fotos a mayor tama\u00f1o, pinchar sobre ellas.<\/strong><\/p>\n<p>\u00a0<\/p>\n<p>\u00a0<\/p>\n<p>\u00a0<\/p>\n<p>        <script async src=\"\/\/www.instagram.com\/embed.js\"><\/script><\/p>\n","protected":false},"excerpt":{"rendered":"\u00a0 + NONPOINT Lunes 20 de 0ctubre de 2025 \u2013 Sala Apolo \u2013 Barcelona El viaje de LACUNA&hellip;\n","protected":false},"author":2,"featured_media":204510,"comment_status":"","ping_status":"","sticky":false,"template":"","format":"standard","meta":{"footnotes":""},"categories":[170],"tags":[146,147,25,24,36842,184,185,53776,23],"class_list":{"0":"post-204509","1":"post","2":"type-post","3":"status-publish","4":"format-standard","5":"has-post-thumbnail","7":"category-musica","8":"tag-entertainment","9":"tag-entretenimiento","10":"tag-es","11":"tag-espana","12":"tag-lacuna-coil","13":"tag-music","14":"tag-musica","15":"tag-nonpoint","16":"tag-spain"},"share_on_mastodon":{"url":"https:\/\/pubeurope.com\/@es\/115448827700539297","error":""},"_links":{"self":[{"href":"https:\/\/www.europesays.com\/es\/wp-json\/wp\/v2\/posts\/204509","targetHints":{"allow":["GET"]}}],"collection":[{"href":"https:\/\/www.europesays.com\/es\/wp-json\/wp\/v2\/posts"}],"about":[{"href":"https:\/\/www.europesays.com\/es\/wp-json\/wp\/v2\/types\/post"}],"author":[{"embeddable":true,"href":"https:\/\/www.europesays.com\/es\/wp-json\/wp\/v2\/users\/2"}],"replies":[{"embeddable":true,"href":"https:\/\/www.europesays.com\/es\/wp-json\/wp\/v2\/comments?post=204509"}],"version-history":[{"count":0,"href":"https:\/\/www.europesays.com\/es\/wp-json\/wp\/v2\/posts\/204509\/revisions"}],"wp:featuredmedia":[{"embeddable":true,"href":"https:\/\/www.europesays.com\/es\/wp-json\/wp\/v2\/media\/204510"}],"wp:attachment":[{"href":"https:\/\/www.europesays.com\/es\/wp-json\/wp\/v2\/media?parent=204509"}],"wp:term":[{"taxonomy":"category","embeddable":true,"href":"https:\/\/www.europesays.com\/es\/wp-json\/wp\/v2\/categories?post=204509"},{"taxonomy":"post_tag","embeddable":true,"href":"https:\/\/www.europesays.com\/es\/wp-json\/wp\/v2\/tags?post=204509"}],"curies":[{"name":"wp","href":"https:\/\/api.w.org\/{rel}","templated":true}]}}