{"id":204525,"date":"2025-10-28T00:08:09","date_gmt":"2025-10-28T00:08:09","guid":{"rendered":"https:\/\/www.europesays.com\/es\/204525\/"},"modified":"2025-10-28T00:08:09","modified_gmt":"2025-10-28T00:08:09","slug":"clasificaciones-completas-de-la-4a-etapa-de-la-vuelta-a-guatemala-2025","status":"publish","type":"post","link":"https:\/\/www.europesays.com\/es\/204525\/","title":{"rendered":"Clasificaciones completas de la 4\u00aa etapa de la Vuelta a Guatemala 2025"},"content":{"rendered":"<p>\t\t\t&#13;<br \/>\n&#13;<\/p>\n<p><img loading=\"lazy\" decoding=\"async\" src=\"https:\/\/www.europesays.com\/es\/wp-content\/uploads\/2025\/10\/vuelta-guatemala-et4-clasificaciones-2025-es-ciclismo.jpg\" width=\"556\" height=\"418\" class=\"setborder\" alt=\"Clasificaciones completas de la 4\u00aa etapa de la Vuelta a Guatemala 2025\" title=\"Clasificaciones completas de la 4\u00aa etapa de la Vuelta a Guatemala 2025\"\/><br \/>\n&#13;<br \/>\n&#13;<br \/>\n&#13;<br \/>\n<a href=\"https:\/\/www.esciclismo.com\/actualidad\/esciclismo\/\" rel=\"nofollow noopener\" target=\"_blank\">EsCiclismo.com<\/a> \u00b7 <a href=\"https:\/\/www.esciclismo.com\/actualidad\/carretera\/\" rel=\"nofollow noopener\" target=\"_blank\">Competici\u00f3n Carretera<\/a>  \u00b7 27\/10\/2025<\/p>\n<p>\u00c9stas son las clasificaciones completas tras la 4\u00aa etapa de la Vuelta a Guatemala 2025, una jornada de 191,6 kil\u00f3metros disputada este lunes, 27 de octubre, entre Santa Luc\u00eda Cotzumalguapa y Mazatenango.<\/p>\n<p>&#13;<\/p>\n<p><b id=\"P1\"\/><a href=\"https:\/\/www.esciclismo.com\/actualidad\/carretera\/88589.html\" rel=\"nofollow noopener\" target=\"_blank\">La victoria en la etapa se la llev\u00f3 el ciclista mexicano Carlos MacPherson<\/a> (Olinka-Specialized) tras culminar con \u00e9xito una larga fuga. El paname\u00f1o Christofer Jurado (Selecci\u00f3n de Panam\u00e1) y el tambi\u00e9n mexicano Ulises Alfredo Castillo (Olinka-Specialized) completaron el podio del d\u00eda, segundo y tercero respectivamente.<\/p>\n<p>&#13;<\/p>\n<p>El colombiano Cristian Camilo Mu\u00f1oz (Nu Colombia) se mantuvo un d\u00eda m\u00e1s al frente de la clasificaci\u00f3n general individual de la ronda guatemalteca.<\/p>\n<p>&#13;<br \/>\nClasificaciones de la Vuelta a Guatemala 2025 &#8211; Etapa 4&#13;<\/p>\n<p><b>Clasificaci\u00f3n de la 4\u00aa etapa:<\/b><br \/>&#13;<br \/>\n1. Carlos MacPherson (MEX\/Olinka-Specialized) -4:21:22<br \/>&#13;<br \/>\n2. Christofer Jurado (PAN\/Sel. de Panam\u00e1) a 0:05<br \/>&#13;<br \/>\n3. Ulises Alfredo Castillo (MEX\/Olinka-Specialized) a 0:11<br \/>&#13;<br \/>\n4. Jeen de Jong (NED\/Universe) a 0:17<br \/>&#13;<br \/>\n5. Alejandro Osorio (COL\/Orgullo Paisa) a 0:17<br \/>&#13;<br \/>\n6. Jos\u00e9 Ram\u00f3n Mu\u00f1iz (MEX\/Olinka-Specialized) a 0:17<br \/>&#13;<br \/>\n7. Fredy Orlando Toc (GTM\/ECA Electricidad Ciclismo) a 0:17<br \/>&#13;<br \/>\n8. Brandon Rojas (COL\/GW-Erco-Shimano) a 0:17<br \/>&#13;<br \/>\n9. Byron Guam\u00e1 (ECU\/Movistar-Best PC) a 0:17<br \/>&#13;<br \/>\n10. Yesid Albeiro Pira (COL\/Hino-One-La Red) a 0:17<br \/>&#13;<br \/>\n11. Cristian Camilo Mu\u00f1oz (COL\/Nu Colombia) a 0:17<br \/>&#13;<br \/>\n12. Santiago Montenegro (ECU\/Movistar-Best PC) a 0:17<br \/>&#13;<br \/>\n13. Sebasti\u00e1n Brenes (CRC\/Canel&#8217;s-Java) a 0:17<br \/>&#13;<br \/>\n14. Bryan Raul Obando (ECU\/Movistar-Best PC) a 0:17<br \/>&#13;<br \/>\n15. Franklin Archibold (PAN\/Sel. de Panam\u00e1) a 0:17<br \/>&#13;<br \/>\n16. Julio A. Ispache (GTM\/Decoraba\u00f1os-Bantrab) a 0:17<br \/>&#13;<br \/>\n17. Gerson Toc (GTM\/ECA Electricidad Ciclismo) a 0:17<br \/>&#13;<br \/>\n18. C\u00e9sar Nicol\u00e1s Paredes (COL\/Hino-One-La Red) a 0:17<br \/>&#13;<br \/>\n19. Sebasti\u00e1n Calder\u00f3n (CRC\/7C-Economy-Hyundai) a 0:17<br \/>&#13;<br \/>\n20. Heiner Rodrigo Parra (COL\/Canel&#8217;s-Java) a 0:17<br \/>&#13;<br \/>\n21. Bernardo Suaza (COL\/Orgullo Paisa) a 0:17<br \/>&#13;<br \/>\n22. \u00d3scar Santiago Garz\u00f3n (COL\/GW-Erco-Shimano) a 0:17<br \/>&#13;<br \/>\n23. Leandro Varela (CRC\/7C-Economy-Hyundai) a 0:17<br \/>&#13;<br \/>\n24. Rodrigo Contreras (COL\/Nu Colombia) a 0:17<br \/>&#13;<br \/>\n25. Carlos Alberto Guti\u00e9rrez (COL\/Movistar-Best PC) a 0:17<br \/>&#13;<br \/>\n26. Juan Felipe Osorio (COL\/Orgullo Paisa) a 0:17<br \/>&#13;<br \/>\n27. Jos\u00e9 David Canastuj (GTM\/ECA Electricidad Ciclismo) a 0:17<br \/>&#13;<br \/>\n28. Edgar Geovanny Torres (GTM\/Hino-One-La Red) a 0:17<br \/>&#13;<br \/>\n29. \u00c1ngel Gil (COL\/Canel&#8217;s-Java) a 0:17<br \/>&#13;<br \/>\n30. Juan Mardoqueo V\u00e1squez (GTM\/Hino-One-La Red) a 0:17<br \/>&#13;<br \/>\n31. Kade Kreikemeier (USA\/Momentum Racing-GCS) a 0:17<\/p>\n<p>M\u00e1s en breve.<\/p>\n<p>&#13;<\/p>\n<p><b id=\"P3\"\/><b>Clasificaci\u00f3n general tras la 4\u00aa etapa:<\/b><br \/>&#13;<br \/>\n1. Cristian Camilo Mu\u00f1oz (COL\/Nu Colombia) &#8211; 15:48:22<br \/>&#13;<br \/>\n2. Carlos Alberto Guti\u00e9rrez (COL\/Movistar-Best PC) a 0:13<br \/>&#13;<br \/>\n3. \u00d3scar Santiago Garz\u00f3n (COL\/GW-Erco-Shimano) a 0:26<br \/>&#13;<br \/>\n4. Edgar Geovanny Torres (GTM\/Hino-One-La Red) a 2:16<br \/>&#13;<br \/>\n5. Bryan Raul Obando (ECU\/Movistar-Best PC) a 2:34<br \/>&#13;<br \/>\n6. Bernardo Suaza (COL\/Orgullo Paisa) a 2:49<br \/>&#13;<br \/>\n7. Melvin Torres (GTM\/Hino-One-La Red) a 3:06<br \/>&#13;<br \/>\n8. C\u00e9sar Nicol\u00e1s Paredes (COL\/Hino-One-La Red) a 3:27<br \/>&#13;<br \/>\n9. Juan Diego Alba (COL\/Nu Colombia) a 4:04<br \/>&#13;<br \/>\n10. Fredy Orlando Toc (GTM\/ECA Electricidad Ciclismo) a 4:05<br \/>&#13;<br \/>\n11. Dylan Jim\u00e9nez (CRC\/7C-Economy-Hyundai) a 4:28<br \/>&#13;<br \/>\n12. Juan Felipe Osorio (COL\/Orgullo Paisa) a 4:36<br \/>&#13;<br \/>\n13. Luis Daniel Oses (CRC\/7C-Economy-Hyundai) a 4:44<br \/>&#13;<br \/>\n14. Yesid Albeiro Pira (COL\/Hino-One-La Red) a 4:49<br \/>&#13;<br \/>\n15. Robinson Fabi\u00e1n L\u00f3pez (COL\/GW-Erco-Shimano) a 5:39<br \/>&#13;<br \/>\n16. Jos\u00e9 Ram\u00f3n Mu\u00f1iz (MEX\/Olinka-Specialized) a 5:43<br \/>&#13;<br \/>\n17. Juan Mardoqueo V\u00e1squez (GTM\/Hino-One-La Red) a 5:46<br \/>&#13;<br \/>\n18. Ulises Alfredo Castillo (MEX\/Olinka-Specialized) a 6:04<br \/>&#13;<br \/>\n19. Julio A. Ispache (GTM\/Decoraba\u00f1os-Bantrab) a 6:10<br \/>&#13;<br \/>\n20. Rodrigo Contreras (COL\/Nu Colombia) a 6:33<br \/>&#13;<br \/>\n21. Gerson Toc (GTM\/ECA Electricidad Ciclismo) a 6:48<br \/>&#13;<br \/>\n22. Brandon Rojas (COL\/GW-Erco-Shimano) a 7:17<br \/>&#13;<br \/>\n23. Juan Carlos L\u00f3pez (COL\/GW-Erco-Shimano) a 7:25<br \/>&#13;<br \/>\n24. Heiner Rodrigo Parra (COL\/Canel&#8217;s-Java) a 7:40<br \/>&#13;<br \/>\n25. \u00c1ngel Gil (COL\/Canel&#8217;s-Java) a 7:45<br \/>&#13;<br \/>\n26. Henry Alberto Sam (GTM\/Decoraba\u00f1os-Bantrab) a 8:23<br \/>&#13;<br \/>\n27. Santiago Montenegro (ECU\/Movistar-Best PC) a 8:33<br \/>&#13;<br \/>\n28. Adonias Nelson Panjoj (GTM\/Asoc. de Chimaltenango) a 8:34<br \/>&#13;<br \/>\n29. Danny Osorio (COL\/Cer\u00e1micas Castelli-\u00d3pticas Deluxe) a 8:44<br \/>&#13;<br \/>\n30. H\u00e9ctor R. \u00c1lvarez (ECU\/Movistar-Best PC) a 10:09<br \/>&#13;<br \/>\n31. Byron Guam\u00e1 (ECU\/Movistar-Best PC) a 10:14<br \/>&#13;<br \/>\n32. Max Gonz\u00e1lez (GTM\/Asoc. San Marcos-Acredicom) a 10:58<br \/>&#13;<br \/>\n33. Gabriel Francisco Rojas (CRC\/Manzat\u00e9-La Selva-Scott) a 11:22<br \/>&#13;<br \/>\n34. Carlos MacPherson (MEX\/Olinka-Specialized) a 11:31<br \/>&#13;<br \/>\n35. Wilson O. Chonay (GTM\/Copeba-Muni Toto) a 11:40<br \/>&#13;<br \/>\n36. Sebasti\u00e1n Calder\u00f3n (CRC\/7C-Economy-Hyundai) a 11:52<br \/>&#13;<br \/>\n37. Kenny Nijssen (NED\/Universe) a 13:52<br \/>&#13;<br \/>\n38. Leandro Varela (CRC\/7C-Economy-Hyundai) a 14:55<br \/>&#13;<br \/>\n39. Esdras Morales (GTM\/ECA Electricidad Ciclismo) a 15:47<br \/>&#13;<br \/>\n40. H\u00e9ctor Men\u00e9ndez (HON\/Copeba-Muni Toto) a a 16:43<\/p>\n<p>M\u00e1s en breve.<\/p>\n<p>&#13;<br \/>\n&#13;<br \/>\n&#13;<br \/>\nEsCiclismo &#8211; Todos los derechos reservados. Est\u00e1 prohibido todo tipo de reproducci\u00f3n sin autorizaci\u00f3n expresa escrita.<br \/>&#13;<br \/>\n&#13;<\/p>\n<blockquote class=\"style-3\"><p>\ud83d\udce3<\/p>\n<p>Sigue toda la actualidad del mundo del ciclismo en nuestros canales de <a href=\"https:\/\/bit.ly\/WhatsappEsCiclismo\" target=\"_blank\" rel=\"noopener nofollow\"><b>WhatsApp<\/b><\/a> y <a href=\"https:\/\/bit.ly\/EsciclismoTelegram\" target=\"_blank\" rel=\"noopener nofollow\"><b>Telegram<\/b><\/a>, donde recibiras las noticias m\u00e1s destacadas.<\/p>\n<\/blockquote>\n","protected":false},"excerpt":{"rendered":"&#13; &#13; &#13; &#13; &#13; EsCiclismo.com \u00b7 Competici\u00f3n Carretera \u00b7 27\/10\/2025 \u00c9stas son las clasificaciones completas tras la&hellip;\n","protected":false},"author":2,"featured_media":204526,"comment_status":"","ping_status":"","sticky":false,"template":"","format":"standard","meta":{"footnotes":""},"categories":[273],"tags":[10605,517,415,18791,313,1757,12652,55199,56016,38877,312,168,7368,25,24,53841,314,4518,14641,48998,293,5215,23832,1689,14231,1051,56018,56017,10764,9072,56019,4065,23,56020,167,1261,1357],"class_list":{"0":"post-204525","1":"post","2":"type-post","3":"status-publish","4":"format-standard","5":"has-post-thumbnail","7":"category-ciclismo","8":"tag-a","9":"tag-actualidad","10":"tag-carlos","11":"tag-carretera","12":"tag-ciclismo","13":"tag-ciclista","14":"tag-clasificaciones","15":"tag-completas","16":"tag-cotzumalguapa","17":"tag-culminar","18":"tag-cycling","19":"tag-deportes","20":"tag-disputada","21":"tag-es","22":"tag-espana","23":"tag-estas","24":"tag-etapa","25":"tag-exito","26":"tag-guatemala","27":"tag-html","28":"tag-jornada","29":"tag-kilometros","30":"tag-l","31":"tag-llevo","32":"tag-lucia","33":"tag-lunes","34":"tag-macpherson","35":"tag-mazatenango","36":"tag-mexicano","37":"tag-octubre","38":"tag-olinka","39":"tag-santa","40":"tag-spain","41":"tag-specialized","42":"tag-sports","43":"tag-victoria","44":"tag-vuelta"},"share_on_mastodon":{"url":"https:\/\/pubeurope.com\/@es\/115448886411815333","error":""},"_links":{"self":[{"href":"https:\/\/www.europesays.com\/es\/wp-json\/wp\/v2\/posts\/204525","targetHints":{"allow":["GET"]}}],"collection":[{"href":"https:\/\/www.europesays.com\/es\/wp-json\/wp\/v2\/posts"}],"about":[{"href":"https:\/\/www.europesays.com\/es\/wp-json\/wp\/v2\/types\/post"}],"author":[{"embeddable":true,"href":"https:\/\/www.europesays.com\/es\/wp-json\/wp\/v2\/users\/2"}],"replies":[{"embeddable":true,"href":"https:\/\/www.europesays.com\/es\/wp-json\/wp\/v2\/comments?post=204525"}],"version-history":[{"count":0,"href":"https:\/\/www.europesays.com\/es\/wp-json\/wp\/v2\/posts\/204525\/revisions"}],"wp:featuredmedia":[{"embeddable":true,"href":"https:\/\/www.europesays.com\/es\/wp-json\/wp\/v2\/media\/204526"}],"wp:attachment":[{"href":"https:\/\/www.europesays.com\/es\/wp-json\/wp\/v2\/media?parent=204525"}],"wp:term":[{"taxonomy":"category","embeddable":true,"href":"https:\/\/www.europesays.com\/es\/wp-json\/wp\/v2\/categories?post=204525"},{"taxonomy":"post_tag","embeddable":true,"href":"https:\/\/www.europesays.com\/es\/wp-json\/wp\/v2\/tags?post=204525"}],"curies":[{"name":"wp","href":"https:\/\/api.w.org\/{rel}","templated":true}]}}