{"id":204578,"date":"2025-10-28T01:00:10","date_gmt":"2025-10-28T01:00:10","guid":{"rendered":"https:\/\/www.europesays.com\/es\/204578\/"},"modified":"2025-10-28T01:00:10","modified_gmt":"2025-10-28T01:00:10","slug":"jesus-ramirez-estuvo-francamente-listo","status":"publish","type":"post","link":"https:\/\/www.europesays.com\/es\/204578\/","title":{"rendered":"Jes\u00fas Ram\u00edrez estuvo francamente listo"},"content":{"rendered":"<p class=\"ft-text\">En siete d\u00edas el <strong>Casademont Zaragoza<\/strong> pas\u00f3 de caer de forma tan inesperada como mercida frente al <strong>Breog\u00e1n <\/strong>a sumar dos importantes triunfos fuera de casa, en <strong>Chipre <\/strong>en la<strong> FIBA Europe Cup <\/strong>logrando la mejor victoria europea de siempre y tambi\u00e9n la mayor fuera de casa, y en la siempre complicada pista del<strong> San Pablo Burgos<\/strong> en la Liga Endesa. Un cambio sustancial en el equipo aragon\u00e9s, sobre todo en su nivel defensivo, que ha explicado este lunes el t\u00e9cnico ayudante <strong>Gonzalo Garc\u00eda de Vitoria.<\/strong><\/p>\n<p class=\"ft-text\">\u00abEs dif\u00edcil porque, adem\u00e1s, con la competici\u00f3n como comentaba y con tanto viaje,<strong> nosotros hicimos 28 horas de viaje, 13 de ida y 15 de vuelta, te da poco tiempo a entrenar.<\/strong> Si a eso le sumas que durante la pretemporada hemos tenido muchos jugadores fuera pues te hace que el crecimiento del equipo ahora mismo sea menor del que nos hubiera gustado. Estamos tranquilos pero nos hubiera gustado estar en un nivel m\u00e1s alto. Nuestro entrenamiento tiene que ser m\u00e1s de calidad que de cantidad\u00bb, ha comenzado el bilba\u00edno para detallar qu\u00e9 se hizo la semana pasada.<\/p>\n<p class=\"ft-text\">\u00abCreo que la semana pasada lo enfocamos muy bien en ese aspecto, en hacer entender a los jugadores que el poco tiempo que ten\u00edamos ten\u00eda que ser efectivo y de aprendizaje.<strong> Tambi\u00e9n hay que reconocer que la plantilla est\u00e1 por la labor y todo es m\u00e1s f\u00e1cil. <\/strong>Pero bueno, hicimos una mezcla, ah\u00ed Jes\u00fas estuvo francamente listo, porque fuimos capaces de mezclar la preparaci\u00f3n de Burgos y de Anorthosis de manera conjunta, lo que es en entrenamiento, no en v\u00eddeo y tambi\u00e9n el hacer el postpartido de Breog\u00e1n en esa misma semana\u00bb, ha abundado el t\u00e9cnico.<\/p>\n<p class=\"ft-text\">Una labor precisa para poner el foco en lo que hab\u00eda fallado el d\u00eda del Breog\u00e1n y, al mismo tiempo, en lo que requer\u00edan los siguientes partidos para poder llevarlos a cabo con \u00e9xito. <strong>\u00abTrabajar lo que hab\u00edamos hecho mal, lo que sab\u00edamos que hab\u00edamos hecho mal, que creo que es una virtud para mejorar, <\/strong>pero tambi\u00e9n mirando lo que ven\u00eda, porque la Liga y la competici\u00f3n europea te demanda eso\u00bb, indica Garc\u00eda de Vitoria.<\/p>\n<p class=\"ft-text\">El resultado fue m\u00e1s que bueno. \u00abCreo que lo hemos hecho muy bien, creo que el equipo entendi\u00f3 lo que quer\u00edamos y ahora la idea es hacer lo mismo esta semana. <strong>Estamos preparando el partido de Europa, pero la idea no es solo Europa, sino seguir mejorando. <\/strong>Hacer trabajo para cada partido, pero tambi\u00e9n con la idea de evolucionar en el futuro\u00bb, se\u00f1ala el entrenador.<\/p>\n<p class=\"ft-text\">Por eso el Casademont Zaragoza llega con buena energ\u00eda a sus siguientes retos, la visita al Bakken Bears dan\u00e9s este mi\u00e9rcoles y el duelo frente al Real Madrid el domingo. \u00abVenimos de de dos victorias seguidas, la \u00faltima de un valor incalculable, porque bueno, hab\u00edamos perdido en casa contra Breog\u00e1n, vamos a un campo donde sabemos que es caliente, donde es complicado sacar una victoria y creo que,<strong> tal y como lo hicimos, dominando el partido de principio a final, pues nos hace estar con una energ\u00eda positiva<\/strong>\u00ab, asegura Garc\u00eda de Vitoria.<\/p>\n","protected":false},"excerpt":{"rendered":"En siete d\u00edas el Casademont Zaragoza pas\u00f3 de caer de forma tan inesperada como mercida frente al Breog\u00e1n&hellip;\n","protected":false},"author":2,"featured_media":204579,"comment_status":"","ping_status":"","sticky":false,"template":"","format":"standard","meta":{"footnotes":""},"categories":[269],"tags":[299,298,2511,5369,168,25,24,46259,8471,665,7463,23,167,13472,491],"class_list":{"0":"post-204578","1":"post","2":"type-post","3":"status-publish","4":"format-standard","5":"has-post-thumbnail","7":"category-baloncesto","8":"tag-baloncesto","9":"tag-basketball","10":"tag-casademont","11":"tag-casademont-zaragoza","12":"tag-deportes","13":"tag-es","14":"tag-espana","15":"tag-fiba-europe-cup","16":"tag-fuera","17":"tag-liga-endesa","18":"tag-secreto","19":"tag-spain","20":"tag-sports","21":"tag-victorias","22":"tag-zaragoza"},"share_on_mastodon":{"url":"https:\/\/pubeurope.com\/@es\/115449090838323345","error":""},"_links":{"self":[{"href":"https:\/\/www.europesays.com\/es\/wp-json\/wp\/v2\/posts\/204578","targetHints":{"allow":["GET"]}}],"collection":[{"href":"https:\/\/www.europesays.com\/es\/wp-json\/wp\/v2\/posts"}],"about":[{"href":"https:\/\/www.europesays.com\/es\/wp-json\/wp\/v2\/types\/post"}],"author":[{"embeddable":true,"href":"https:\/\/www.europesays.com\/es\/wp-json\/wp\/v2\/users\/2"}],"replies":[{"embeddable":true,"href":"https:\/\/www.europesays.com\/es\/wp-json\/wp\/v2\/comments?post=204578"}],"version-history":[{"count":0,"href":"https:\/\/www.europesays.com\/es\/wp-json\/wp\/v2\/posts\/204578\/revisions"}],"wp:featuredmedia":[{"embeddable":true,"href":"https:\/\/www.europesays.com\/es\/wp-json\/wp\/v2\/media\/204579"}],"wp:attachment":[{"href":"https:\/\/www.europesays.com\/es\/wp-json\/wp\/v2\/media?parent=204578"}],"wp:term":[{"taxonomy":"category","embeddable":true,"href":"https:\/\/www.europesays.com\/es\/wp-json\/wp\/v2\/categories?post=204578"},{"taxonomy":"post_tag","embeddable":true,"href":"https:\/\/www.europesays.com\/es\/wp-json\/wp\/v2\/tags?post=204578"}],"curies":[{"name":"wp","href":"https:\/\/api.w.org\/{rel}","templated":true}]}}