{"id":204606,"date":"2025-10-28T01:21:48","date_gmt":"2025-10-28T01:21:48","guid":{"rendered":"https:\/\/www.europesays.com\/es\/204606\/"},"modified":"2025-10-28T01:21:48","modified_gmt":"2025-10-28T01:21:48","slug":"uae-anuncia-su-bombazo-particular-para-2026-con-un-fichaje-estelar","status":"publish","type":"post","link":"https:\/\/www.europesays.com\/es\/204606\/","title":{"rendered":"UAE anuncia su \u00abbombazo\u00bb particular para 2026 con un fichaje estelar"},"content":{"rendered":"<p>\u00a1Ya es oficial! Despu\u00e9s de que se rumorease durante d\u00edas, el equipo UAE Team Emirates &#8211; XRG ha confirmado su bombazo particular en el <a href=\"https:\/\/ciclismoaldia.es\/mercado-ciclista\" title=\"Mercado Ciclista\" rel=\"nofollow noopener\" target=\"_blank\">mercado ciclista<\/a> con el fichaje para 2026 de <a href=\"https:\/\/ciclismoaldia.es\/benoit-cosnefroy\" title=\"Beno\u00eet Cosnefroy\" rel=\"nofollow noopener\" target=\"_blank\">Beno\u00eet Cosnefroy<\/a>. El ciclista franc\u00e9s firma un contrato de 2 temporadas con la escuadra de Tadej Pogacar, listo para seguir aumentando un palmar\u00e9s que ya es envidiable.<\/p>\n<p>Benoit Cosnefroy llegar\u00e1 a UAE a sus 30 a\u00f1os tras pasar 10 en el Decathlon AG2R La Mondiale. All\u00ed, el corredor galo consigui\u00f3 grandes victorias como ciclista profesional, como el GP de Qu\u00e9bec 2022, la Bretagne Classic 2021, 3 ediciones del GP du Morbihan (2019, 2024 y 2025), la Flecha Brabanzona 2024, 2 ediciones de la Par\u00eds-Camembert (2019 y 2024) o varias clasificaciones generales.<\/p>\n<p>En total, el clasic\u00f3mano acumula 21 victorias, y sin duda todo apunta a que en los 2 a\u00f1os que estar\u00e1, como m\u00ednimo, en el equipo emirat\u00ed, esa cantidad seguir\u00e1 aumentando. Conocido por su potente aceleraci\u00f3n y su perspicacia t\u00e1ctica, Cosnefroy reforzar\u00e1 la plantilla del <a href=\"https:\/\/ciclismoaldia.es\/uae-team-emirates-xrg\" title=\"UAE Team Emirates XRG\" rel=\"nofollow noopener\" target=\"_blank\">UAE Team Emirates XRG<\/a> para las cl\u00e1sicas.En declaraciones al propio UAE tras hacerse oficial su fichaje, Benoit Cosnefroy se pronunci\u00f3 sobre todo lo que espera en un nuevo cap\u00edtulo tan ambicioso de su carrera profesional: \u00abEstoy muy contento con la perspectiva de unirme al UAE Team Emirates XRG y muy emocionado de formar parte del mejor equipo del mundo\u00bb, comenz\u00f3 se\u00f1alando en el <a href=\"https:\/\/www.uaeteamemirates.com\/benoit-cosnefroy-joins-uae-team-emirates-xrg-two-year-deal\/\" target=\"_blank\" rel=\"nofollow noopener\">comunicado oficial<\/a>.<img decoding=\"async\" width=\"500\" height=\"280\" loading=\"lazy\" src=\"https:\/\/www.europesays.com\/es\/wp-content\/uploads\/2025\/10\/benoitcosnefroy-68d1d0cf75b07.jpg@webp.webp\" class=\"w-auto h-auto\" alt=\"Benoit Cosnefroy ficha por UAE Team Emirates XRG hasta el final de 2027\"\/><\/p>\n<p>Benoit Cosnefroy ficha por UAE Team Emirates XRG hasta el final de 2027<\/p>\n<p>La ambici\u00f3n de fichar por UAE<\/p>\n<p>\u00abCuando Mauro Gianetti me explic\u00f3 el proyecto, lo vi como el reto ideal para m\u00ed en este momento de mi carrera. Tras hablar con el equipo y ver sus ambiciones, me qued\u00f3 claro que encajar\u00eda a la perfecci\u00f3n y ser\u00eda el paso correcto\u00bb, a\u00f1adi\u00f3.<\/p>\n<p>\u00abTengo muchas ganas de empezar esta nueva etapa y estoy deseando empezar a competir con mis nuevos compa\u00f1eros\u00bb, concluy\u00f3.<\/p>\n<p>Para concluir el comunicado oficial, el UAE Team Emirates XRG da a conocer tambi\u00e9n que Benoit Cosnefroy se unir\u00e1 a la concentraci\u00f3n del equipo en Abu Dabi para comenzar los preparativos de una temporada 2026 donde las expectativas estar\u00e1n por las nubes. Tras romper el r\u00e9cord de victorias en un a\u00f1o en 2025, el equipo de Tadej Pogacar seguir\u00e1 buscando superar sus propios l\u00edmites.<\/p>\n","protected":false},"excerpt":{"rendered":"\u00a1Ya es oficial! Despu\u00e9s de que se rumorease durante d\u00edas, el equipo UAE Team Emirates &#8211; XRG ha&hellip;\n","protected":false},"author":2,"featured_media":204607,"comment_status":"","ping_status":"","sticky":false,"template":"","format":"standard","meta":{"footnotes":""},"categories":[273],"tags":[313,312,168,25,24,23,167],"class_list":{"0":"post-204606","1":"post","2":"type-post","3":"status-publish","4":"format-standard","5":"has-post-thumbnail","7":"category-ciclismo","8":"tag-ciclismo","9":"tag-cycling","10":"tag-deportes","11":"tag-es","12":"tag-espana","13":"tag-spain","14":"tag-sports"},"share_on_mastodon":{"url":"https:\/\/pubeurope.com\/@es\/115449177534487145","error":""},"_links":{"self":[{"href":"https:\/\/www.europesays.com\/es\/wp-json\/wp\/v2\/posts\/204606","targetHints":{"allow":["GET"]}}],"collection":[{"href":"https:\/\/www.europesays.com\/es\/wp-json\/wp\/v2\/posts"}],"about":[{"href":"https:\/\/www.europesays.com\/es\/wp-json\/wp\/v2\/types\/post"}],"author":[{"embeddable":true,"href":"https:\/\/www.europesays.com\/es\/wp-json\/wp\/v2\/users\/2"}],"replies":[{"embeddable":true,"href":"https:\/\/www.europesays.com\/es\/wp-json\/wp\/v2\/comments?post=204606"}],"version-history":[{"count":0,"href":"https:\/\/www.europesays.com\/es\/wp-json\/wp\/v2\/posts\/204606\/revisions"}],"wp:featuredmedia":[{"embeddable":true,"href":"https:\/\/www.europesays.com\/es\/wp-json\/wp\/v2\/media\/204607"}],"wp:attachment":[{"href":"https:\/\/www.europesays.com\/es\/wp-json\/wp\/v2\/media?parent=204606"}],"wp:term":[{"taxonomy":"category","embeddable":true,"href":"https:\/\/www.europesays.com\/es\/wp-json\/wp\/v2\/categories?post=204606"},{"taxonomy":"post_tag","embeddable":true,"href":"https:\/\/www.europesays.com\/es\/wp-json\/wp\/v2\/tags?post=204606"}],"curies":[{"name":"wp","href":"https:\/\/api.w.org\/{rel}","templated":true}]}}