{"id":204608,"date":"2025-10-28T01:23:11","date_gmt":"2025-10-28T01:23:11","guid":{"rendered":"https:\/\/www.europesays.com\/es\/204608\/"},"modified":"2025-10-28T01:23:11","modified_gmt":"2025-10-28T01:23:11","slug":"tecnificacion-infantil-y-cadete-masculina-area-tecnica-programa-de-tecnificacion-fexb","status":"publish","type":"post","link":"https:\/\/www.europesays.com\/es\/204608\/","title":{"rendered":"TECNIFICACION INFANTIL Y CADETE MASCULINA &#8211; \u00c1REA T\u00c9CNICA &#8211; PROGRAMA DE TECNIFICACI\u00d3N FEXB"},"content":{"rendered":"<p>&#13;<br \/>\n                    Domingo 2 de noviembre en C\u00e1ceres&#13;\n                <\/p>\n<p style=\"color: rgb(34, 34, 34); font-style: normal; font-variant-ligatures: normal; font-variant-caps: normal; font-weight: 400; orphans: 2; text-align: start; text-indent: 0px; text-transform: none; widows: 2; word-spacing: 0px; -webkit-text-stroke-width: 0px; white-space: normal; background-color: rgb(255, 255, 255); text-decoration-thickness: initial; text-decoration-style: initial; text-decoration-color: initial; box-sizing: border-box; border-width: 0px; border-style: solid; margin: 1rem 0px 0.5rem; font-family: fkGroteskNeue, ui-sans-serif, system-ui, -apple-system, BlinkMacSystemFont, &quot;Segoe UI&quot;, Roboto, &quot;Helvetica Neue&quot;, Arial, &quot;Noto Sans&quot;, sans-serif, &quot;Apple Color Emoji&quot;, &quot;Segoe UI Emoji&quot;, &quot;Segoe UI Symbol&quot;, &quot;Noto Color Emoji&quot;, &quot;Hiragino Sans&quot;, &quot;PingFang SC&quot;, &quot;Apple SD Gothic Neo&quot;, &quot;Yu Gothic&quot;, &quot;Microsoft YaHei&quot;, &quot;Microsoft JhengHei&quot;, Meiryo; font-size: 16px; letter-spacing: 0.08px;\">Les informamos sobre la convocatoria de la Jornada de Tecnificaci\u00f3n de las categor\u00edas Infantil Masculina y Cadete Masculina, programada para el domingo 2 de noviembre en el Pabell\u00f3n Multiusos de C\u00e1ceres. Encontrar\u00e1n el listado de convocados, horarios y detalles en los documentos adjuntos.<\/p>\n<ul style=\"color: rgb(34, 34, 34); font-style: normal; font-variant-ligatures: normal; font-variant-caps: normal; font-weight: 400; orphans: 2; text-align: start; text-indent: 0px; text-transform: none; widows: 2; word-spacing: 0px; -webkit-text-stroke-width: 0px; white-space: normal; background-color: rgb(255, 255, 255); text-decoration-thickness: initial; text-decoration-style: initial; text-decoration-color: initial; box-sizing: border-box; border-width: 0px; border-style: solid; list-style-position: initial; margin: 0px; padding: 0px; font-family: fkGroteskNeue, ui-sans-serif, system-ui, -apple-system, BlinkMacSystemFont, &quot;Segoe UI&quot;, Roboto, &quot;Helvetica Neue&quot;, Arial, &quot;Noto Sans&quot;, sans-serif, &quot;Apple Color Emoji&quot;, &quot;Segoe UI Emoji&quot;, &quot;Segoe UI Symbol&quot;, &quot;Noto Color Emoji&quot;, &quot;Hiragino Sans&quot;, &quot;PingFang SC&quot;, &quot;Apple SD Gothic Neo&quot;, &quot;Yu Gothic&quot;, &quot;Microsoft YaHei&quot;, &quot;Microsoft JhengHei&quot;, Meiryo; font-size: 16px; letter-spacing: 0.08px;\">\n<li style=\"margin-left: 15px; box-sizing: border-box; border-width: 0px; border-style: solid; margin-top: 0px; margin-bottom: 0px; padding-top: 0px; padding-bottom: 0px;\">\n<p style=\"box-sizing: border-box; border-width: 0px; border-style: solid; margin: 0px 0px 0.5rem; padding-top: 0px;\"><b>Horario categor\u00eda Infantil Masculina<\/b>: entrada a las 09:15h, finalizaci\u00f3n a las 17:15h.<\/p>\n<\/li>\n<li style=\"margin-left: 15px; box-sizing: border-box; border-width: 0px; border-style: solid; margin-top: 0px; margin-bottom: 0px; padding-top: 0px; padding-bottom: 0px;\">\n<p style=\"box-sizing: border-box; border-width: 0px; border-style: solid; margin: 0px 0px 0.5rem; padding-top: 0px;\"><b>Horario categor\u00eda Cadete Masculina<\/b>: entrada a las 11:15h, finalizaci\u00f3n a las 19:15h.<\/p>\n<p style=\"box-sizing: border-box; border-width: 0px; border-style: solid; margin: 0px 0px 0.5rem; padding-top: 0px;\">Rogamos a todos los participantes acudir con dos equipaciones oficiales (camiseta clara y oscura), ambas con n\u00fameros bien visibles.<\/p>\n<\/li>\n<\/ul>\n<p style=\"color: rgb(34, 34, 34); font-style: normal; font-variant-ligatures: normal; font-variant-caps: normal; font-weight: 400; orphans: 2; text-align: start; text-indent: 0px; text-transform: none; widows: 2; word-spacing: 0px; -webkit-text-stroke-width: 0px; white-space: normal; background-color: rgb(255, 255, 255); text-decoration-thickness: initial; text-decoration-style: initial; text-decoration-color: initial; box-sizing: border-box; border-width: 0px; border-style: solid; margin: 0.5rem 0px; font-family: fkGroteskNeue, ui-sans-serif, system-ui, -apple-system, BlinkMacSystemFont, &quot;Segoe UI&quot;, Roboto, &quot;Helvetica Neue&quot;, Arial, &quot;Noto Sans&quot;, sans-serif, &quot;Apple Color Emoji&quot;, &quot;Segoe UI Emoji&quot;, &quot;Segoe UI Symbol&quot;, &quot;Noto Color Emoji&quot;, &quot;Hiragino Sans&quot;, &quot;PingFang SC&quot;, &quot;Apple SD Gothic Neo&quot;, &quot;Yu Gothic&quot;, &quot;Microsoft YaHei&quot;, &quot;Microsoft JhengHei&quot;, Meiryo; font-size: 16px; letter-spacing: 0.08px;\"><b>Almuerzo<\/b>:\u00a0Cada participante deber\u00e1 llevar su propia comida para el almuerzo que se realizar\u00e1 entre sesiones.<\/p>\n<p style=\"color: rgb(34, 34, 34); font-style: normal; font-variant-ligatures: normal; font-variant-caps: normal; font-weight: 400; orphans: 2; text-align: start; text-indent: 0px; text-transform: none; widows: 2; word-spacing: 0px; -webkit-text-stroke-width: 0px; white-space: normal; background-color: rgb(255, 255, 255); text-decoration-thickness: initial; text-decoration-style: initial; text-decoration-color: initial; box-sizing: border-box; border-width: 0px; border-style: solid; margin: 1rem 0px 0.5rem; font-family: fkGroteskNeue, ui-sans-serif, system-ui, -apple-system, BlinkMacSystemFont, &quot;Segoe UI&quot;, Roboto, &quot;Helvetica Neue&quot;, Arial, &quot;Noto Sans&quot;, sans-serif, &quot;Apple Color Emoji&quot;, &quot;Segoe UI Emoji&quot;, &quot;Segoe UI Symbol&quot;, &quot;Noto Color Emoji&quot;, &quot;Hiragino Sans&quot;, &quot;PingFang SC&quot;, &quot;Apple SD Gothic Neo&quot;, &quot;Yu Gothic&quot;, &quot;Microsoft YaHei&quot;, &quot;Microsoft JhengHei&quot;, Meiryo; font-size: 16px; letter-spacing: 0.08px;\"><b>Autorizaciones<\/b>:\u00a0Aquellos jugadores que NO participaron previamente en el Programa de Detecci\u00f3n y Selecci\u00f3n de Talentos, deber\u00e1n traer firmada por ambos progenitores las autorizaciones que tambi\u00e9n se adjuntan a esta noticia.<\/p>\n","protected":false},"excerpt":{"rendered":"&#13; Domingo 2 de noviembre en C\u00e1ceres&#13; Les informamos sobre la convocatoria de la Jornada de Tecnificaci\u00f3n de&hellip;\n","protected":false},"author":2,"featured_media":204609,"comment_status":"","ping_status":"","sticky":false,"template":"","format":"standard","meta":{"footnotes":""},"categories":[269],"tags":[29167,299,298,15593,3008,168,25,24,19590,2500,56026,3132,9843,2145,23,167,9086,12888,1511],"class_list":{"0":"post-204608","1":"post","2":"type-post","3":"status-publish","4":"format-standard","5":"has-post-thumbnail","7":"category-baloncesto","8":"tag-area","9":"tag-baloncesto","10":"tag-basketball","11":"tag-cadete","12":"tag-de","13":"tag-deportes","14":"tag-es","15":"tag-espana","16":"tag-extremena","17":"tag-federacion","18":"tag-fexb","19":"tag-infantil","20":"tag-masculina","21":"tag-programa","22":"tag-spain","23":"tag-sports","24":"tag-tecnica","25":"tag-tecnificacion","26":"tag-y"},"share_on_mastodon":{"url":"https:\/\/pubeurope.com\/@es\/115449181214505295","error":""},"_links":{"self":[{"href":"https:\/\/www.europesays.com\/es\/wp-json\/wp\/v2\/posts\/204608","targetHints":{"allow":["GET"]}}],"collection":[{"href":"https:\/\/www.europesays.com\/es\/wp-json\/wp\/v2\/posts"}],"about":[{"href":"https:\/\/www.europesays.com\/es\/wp-json\/wp\/v2\/types\/post"}],"author":[{"embeddable":true,"href":"https:\/\/www.europesays.com\/es\/wp-json\/wp\/v2\/users\/2"}],"replies":[{"embeddable":true,"href":"https:\/\/www.europesays.com\/es\/wp-json\/wp\/v2\/comments?post=204608"}],"version-history":[{"count":0,"href":"https:\/\/www.europesays.com\/es\/wp-json\/wp\/v2\/posts\/204608\/revisions"}],"wp:featuredmedia":[{"embeddable":true,"href":"https:\/\/www.europesays.com\/es\/wp-json\/wp\/v2\/media\/204609"}],"wp:attachment":[{"href":"https:\/\/www.europesays.com\/es\/wp-json\/wp\/v2\/media?parent=204608"}],"wp:term":[{"taxonomy":"category","embeddable":true,"href":"https:\/\/www.europesays.com\/es\/wp-json\/wp\/v2\/categories?post=204608"},{"taxonomy":"post_tag","embeddable":true,"href":"https:\/\/www.europesays.com\/es\/wp-json\/wp\/v2\/tags?post=204608"}],"curies":[{"name":"wp","href":"https:\/\/api.w.org\/{rel}","templated":true}]}}