{"id":204610,"date":"2025-10-28T01:24:10","date_gmt":"2025-10-28T01:24:10","guid":{"rendered":"https:\/\/www.europesays.com\/es\/204610\/"},"modified":"2025-10-28T01:24:10","modified_gmt":"2025-10-28T01:24:10","slug":"se-estan-jugando-estos-partidos-como-si-no-existiera-manana-y-quedan-28-jornadas","status":"publish","type":"post","link":"https:\/\/www.europesays.com\/es\/204610\/","title":{"rendered":"Se est\u00e1n jugando estos partidos como si no existiera ma\u00f1ana y quedan 28 jornadas"},"content":{"rendered":"<p>\n        <strong>El director deportivo de Osasuna, <\/strong><a href=\"https:\/\/www.noticiasdenavarra.com\/osasuna\/2025\/10\/21\/braulio-equivoque-plantilla-corta-10245916.html\" title=\"Braulio V\u00e1zquez\" class=\"link copy\" rel=\"nofollow noopener\" target=\"_blank\"><strong>Braulio V\u00e1zquez<\/strong><\/a>, confes\u00f3 que a\u00fan queda un largo camino por recorrer en La Liga en la gala anual de la<strong> Federaci\u00f3n de F\u00fatbol de la Comunitat Valenciana,<\/strong> en la que este a\u00f1o participa la Agencia EFE.\n<\/p>\n<p class=\"article-body__text \">\n        \u00abAhora mismo creo que estamos en un punto (del descenso) varios equipos. Estamos en la jornada diez todav\u00eda, incluso lo hablaba con Pablo (S\u00e1nchez) el presidente de Levante. Creo que se est\u00e1n jugando estos partidos como si no existiera ma\u00f1ana y<strong> se fuera a acabar la Liga y quedan 28 jornadas<\/strong>\u00ab, dijo.\n<\/p>\n<p class=\"article-body__text \">\n        V\u00e1zquez apunt\u00f3 que la expectativa de Osasuna es la permanencia: \u00ab<strong>Lo primero es mantenernos,<\/strong> porque al final lo que pasa es que llevamos varios a\u00f1os en Primera, y <strong>final te acostumbras, ya lo das casi por hecho\u00bb.<\/strong>\n<\/p>\n<p class=\"article-body__text \">\n        \u00abPrefiero no valorar nada (preguntado por su hijo Jes\u00fas V\u00e1zquez, lateral izquierdo del Valencia), para eso ya est\u00e1 el entrenador y para decidir lo que estime. Al final <strong>lo que quiero es que le vaya bien al Valencia<\/strong> y el otro d\u00eda la primera parte para m\u00ed estuvieron muy bien y es verdad que en un &#8216;penaltito&#8217; cambi\u00f3 todo\u00bb, dijo V\u00e1zquez.\n<\/p>\n<p class=\"article-body__text \">\n        Por \u00faltimo, el director deportivo tambi\u00e9n habl\u00f3 del orgullo que siente por la ayuda que brind\u00f3 su club, Osasuna, en la dana del pasado 29 de octubre. \u00ab<strong>Siento orgullo porque al final alcanzara casi medio mill\u00f3n de euros la donaci\u00f3n de nuestra gente y de que casi 10.000 personas ayudaran a Massanassa, la tierra de nuestro exentrenador<\/strong>. Adem\u00e1s sab\u00e9is la vinculaci\u00f3n que tengo con Valencia, estoy muy orgulloso\u00bb, record\u00f3.\n<\/p>\n<p class=\"article-body__text \">\n        \u00abVicente Moreno era uno de los nuestros y<strong> cuando uno de los nuestros pasa apuros pues nuestra gente est\u00e1 detr\u00e1s. <\/strong>Recuerdo que no estuvo en toda la semana que jug\u00e1bamos contra el Madrid porque no estaba preparado mentalmente. Rub\u00e9n Garc\u00eda tambi\u00e9n nos pidi\u00f3 d\u00edas\u00bb, coment\u00f3.<\/p>\n","protected":false},"excerpt":{"rendered":"El director deportivo de Osasuna, Braulio V\u00e1zquez, confes\u00f3 que a\u00fan queda un largo camino por recorrer en La&hellip;\n","protected":false},"author":2,"featured_media":204611,"comment_status":"","ping_status":"","sticky":false,"template":"","format":"standard","meta":{"footnotes":""},"categories":[268],"tags":[50029,168,25,24,53030,280,282,25771,6758,281,23,167,5783],"class_list":{"0":"post-204610","1":"post","2":"type-post","3":"status-publish","4":"format-standard","5":"has-post-thumbnail","7":"category-futbol","8":"tag-braulio","9":"tag-deportes","10":"tag-es","11":"tag-espana","12":"tag-existiera","13":"tag-football","14":"tag-futbol","15":"tag-jugando","16":"tag-partidos","17":"tag-soccer","18":"tag-spain","19":"tag-sports","20":"tag-vazquez"},"share_on_mastodon":{"url":"https:\/\/pubeurope.com\/@es\/115449185295753556","error":""},"_links":{"self":[{"href":"https:\/\/www.europesays.com\/es\/wp-json\/wp\/v2\/posts\/204610","targetHints":{"allow":["GET"]}}],"collection":[{"href":"https:\/\/www.europesays.com\/es\/wp-json\/wp\/v2\/posts"}],"about":[{"href":"https:\/\/www.europesays.com\/es\/wp-json\/wp\/v2\/types\/post"}],"author":[{"embeddable":true,"href":"https:\/\/www.europesays.com\/es\/wp-json\/wp\/v2\/users\/2"}],"replies":[{"embeddable":true,"href":"https:\/\/www.europesays.com\/es\/wp-json\/wp\/v2\/comments?post=204610"}],"version-history":[{"count":0,"href":"https:\/\/www.europesays.com\/es\/wp-json\/wp\/v2\/posts\/204610\/revisions"}],"wp:featuredmedia":[{"embeddable":true,"href":"https:\/\/www.europesays.com\/es\/wp-json\/wp\/v2\/media\/204611"}],"wp:attachment":[{"href":"https:\/\/www.europesays.com\/es\/wp-json\/wp\/v2\/media?parent=204610"}],"wp:term":[{"taxonomy":"category","embeddable":true,"href":"https:\/\/www.europesays.com\/es\/wp-json\/wp\/v2\/categories?post=204610"},{"taxonomy":"post_tag","embeddable":true,"href":"https:\/\/www.europesays.com\/es\/wp-json\/wp\/v2\/tags?post=204610"}],"curies":[{"name":"wp","href":"https:\/\/api.w.org\/{rel}","templated":true}]}}