{"id":204612,"date":"2025-10-28T01:25:12","date_gmt":"2025-10-28T01:25:12","guid":{"rendered":"https:\/\/www.europesays.com\/es\/204612\/"},"modified":"2025-10-28T01:25:12","modified_gmt":"2025-10-28T01:25:12","slug":"gabriela-guillen-reacciona-a-la-entrevista-de-eugenia-osborne-y-lanza-el-dardo","status":"publish","type":"post","link":"https:\/\/www.europesays.com\/es\/204612\/","title":{"rendered":"Gabriela Guill\u00e9n reacciona a la entrevista de Eugenia Osborne y lanza el dardo"},"content":{"rendered":"<p data-start=\"152\" data-end=\"702\"><strong>Eugenia Osborne<\/strong> se sent\u00f3 el pasado viernes en el plat\u00f3 de \u00a1De Viernes! para ofrecer una de las entrevistas m\u00e1s esperadas de los \u00faltimos tiempos. La hija mediana de Bert\u00edn Osborne habl\u00f3 con sinceridad sobre <a href=\"https:\/\/okdiario.com\/look\/actualidad\/gabriela-guillen-desvela-momento-exacto-que-bertin-osborne-sometio-vasectomia-2388424\" rel=\"nofollow noopener\" target=\"_blank\">la paternidad de su padre con Gabriela Guill\u00e9n<\/a>, un asunto que ha generado pol\u00e9mica y debate en los \u00faltimos meses. Eugenia relat\u00f3 c\u00f3mo ella y sus hermanas, <strong>Alejandra<\/strong> y <strong>Claudia<\/strong>, reaccionaron ante la noticia de que su progenitor iba a tener un hijo a sus casi 70 a\u00f1os, un acontecimiento que las sorprendi\u00f3 y que requiri\u00f3 un tiempo para procesar.<\/p>\n<p data-start=\"704\" data-end=\"1423\">La socialit\u00e9 record\u00f3 que solo conoci\u00f3 a Gabriela en una ocasi\u00f3n, durante una cena con m\u00e1s personas, donde Bert\u00edn la present\u00f3 simplemente como \u00abuna amiga\u00bb. Por ello, <a href=\"https:\/\/okdiario.com\/look\/actualidad\/alejandra-osborne-revela-como-entero-nueva-paternidad-bertin-gabriela-guillen-2385389\" rel=\"nofollow noopener\" target=\"_blank\">cuando meses despu\u00e9s la paraguaya le comunic\u00f3 que estaba embarazada,<\/a> la noticia les produjo un aut\u00e9ntico shock. Eugenia confes\u00f3 que su padre les explic\u00f3 que no se sent\u00eda con la edad ni la energ\u00eda para ejercer de padre, pero que <strong>asumir\u00eda su responsabilidad y que al ni\u00f1o nunca le faltar\u00eda nada.<\/strong> A pesar de este compromiso, Eugenia reconoci\u00f3 que no comparte algunas de las declaraciones p\u00fablicas de Gabriela sobre su padre. Sin embargo, dej\u00f3 la puerta abierta para conocer al peque\u00f1o si su padre se lo pidiera y si el encuentro se produjera con discreci\u00f3n.<\/p>\n<blockquote class=\"instagram-media\" style=\"background: #FFF; border: 0; border-radius: 3px; box-shadow: 0 0 1px 0 rgba(0,0,0,0.5),0 1px 10px 0 rgba(0,0,0,0.15); margin: 1px; max-width: 540px; min-width: 326px; padding: 0; width: calc(100% - 2px);\" data-instgrm-captioned=\"\" data-instgrm-permalink=\"https:\/\/www.instagram.com\/reel\/DQQ9ZKvCPEH\/?utm_source=ig_embed&amp;utm_campaign=loading\" data-instgrm-version=\"14\">\n<\/blockquote>\n<p data-start=\"3056\" data-end=\"3613\">Durante su intervenci\u00f3n en el programa, Eugenia tambi\u00e9n defendi\u00f3 a su padre ante las cr\u00edticas por su edad y su situaci\u00f3n familiar. Se\u00f1al\u00f3 que Bert\u00edn es una persona que, a pesar de tener hijos mayores, un hijo con problemas y la sorpresa de volver a ser padre a los 70 a\u00f1os, siempre ha asumido sus responsabilidades. \u00abHay que entenderlo. \u00c9l pas\u00f3 por diferentes fases. Hay que entenderlo, el ser humano es as\u00ed\u00bb, explic\u00f3. Adem\u00e1s, aclar\u00f3 que nunca le pidi\u00f3 pruebas de paternidad a Gabriela ni a su hijo, mostrando una postura conciliadora frente a la situaci\u00f3n.<\/p>\n<p data-start=\"1425\" data-end=\"1969\">Tras la entrevista de Eugenia, Gabriela Guill\u00e9n ha respondido ante las c\u00e1maras de Gtres, dejando claro que se encontraba cansada de hablar siempre del mismo tema. La empresaria, que regenta un negocio de est\u00e9tica en Madrid, <strong>ha negado haber recibido apoyo econ\u00f3mico por parte de Bert\u00edn<\/strong> para la manutenci\u00f3n de su hijo y ha criticado los rumores sobre su situaci\u00f3n financiera. \u00abA d\u00eda de hoy, que alguien est\u00e9 holgado de dinero, pues que tire la primera piedra porque si tienes un negocio y eres aut\u00f3noma, es lo que hay\u00bb, ha dicho, visiblemente enfadada.<\/p>\n<p>\n<img decoding=\"async\" loading=\"lazy\" class=\"size-full wp-image-2412635\" alt=\"Gabriela Guill\u00e9n por las calles de Madrid. (Foto: Gtres)\" width=\"1800\" height=\"921\"  src=\"https:\/\/www.europesays.com\/es\/wp-content\/uploads\/2025\/10\/placeholder.jpg\"  bad-src=\"https:\/\/www.europesays.com\/es\/wp-content\/uploads\/2025\/10\/placeholder.jpg\"\/><\/p>\n<p><img decoding=\"async\" loading=\"lazy\" class=\"size-full wp-image-2412635\" src=\"https:\/\/www.europesays.com\/es\/wp-content\/uploads\/2025\/10\/captura-de-pantalla-2025-10-27-171630.jpg\" alt=\"Gabriela Guill\u00e9n por las calles de Madrid. (Foto: Gtres)\" width=\"1800\" height=\"921\"  \/><\/p>\n<p> Gabriela Guill\u00e9n por las calles de Madrid. (Foto: Gtres)\n<\/p>\n<p data-start=\"1971\" data-end=\"2652\">Respecto a las declaraciones de Eugenia, Gabriela se ha mostrado cortante: \u00abEs algo que no me interesa\u2026 Es algo que de verdad no me interesa para nada. No he visto la entrevista, solo partes que me han enviado\u00bb. Aun as\u00ed, ha dejado claro que <a href=\"https:\/\/okdiario.com\/look\/actualidad\/gabriela-guillen-desvela-quien-sido-verdadero-beneficiario-exclusiva-conjunta-bertin-2361296\" rel=\"nofollow noopener\" target=\"_blank\">nunca ha puesto ning\u00fan impedimento para que las hijas de Bert\u00edn conozcan al ni\u00f1o<\/a>. \u00abSiempre he dicho que tienen las puertas abiertas si quisieran conocer al ni\u00f1o. El ni\u00f1o va a cumplir dos a\u00f1os, y yo he estado muy sola\u00bb, afirma. Gabriela ha subrayado que se ha portado bien con las hijas de Bert\u00edn, sin decir nada en su contra ni en contra del padre, y que defender\u00e1 a su hijo como es l\u00f3gico, mientras reconoce que Eugenia har\u00e1 lo mismo con su progenitor.<\/p>\n<p data-start=\"2654\" data-end=\"3054\">Eugenia, por su parte, ha manifestado tras la entrevista que esperaba no haber molestado a Gabriela con sus palabras. \u00abEspero que no, la verdad. No era mi intenci\u00f3n, o sea que\u2026 espero que todos estemos bien\u00bb, ha dicho. Asimismo, ha reiterado que, cuando llegue el momento, ella y sus hermanos podr\u00edan conocer al peque\u00f1o y que este ser\u00eda un asunto que se resolver\u00eda en familia.<\/p>\n<p>\t\t\t\t\t\t\t<script async src=\"\/\/www.instagram.com\/embed.js\"><\/script><\/p>\n","protected":false},"excerpt":{"rendered":"Eugenia Osborne se sent\u00f3 el pasado viernes en el plat\u00f3 de \u00a1De Viernes! para ofrecer una de las&hellip;\n","protected":false},"author":2,"featured_media":204613,"comment_status":"","ping_status":"","sticky":false,"template":"","format":"standard","meta":{"footnotes":""},"categories":[174],"tags":[255,146,147,25,24,256,25115,23],"class_list":{"0":"post-204612","1":"post","2":"type-post","3":"status-publish","4":"format-standard","5":"has-post-thumbnail","7":"category-famosos","8":"tag-celebrities","9":"tag-entertainment","10":"tag-entretenimiento","11":"tag-es","12":"tag-espana","13":"tag-famosos","14":"tag-gabriela-guillen","15":"tag-spain"},"share_on_mastodon":{"url":"https:\/\/pubeurope.com\/@es\/115449189245442045","error":""},"_links":{"self":[{"href":"https:\/\/www.europesays.com\/es\/wp-json\/wp\/v2\/posts\/204612","targetHints":{"allow":["GET"]}}],"collection":[{"href":"https:\/\/www.europesays.com\/es\/wp-json\/wp\/v2\/posts"}],"about":[{"href":"https:\/\/www.europesays.com\/es\/wp-json\/wp\/v2\/types\/post"}],"author":[{"embeddable":true,"href":"https:\/\/www.europesays.com\/es\/wp-json\/wp\/v2\/users\/2"}],"replies":[{"embeddable":true,"href":"https:\/\/www.europesays.com\/es\/wp-json\/wp\/v2\/comments?post=204612"}],"version-history":[{"count":0,"href":"https:\/\/www.europesays.com\/es\/wp-json\/wp\/v2\/posts\/204612\/revisions"}],"wp:featuredmedia":[{"embeddable":true,"href":"https:\/\/www.europesays.com\/es\/wp-json\/wp\/v2\/media\/204613"}],"wp:attachment":[{"href":"https:\/\/www.europesays.com\/es\/wp-json\/wp\/v2\/media?parent=204612"}],"wp:term":[{"taxonomy":"category","embeddable":true,"href":"https:\/\/www.europesays.com\/es\/wp-json\/wp\/v2\/categories?post=204612"},{"taxonomy":"post_tag","embeddable":true,"href":"https:\/\/www.europesays.com\/es\/wp-json\/wp\/v2\/tags?post=204612"}],"curies":[{"name":"wp","href":"https:\/\/api.w.org\/{rel}","templated":true}]}}