{"id":204616,"date":"2025-10-28T01:29:12","date_gmt":"2025-10-28T01:29:12","guid":{"rendered":"https:\/\/www.europesays.com\/es\/204616\/"},"modified":"2025-10-28T01:29:12","modified_gmt":"2025-10-28T01:29:12","slug":"cronica-de-arch-enemy-eluveitie-amorphis-gatecreeper-en-madrid-excelsa-dinastia-de-lo-extremo","status":"publish","type":"post","link":"https:\/\/www.europesays.com\/es\/204616\/","title":{"rendered":"Cr\u00f3nica de Arch Enemy + Eluveitie + Amorphis + Gatecreeper en Madrid: Excelsa dinast\u00eda de lo extremo"},"content":{"rendered":"<p>Hab\u00eda muchas ganas de esta gira y se notaba en los aleda\u00f1os del m\u00edtico palacio madrile\u00f1o a pocos minutos de la apertura de puertas. La sensaci\u00f3n era totalmente fundada, ya que estaba por comenzar una de las mejores noches de la escena metalera en lo que va de a\u00f1o.<\/p>\n<p><a target=\"_blank\" href=\"https:\/\/www.europesays.com\/es\/wp-content\/uploads\/2025\/10\/Gatecreeper-Madrid-Oct-25-Alfonso-Davila.jpg\"><img fetchpriority=\"high\" decoding=\"async\" class=\"aligncenter size-full wp-image-374093\" src=\"https:\/\/www.europesays.com\/es\/wp-content\/uploads\/2025\/10\/Gatecreeper-Madrid-Oct-25-Alfonso-Davila.jpg\" alt=\"\" width=\"700\" height=\"423\"  \/><\/a><\/p>\n<p>Con puntualidad rigurosa, sal\u00edan para hacer su presentaci\u00f3n los americanos <strong>Gatecreeper<\/strong>, poniendo al respetable, que iba accediendo al recinto, a tono para una noche memorable de metal extremo. La verdad sea dicha, no hab\u00eda escuchado nunca a la banda de Arizona y menuda sorpresa: su sonido crudo y agresivo no hace prisioneros.<\/p>\n<p>Descargaron su death metal bestial sin perder ni un minuto; temas como \u201cDeathstar\u201d, \u201cA Chilling Aura\u201d y un muy buen \u201cThe Black Curtain\u201d, que abri\u00f3 los primeros mosh pits de la noche, tronaron en Vistalegre con un muy buen sonido y una compactaci\u00f3n instrumental por parte de todos los miembros de la banda muy interesante. El \u00fanico punto negativo de su breve participaci\u00f3n fue la iluminaci\u00f3n, con unas tenues luces verdes que hac\u00edan dif\u00edcil ver algo de lo que pasaba en el escenario.<\/p>\n<p><a target=\"_blank\" href=\"https:\/\/www.europesays.com\/es\/wp-content\/uploads\/2025\/10\/Amorphis-Madrid-Oct-25-Alfonso-Davila.jpg\"><img loading=\"lazy\" decoding=\"async\" class=\"aligncenter size-full wp-image-374097\" src=\"https:\/\/www.europesays.com\/es\/wp-content\/uploads\/2025\/10\/Amorphis-Madrid-Oct-25-Alfonso-Davila.jpg\" alt=\"\" width=\"700\" height=\"451\"  \/><\/a><\/p>\n<p>Acto seguido, los legendarios <strong>Amorphis<\/strong> segu\u00edan la ruta establecida con, en mi opini\u00f3n, el mejor sonido de la noche: una claridad ac\u00fastica digna de la calidad musical que brindan los finlandeses en cada una de sus presentaciones. \u201cBones\u201d abr\u00eda el tarro de las esencias. Despu\u00e9s, cayeron sin parar temas m\u00edticos como \u201cSilver Bride\u201d o \u201cBlack Winter Day\u201d, que se entrelazaron con algunos m\u00e1s nuevos como \u201cDancing Shadow\u201d o \u201cThe Moon\u201d.<\/p>\n<p>Los chicos de Tomi Joutsen son prodigios musicales sin ning\u00fan g\u00e9nero de duda, y vi\u00e9ndolos en directo te das cuenta: todas las estructuras est\u00e1n armonizadas a la perfecci\u00f3n con una sensibilidad en cada nota que hac\u00eda que se helase la sangre. Ese gran final con la coreada \u201cHouse of Sleep\u201d y \u201cThe Bee\u201d te hace ver que hay Amorphis para rato, y bien que nos alegramos.<\/p>\n<p><a target=\"_blank\" href=\"https:\/\/www.europesays.com\/es\/wp-content\/uploads\/2025\/10\/Eluveitie-Madrid-Oct-25-Alfonso-Davila.jpg\"><img loading=\"lazy\" decoding=\"async\" class=\"aligncenter size-full wp-image-374094\" src=\"https:\/\/www.europesays.com\/es\/wp-content\/uploads\/2025\/10\/Eluveitie-Madrid-Oct-25-Alfonso-Davila.jpg\" alt=\"\" width=\"700\" height=\"430\"  \/><\/a><\/p>\n<p>Si hay una banda que nunca me cansar\u00e9 de ver en directo es <strong>Eluveitie<\/strong>. Cada presentaci\u00f3n de los suizos a la que asisto es una experiencia m\u00edstica y brutal al mismo tiempo. La preparaci\u00f3n del escenario es digna de observar: con tanto instrumento, es un Tetris bastante intenso, pero el resultado es inmejorable.<\/p>\n<p>Comenzaban a sonar viol\u00edn, zanfo\u00f1a y flautas con \u201cAtegnatos\u201d y \u201cDeathwalker\u201d, tema con el que el p\u00fablico se encendi\u00f3 de manera s\u00fabita y comenz\u00f3 a saltar y abrir mosh pits. El recibimiento de la banda fue brutal.<\/p>\n<p>Sonaron acto seguido un par de temas de su nuevo \u00e1lbum \u2018\u00c0nv\u2019, \u201cThe Prodigal Ones\u201d y un \u201cExile of\u00a0 the Gods\u201d en el que se hizo patente la inmensa, por no decir gigantesca, presencia esc\u00e9nica que tiene Fabienne Erni, la vocalista y arpista de la banda, que devora las tablas a su paso con una voz casi de leyenda celta. Esto se termin\u00f3 de confirmar cuando son\u00f3 ya un cl\u00e1sico en directo de los suizos como es \u201cA Rose for Epona\u201d, un himno ejecutado a la perfecci\u00f3n que tambi\u00e9n dej\u00f3 ver la gran compenetraci\u00f3n de las dos mujeres de la banda en esta etapa, Fabienne y Nicole, violinista y zanfo\u00f1ista, que interactuaron a la perfecci\u00f3n durante varios tramos del tema.<\/p>\n<p>Despu\u00e9s de agradecer a la gente all\u00ed presente y decir que estaban muy felices de volver a nuestro pa\u00eds, Eluveitie continu\u00f3 descargando su belleza extrema con \u201cPremonition\u201d y \u201cAmbiramus\u201d muy coreada por el p\u00fablico. La m\u00e1s cantada por el respetable sin duda fue \u201cCall of the Mountains\u201d, que ya se ha hecho un hueco inamovible en los setlists de los helv\u00e9ticos, y es que el tema es festivo y alegre a m\u00e1s no poder.<\/p>\n<p>Para cerrar su presentaci\u00f3n, una lecci\u00f3n magistral del alma mater de la banda Chrigel Glanzmann de intensidad, presencia y brutalidad con la maravillosa \u201cKing\u201d del gran disco \u2018Origins\u2019, que son\u00f3 atronadora. Para m\u00ed, la mejor del set. Y, c\u00f3mo no, la \u00faltima de la noche: el gran himno \u201cInis Mona\u201d, que cantaron con ayuda del p\u00fablico. Un gran show de Eluveitie que deja latente su gran estado de forma una vez m\u00e1s\u2026 y van unas cuantas.<\/p>\n<p><a target=\"_blank\" href=\"https:\/\/www.europesays.com\/es\/wp-content\/uploads\/2025\/10\/Arch-Enemy-Madrid-Oct-25-Alfonso-Davila.jpg\"><img loading=\"lazy\" decoding=\"async\" class=\"aligncenter size-full wp-image-374095\" src=\"https:\/\/www.europesays.com\/es\/wp-content\/uploads\/2025\/10\/Arch-Enemy-Madrid-Oct-25-Alfonso-Davila.jpg\" alt=\"\" width=\"700\" height=\"438\"  \/><\/a><\/p>\n<p>Cuando ves ante ti un tel\u00f3n enorme donde pone \u201cPURE FUCKING METAL\u201d ya sabes lo que viene despu\u00e9s. Ese tel\u00f3n cae y tienes ante ti a los titanes del death metal mel\u00f3dico, <strong>Arch Enemy<\/strong>. La banda encabezada por Michael Amott y Alissa White-Gluz se presentaba en la capital con su Blood Dynasty Tour, y solo puedo decir lo que dec\u00eda aquel torero de la tele: \u201cEn dos palabras, im \u2013 presionante\u201d.<\/p>\n<p>Una gran escenograf\u00eda se abr\u00eda ante los ojos del p\u00fablico madrile\u00f1o con la portada del nuevo disco de los suecos llenando todo el escenario. Son\u00f3 \u201cDeceiver, Deceiver\u201d, y con ella constat\u00e9 la \u00fanica nota negativa que le doy al concierto: el sonido de las guitarras, tanto de Michael como de Joey, estaba bastante bajo y no se escuchaban apenas. Esto se fue solucionando durante el show, pero durante su primera mitad, el sonido no fue el mejor.<\/p>\n<p>Aun as\u00ed, la presencia esc\u00e9nica de la banda y la calidad musical que despliegan con cada acorde es digna de admirar. \u201cRavenous\u201d llegaba pronto para abrir la lista de cl\u00e1sicos y dejar claro una vez m\u00e1s que esta chica de pelo azul es un portento vocal antol\u00f3gico. Alissa se ha convertido en apenas diez a\u00f1os en uno de los referentes de la escena metalera, y por m\u00e9ritos propios. Sabe en todo momento lo que tiene que hacer y lo ejecuta a la perfecci\u00f3n. Verla en directo es un privilegio.<\/p>\n<p>Los temas de su nuevo trabajo llegaron de manera bestial con \u201cDream Stealer\u201d y la canci\u00f3n con el mismo nombre que el disco, \u201cBlood Dynasty\u201d, en la que vimos la novedad que traen los suecos en esta gira: un juego de luces de ne\u00f3n espectacular que se refleja en algunas partes del escenario y del propio pelo y maquillaje de Alissa cuando las luces se apagan. Muy original y, visualmente, llamativo.<\/p>\n<p>Tiempo para recordar ese gran disco que es \u2018War Eternal\u2019 con el tema hom\u00f3nimo, que sumi\u00f3 en una guerra al p\u00fablico donde los mosh pits y la gente volando por encima de nuestras cabezas ya eran imparables. Si a esto le sumas un \u201cMy Apocalypse\u201d, donde una marea de luces llen\u00f3 Vistalegre a un lado y al otro, es inevitable que la primera mitad del concierto fascinara al respetable.<\/p>\n<p><a target=\"_blank\" href=\"https:\/\/www.europesays.com\/es\/wp-content\/uploads\/2025\/10\/Arch-Enemy-Madrid-Oct-25-Alfonso-Davila-2.jpg\"><img loading=\"lazy\" decoding=\"async\" class=\"aligncenter size-full wp-image-374096\" src=\"https:\/\/www.europesays.com\/es\/wp-content\/uploads\/2025\/10\/Arch-Enemy-Madrid-Oct-25-Alfonso-Davila-2.jpg\" alt=\"\" width=\"700\" height=\"444\"  \/><\/a><\/p>\n<p>Para abrir la segunda y \u00faltima parte de la presentaci\u00f3n de los titanes del melodeath, lleg\u00f3 un tema muy esperado para un servidor, \u201cIlluminate the Path\u201d, mi canci\u00f3n m\u00e1s escuchada de este a\u00f1o, sin duda. Me enfrent\u00e9 a ella por primera vez en directo y qu\u00e9 decir. Un nuevo fondo de carteler\u00eda adornaba la escena con una iluminaci\u00f3n oscura y brutal; los acordes ca\u00edan, la voz de Alissa retumbaba en todo el recinto y ese estribillo con su voz limpia son\u00f3 maravilloso. Sin duda, el momento de la noche. \u00a1Qu\u00e9 temazo!<\/p>\n<p>\u201cLiars &amp; Thieves\u201d, quiz\u00e1 las m\u00e1s \u201cfloja\u201d de la noche, si se puede decir eso, daba paso a otros de los ya cl\u00e1sicos modernos de la banda, como son \u201cThe Eagle Flies Alone\u201d y \u201cFirst Day in Hell\u201d del discazo \u2018Will to Power\u2019 de 2017. Ambas sonaron brutales, pero se lleva la medalla de oro la primera, durante la cual se pidi\u00f3 la colaboraci\u00f3n del p\u00fablico para darlo todo en el estribillo.<\/p>\n<p>Para cerrar el set, \u201cSunset Over the Empire\u201d (una sorpresa que cayera este tema y no otros como \u201cThe World is Yours\u201d o \u201cHandshake with Hell\u201d, pero no desenton\u00f3 para nada), que aport\u00f3 un poco de pausa r\u00edtmica y contundencia antes de la tempestad que fueron la m\u00edtica entre las m\u00edticas \u201cNo Gods No Masters\u201d, que puso a saltar y cantar a todo el mundo, y \u201cAvalanche\u201d, broche a la presentaci\u00f3n de la banda.<\/p>\n<p>Pero no pod\u00edan irse as\u00ed, ya que faltaba la traca final. \u201cSnow Bound\u201d, la ya cl\u00e1sica parte instrumental liderada por Michael Amott y su guitarra de flecha, dio paso a la presentaci\u00f3n del \u00faltimo tema de la noche. Alissa sal\u00eda entre las sombras para decir la ic\u00f3nica frase: \u201cOne for all, All for one, we are Nemesis\u201d y, evidentemente, \u201cNemesis\u201d, como ya es habitual, se encarg\u00f3 de cerrar el concierto de los suecos, arrasando las pocas fuerzas que quedaban al p\u00fablico madrile\u00f1o.<\/p>\n<p>La despedida con \u201cFields of Desolation\u201d y la gente totalmente rendida a los pies de los gigantes suecos del metal extremo dejan claro que son una de las bandas m\u00e1s en forma de la industria. Esperamos verlos por nuestro pa\u00eds m\u00e1s pronto que tarde otra vez. \u00a1La dinast\u00eda contin\u00faa!<\/p>\n<p>                         <a target=\"_blank\" href=\"http:\/\/\/\/mariskalrock.com\" class=\"url\" title=\"Redacci\u00f3n\" rel=\"nofollow\"> <img loading=\"lazy\" decoding=\"async\" alt=\"Redacci\u00f3n\" src=\"https:\/\/www.europesays.com\/es\/wp-content\/uploads\/2025\/10\/1761614952_407_5ee478bf2a98867b9a8d865f0c52fc8e47eb03788ee7ade55d6bc09765f95669\"  class=\"avatar avatar-250 photo\" height=\"250\" width=\"250\"\/><\/a>  <a href=\"http:\/\/\/\/mariskalrock.com\" class=\"url\" target=\"_blank\" title=\"Redacci\u00f3n\" rel=\"nofollow\"><img loading=\"lazy\" decoding=\"async\" alt=\"Redacci\u00f3n\" src=\"https:\/\/www.europesays.com\/es\/wp-content\/uploads\/2025\/10\/1761614952_407_5ee478bf2a98867b9a8d865f0c52fc8e47eb03788ee7ade55d6bc09765f95669\"  class=\"avatar avatar-250 photo\" height=\"250\" width=\"250\"\/><\/a>\u00daltimas entradas de Redacci\u00f3n (<a target=\"_blank\" href=\"https:\/\/mariskalrock.com\/author\/juanpi\/\" rel=\"nofollow noopener\">ver todo<\/a>)  <\/p>\n","protected":false},"excerpt":{"rendered":"Hab\u00eda muchas ganas de esta gira y se notaba en los aleda\u00f1os del m\u00edtico palacio madrile\u00f1o a pocos&hellip;\n","protected":false},"author":2,"featured_media":204617,"comment_status":"","ping_status":"","sticky":false,"template":"","format":"standard","meta":{"footnotes":""},"categories":[170],"tags":[56027,43834,40026,56028,56029,56030,146,147,25,24,56031,56032,56033,4622,184,185,23],"class_list":{"0":"post-204616","1":"post","2":"type-post","3":"status-publish","4":"format-standard","5":"has-post-thumbnail","7":"category-musica","8":"tag-alissa-white-gluz","9":"tag-amorphis","10":"tag-arch-enemy","11":"tag-blood-dinasty","12":"tag-chrigel-glanzmann","13":"tag-eluveitie","14":"tag-entertainment","15":"tag-entretenimiento","16":"tag-es","17":"tag-espana","18":"tag-fabienne-erni","19":"tag-gatecreeper","20":"tag-michael-amott","21":"tag-mr2022","22":"tag-music","23":"tag-musica","24":"tag-spain"},"share_on_mastodon":{"url":"https:\/\/pubeurope.com\/@es\/115449204899680184","error":""},"_links":{"self":[{"href":"https:\/\/www.europesays.com\/es\/wp-json\/wp\/v2\/posts\/204616","targetHints":{"allow":["GET"]}}],"collection":[{"href":"https:\/\/www.europesays.com\/es\/wp-json\/wp\/v2\/posts"}],"about":[{"href":"https:\/\/www.europesays.com\/es\/wp-json\/wp\/v2\/types\/post"}],"author":[{"embeddable":true,"href":"https:\/\/www.europesays.com\/es\/wp-json\/wp\/v2\/users\/2"}],"replies":[{"embeddable":true,"href":"https:\/\/www.europesays.com\/es\/wp-json\/wp\/v2\/comments?post=204616"}],"version-history":[{"count":0,"href":"https:\/\/www.europesays.com\/es\/wp-json\/wp\/v2\/posts\/204616\/revisions"}],"wp:featuredmedia":[{"embeddable":true,"href":"https:\/\/www.europesays.com\/es\/wp-json\/wp\/v2\/media\/204617"}],"wp:attachment":[{"href":"https:\/\/www.europesays.com\/es\/wp-json\/wp\/v2\/media?parent=204616"}],"wp:term":[{"taxonomy":"category","embeddable":true,"href":"https:\/\/www.europesays.com\/es\/wp-json\/wp\/v2\/categories?post=204616"},{"taxonomy":"post_tag","embeddable":true,"href":"https:\/\/www.europesays.com\/es\/wp-json\/wp\/v2\/tags?post=204616"}],"curies":[{"name":"wp","href":"https:\/\/api.w.org\/{rel}","templated":true}]}}