{"id":204633,"date":"2025-10-28T01:38:14","date_gmt":"2025-10-28T01:38:14","guid":{"rendered":"https:\/\/www.europesays.com\/es\/204633\/"},"modified":"2025-10-28T01:38:14","modified_gmt":"2025-10-28T01:38:14","slug":"dani-carvajal-entre-uno-y-dos-meses-de-baja-tras-el-clasico-el-real-madrid-comunica-que-sufre-una-nueva-lesion-en-su-rodilla-derecha-futbol","status":"publish","type":"post","link":"https:\/\/www.europesays.com\/es\/204633\/","title":{"rendered":"Dani Carvajal, entre uno y dos meses de baja tras el Cl\u00e1sico: el Real Madrid comunica que sufre una nueva lesi\u00f3n en su rodilla derecha | F\u00fatbol"},"content":{"rendered":"<p>Malas noticias para el Real Madrid. El club blanco ha comunicado en un informe m\u00e9dico que Dani Carvajal sufre \u00abla presencia de un cuerpo libre articular en la rodilla derecha\u00bb. Esa es la misma rodilla en la que sufri\u00f3 la rotura de ligamentos la campa\u00f1a pasada. <a href=\"https:\/\/cadenaser.com\/nacional\/2025\/10\/26\/real-madrid-2-1-fc-barcelona-resumen-resultado-y-goles-del-clasico-de-la-jornada-10-de-laliga-cadena-ser\/\" target=\"_blank\" rel=\"nofollow noopener\" title=\"https:\/\/cadenaser.com\/nacional\/2025\/10\/26\/real-madrid-2-1-fc-barcelona-resumen-resultado-y-goles-del-clasico-de-la-jornada-10-de-laliga-cadena-ser\/\">El capit\u00e1n blanco se ha resentido de su rodilla tras &#8216;El Cl\u00e1sico&#8217;<\/a> y a pesar de que el club no fija un tiempo de baja determinado, ya que est\u00e1 \u00abpendiente de evoluci\u00f3n\u00bb, se estima que estar\u00e1 fuera de los terrenos de juego en torno a un mes y medio o dos meses.<\/p>\n<p>El estado f\u00edsico de Carvajal vuelve a ser noticia en un Real Madrid que vuelve a resentirse en el cap\u00edtulo de bajas. Despu\u00e9s de que Xabi Alonso recuperase a Ceballos y Camavinga para El Cl\u00e1sico, es otra vez el lateral derecho del equipo quien tiene que parar para recuperarse de una nueva lesi\u00f3n en su rodilla derecha. <\/p>\n<p>M\u00e1s informaci\u00f3n<\/p>\n<p>Carvajal sali\u00f3 en la segunda mitad del partido frente al Barcelona en el Camp Nou por un Fede Valverde, que tambi\u00e9n se retir\u00f3 lesionado. Su actuaci\u00f3n fue importante para que los blancos retuviesen los tres puntos y sigan en lo m\u00e1s alto de la tabla de LaLiga. <a href=\"https:\/\/cadenaser.com\/nacional\/2025\/10\/27\/la-dura-critica-a-carvajal-por-su-actitud-tras-el-clasico-del-hay-que-entender-a-lamine-a-no-ser-ni-un-capitan-ni-un-ejemplo-cadena-ser\/\" target=\"_blank\" rel=\"nofollow noopener\" title=\"https:\/\/cadenaser.com\/nacional\/2025\/10\/27\/la-dura-critica-a-carvajal-por-su-actitud-tras-el-clasico-del-hay-que-entender-a-lamine-a-no-ser-ni-un-capitan-ni-un-ejemplo-cadena-ser\/\">Sin embargo, el capit\u00e1n del Real Madrid fue noticia por su enfrentamiento con Lamine Yamal a ra\u00edz de sus palabras antes del Cl\u00e1sico<\/a>. Haciendo un gesto con la mano e indic\u00e1ndole que deb\u00eda \u00abcerrar la boca\u00bb, provoc\u00f3 un enfrentamiento tras el pitido final que caus\u00f3 una tangana entre los integrantes de ambos equipos. Lamine Yamal tuvo que retirarse del Bernab\u00e9u escoltado por varios compa\u00f1eros de equipo despu\u00e9s de un intercambio de acusaciones co nvarios pesos pesados del Real Madrid, como Vinicius o Courtois.<\/p>\n<p>Un \u00abconflicto\u00bb menos para Luis de la Fuente<\/p>\n<p>La selecci\u00f3n espa\u00f1ola tendr\u00e1 que jugar contra Georgia y contra Turqu\u00eda en el pr\u00f3ximo par\u00f3n de selecciones. El 14 y el 18 de noviembre, los de Luis de la Fuente podr\u00e1 certificar su presencia en el mundial. <a href=\"https:\/\/cadenaser.com\/nacional\/2025\/10\/27\/la-rfef-destaca-el-papel-de-carvajal-como-capitan-y-ensalza-el-comportamiento-de-lamine-yamal-cadena-ser\/\" target=\"_blank\" rel=\"nofollow noopener\" title=\"https:\/\/cadenaser.com\/nacional\/2025\/10\/27\/la-rfef-destaca-el-papel-de-carvajal-como-capitan-y-ensalza-el-comportamiento-de-lamine-yamal-cadena-ser\/\">La convocatoria para esos dos partidos ya tiene una certeza que es la ausencia de Dani Carvajal, una noticia importante por el bien de la \u00abconvivencia\u00bb<\/a> del grupo despu\u00e9s del enfrentamiento p\u00fablico que el capit\u00e1n del Real Madrid tuvo con Lamine Yamal tras el pitido final del Cl\u00e1sico. <\/p>\n<p>Muchos debates se han llenado en las \u00faltimas horas sobre c\u00f3mo afectar\u00e1 a la selecci\u00f3n espa\u00f1ola este enfrentamiento entre jugadores de Real Madrid y FC Barcelona. Carvajal y Yamal son dos de los pesos pesados de un combinado nacional, cuyo obejtivo es levantar la Copa del Mndo el pr\u00f3ximo verano en Estados Unidos y es por ello, que entre la afici\u00f3n a la selecci\u00f3n existe la preocupaci\u00f3n de si este choque de pareceres que ha recorrido el mundo puede involucrar en el peor de los sentidos al equipo de Luis de la Fuente.<\/p>\n<p>El seleccionador evitar\u00e1 esa imagen de mediador, como hizo Vicente del Bosque en la era Mourinho, ya que no podr\u00e1 contar con un Dani Carvajal que estar\u00e1 de baja entre mes y medio y dos meses tras esta nueva lesi\u00f3n en su rodilla derecha. El capit\u00e1n del Real Madrid tendr\u00e1 que volver a demostrar su gran resistencia a las lesiones y volver al campo como ha hecho en el pasado. <\/p>\n","protected":false},"excerpt":{"rendered":"Malas noticias para el Real Madrid. El club blanco ha comunicado en un informe m\u00e9dico que Dani Carvajal&hellip;\n","protected":false},"author":2,"featured_media":204634,"comment_status":"","ping_status":"","sticky":false,"template":"","format":"standard","meta":{"footnotes":""},"categories":[5],"tags":[17,18,25,24,13,14,27211,11,19,20,9,10,15,16,23,12,21,22],"class_list":{"0":"post-204633","1":"post","2":"type-post","3":"status-publish","4":"format-standard","5":"has-post-thumbnail","7":"category-titulares","8":"tag-breaking-news","9":"tag-breakingnews","10":"tag-es","11":"tag-espana","12":"tag-featured-news","13":"tag-featurednews","14":"tag-half-length","15":"tag-headlines","16":"tag-latest-news","17":"tag-latestnews","18":"tag-news","19":"tag-noticias","20":"tag-noticias-destacadas","21":"tag-noticiasdestacadas","22":"tag-spain","23":"tag-titulares","24":"tag-ultimas-noticias","25":"tag-ultimasnoticias"},"share_on_mastodon":{"url":"https:\/\/pubeurope.com\/@es\/115449240159638503","error":""},"_links":{"self":[{"href":"https:\/\/www.europesays.com\/es\/wp-json\/wp\/v2\/posts\/204633","targetHints":{"allow":["GET"]}}],"collection":[{"href":"https:\/\/www.europesays.com\/es\/wp-json\/wp\/v2\/posts"}],"about":[{"href":"https:\/\/www.europesays.com\/es\/wp-json\/wp\/v2\/types\/post"}],"author":[{"embeddable":true,"href":"https:\/\/www.europesays.com\/es\/wp-json\/wp\/v2\/users\/2"}],"replies":[{"embeddable":true,"href":"https:\/\/www.europesays.com\/es\/wp-json\/wp\/v2\/comments?post=204633"}],"version-history":[{"count":0,"href":"https:\/\/www.europesays.com\/es\/wp-json\/wp\/v2\/posts\/204633\/revisions"}],"wp:featuredmedia":[{"embeddable":true,"href":"https:\/\/www.europesays.com\/es\/wp-json\/wp\/v2\/media\/204634"}],"wp:attachment":[{"href":"https:\/\/www.europesays.com\/es\/wp-json\/wp\/v2\/media?parent=204633"}],"wp:term":[{"taxonomy":"category","embeddable":true,"href":"https:\/\/www.europesays.com\/es\/wp-json\/wp\/v2\/categories?post=204633"},{"taxonomy":"post_tag","embeddable":true,"href":"https:\/\/www.europesays.com\/es\/wp-json\/wp\/v2\/tags?post=204633"}],"curies":[{"name":"wp","href":"https:\/\/api.w.org\/{rel}","templated":true}]}}