{"id":204690,"date":"2025-10-28T02:24:28","date_gmt":"2025-10-28T02:24:28","guid":{"rendered":"https:\/\/www.europesays.com\/es\/204690\/"},"modified":"2025-10-28T02:24:28","modified_gmt":"2025-10-28T02:24:28","slug":"jaime-alfonsin-defiende-reformar-la-constitucion-para-garantizar-la-continuidad-de-la-corona","status":"publish","type":"post","link":"https:\/\/www.europesays.com\/es\/204690\/","title":{"rendered":"Jaime Alfons\u00edn defiende reformar la Constituci\u00f3n para garantizar la continuidad de la Corona"},"content":{"rendered":"<p style=\"\"><strong>Felipe VI<\/strong> ha presidido esta tarde el ingreso en la Real Academia de Ciencias Morales y Pol\u00edticas de <strong>Jaime Alfons\u00edn<\/strong>, quien en febrero de 2024 dej\u00f3 su puesto al frente de la Casa de Su Majestad el Rey despu\u00e9s de casi treinta a\u00f1os  &#8230; de servicio a la Corona. <\/p>\n<p class=\"voc-p\" style=\"\">Tras agradecer a Don Felipe su presencia, antes de iniciar la lectura de su discurso de ingreso como acad\u00e9mico de n\u00famero, Alfons\u00edn ha asegurado que ha sido \u00abun gran privilegio y el mayor honor\u00bb acompa\u00f1ar al Rey \u00aben su camino a lo largo de casi treinta a\u00f1os\u00bb, en los que se ha sentido muy orgulloso al verle convertido \u00aben una referencia institucional y moral para todos los espa\u00f1oles\u00bb. <\/p>\n<p class=\"voc-p\" style=\"\">En un texto titulado &#8216;La educaci\u00f3n de la Heredera de la Corona y el oficio de reinar&#8217;, Alfons\u00edn ha abordado la <a href=\"https:\/\/www.abc.es\/espana\/casa-real\/princesa-leonor-pone-fin-formacion-fragata-blas-20250701200047-nt.html\" target=\"_self\" data-voc-vtm-id=\"in-text-traffic\" title=\"formaci\u00f3n de la Princesa Leonor\" rel=\"nofollow noopener\">formaci\u00f3n de la Princesa Leonor<\/a> como \u00abuna cuesti\u00f3n de Estado\u00bb y \u00abuna responsabilidad compartida por la Corona, la familia y la sociedad espa\u00f1ola\u00bb. \u00abLa educaci\u00f3n de la Heredera no es un asunto privado, sino una tarea p\u00fablica\u00bb, ha afirmado, mientras ha insistido en que esa formaci\u00f3n \u00abno puede reducirse a un expediente acad\u00e9mico ni a una sucesi\u00f3n de t\u00edtulos\u00bb, sino que debe orientarse \u00aba la adquisici\u00f3n de un sentido del deber, de una conciencia institucional y de un compromiso moral con Espa\u00f1a\u00bb.<\/p>\n<p class=\"voc-p\" style=\"\">Alfons\u00edn ha definido el \u00aboficio de reinar\u00bb como \u00abuna tarea que no se ense\u00f1a en el bachillerato ni se aprende en la universidad\u00bb, sino que se asimila \u00abd\u00eda a d\u00eda, en el ejercicio del deber, en la discreci\u00f3n, en la neutralidad y en el servicio a todos los espa\u00f1oles\u00bb. Tambi\u00e9n ha defendido reformar el texto de la<strong> Carta Magna<\/strong> cuando haya suficiente consenso para garantizar la igualdad en la sucesi\u00f3n y la continuidad de la Corona, en un contexto donde \u00abes un hecho generalmente aceptado la falta de respeto a nuestra Constituci\u00f3n\u00bb. <\/p>\n<p class=\"voc-p\" style=\"\">A lo largo de su discurso, el abogado del Estado ha trazado un recorrido hist\u00f3rico por la educaci\u00f3n de los anteriores herederos de la Corona, <strong>desde Alfonso XIII hasta Felipe VI<\/strong>, deteni\u00e9ndose en la figura de <strong>Don Juan de Borb\u00f3n y Juan Carlos I<\/strong>, a quien ha reconocido como \u00abel art\u00edfice de la Monarqu\u00eda Parlamentaria y el protagonista de una etapa decisiva de nuestra historia contempor\u00e1nea\u00bb. Ha recordado que el reinado del padre de Felipe VI \u00abfue el de la reconciliaci\u00f3n, el consenso y la concordia\u00bb, y que sin su impulso \u00abno habr\u00eda sido posible la Transici\u00f3n ni la Constituci\u00f3n de 1978\u00bb.<\/p>\n<p class=\"voc-p\" style=\"\">\u00abA Don Juan Carlos debemos la restauraci\u00f3n de la Corona y el establecimiento de un r\u00e9gimen de libertades\u00bb, ha afirmado Alfons\u00edn, \u00aby a Felipe VI corresponde <strong>consolidar esa obra, garantizar la estabilidad y preservar el cr\u00e9dito moral de la instituci\u00f3n<\/strong>\u00bb. En esa continuidad hist\u00f3rica ha situado la educaci\u00f3n de la Princesa de Asturias, \u00abque no es una educaci\u00f3n de privilegio, sino de responsabilidad\u00bb. \u00abLeonor de Borb\u00f3n se est\u00e1 formando para servir, no para destacar; para unir, no para dividir\u00bb, ha explicado, al tiempo que ha subrayado que su preparaci\u00f3n \u00abresponde a una vocaci\u00f3n de permanencia, no de poder\u00bb.<\/p>\n<p class=\"voc-p\" style=\"\">El ex Jefe de la Casa del Rey se ha detenido unos segundos en la primera d\u00e9cada de reinado de Felipe VI, que ha descrito como \u00abonce a\u00f1os dif\u00edciles, duros y complejos\u00bb: \u00abHan sido a\u00f1os de pruebas pol\u00edticas, institucionales y personales, en los que Su Majestad ha tenido que ejercer su papel con serenidad y firmeza, sin desviarse un mil\u00edmetro de los principios constitucionales\u00bb.<\/p>\n<p class=\"voc-p\" style=\"\">Alfons\u00edn ha destacado que el Rey \u00abha afrontado las circunstancias m\u00e1s adversas con la dignidad de quien sabe que su deber es resistir, mantener el equilibrio y proteger la neutralidad de la instituci\u00f3n\u00bb. \u00abSu ejemplo \u2014a\u00f1adi\u00f3\u2014 es la lecci\u00f3n m\u00e1s valiosa que puede recibir la Heredera\u00bb.<\/p>\n<p class=\"voc-title\">Jaime Alfons\u00edn destaca que el Rey afront\u00f3 \u00abonce a\u00f1os dif\u00edciles, duros y complejos\u00bb con serenidad, firmeza y fidelidad a la Constituci\u00f3n<\/p>\n<p class=\"voc-p\" style=\"\">El acad\u00e9mico ha defendido con firmeza el papel de la neutralidad pol\u00edtica como pilar del sistema: \u00abLa Monarqu\u00eda no gobierna, pero reina; no legisla, pero garantiza; no milita, pero representa a todos\u00bb. Esa independencia, seg\u00fan \u00e9l, \u00abes la condici\u00f3n que hace posible su funci\u00f3n integradora\u00bb.<\/p>\n<p class=\"voc-p\" style=\"\">Alfons\u00edn se ha referido tambi\u00e9n a la relaci\u00f3n de la jefatura del Estado con el resto de los poderes del Estado: \u00abLa Corona no es contrapeso ni \u00e1rbitro, sino la expresi\u00f3n de la continuidad constitucional y de la permanencia de Espa\u00f1a m\u00e1s all\u00e1 de sus coyunturas pol\u00edticas\u00bb. En este sentido, ha recordado que la educaci\u00f3n de la Princesa est\u00e1 regulada por la ley, pero guiada por la responsabilidad personal de los Reyes: \u00abEl Gobierno tiene competencias limitadas a la formaci\u00f3n militar; todo lo dem\u00e1s pertenece al \u00e1mbito familiar e institucional de la Corona\u00bb. \u00abEn esa tarea, Su Majestad y la Reina han demostrado que se puede educar en la normalidad y en el compromiso, sin solemnidades innecesarias, pero con rigor y sentido del deber\u00bb, ha a\u00f1adido.<\/p>\n<p class=\"voc-title\">\u00abLeonor de Borb\u00f3n se est\u00e1 formando para servir, no para destacar; para unir, no para dividir\u00bb, afirma Alfons\u00edn<\/p>\n<p class=\"voc-p\" style=\"\">A lo largo de los 23 folios de intervenci\u00f3n, Alfons\u00edn tambi\u00e9n ha reflexionado sobre la trascendencia de que la Heredera sea una mujer. \u00abNo es irrelevante que en un futuro pr\u00f3ximo Espa\u00f1a pueda ser representada por una Reina\u00bb, ha afirmado. \u00abQue sea una mujer quien encarne la Jefatura del Estado supone un avance natural en la evoluci\u00f3n de nuestra sociedad y una expresi\u00f3n visible de la igualdad que la Constituci\u00f3n consagra.\u00bb Ha subrayado que esa circunstancia \u00abno a\u00f1ade m\u00e9rito ni resta exigencia, pero s\u00ed aporta una mirada nueva, una sensibilidad distinta, y una oportunidad para fortalecer el v\u00ednculo entre la Corona y las nuevas generaciones\u00bb. Para Alfons\u00edn, el futuro reinado de Leonor de Borb\u00f3n \u00abser\u00e1 la mejor prueba de que la Monarqu\u00eda, lejos de anclarse en el pasado, sabe adaptarse a los valores de su tiempo\u00bb. <\/p>\n<p class=\"voc-p\" style=\"\">Estas reflexiones sobre la importancia de que Espa\u00f1a vuelva a tener el futuro a una mujer al frente de la Jefatura del Estado desde Isabel II, ha llevado a Alfons\u00edn a otra reflexi\u00f3n sobre la Carta Magna. \u00abLa Constituci\u00f3n ha servido bien a Espa\u00f1a, pero nada impide que, llegado el consenso, se reflexione sobre cuestiones como la igualdad en la sucesi\u00f3n o la clarificaci\u00f3n del r\u00e9gimen de regencia y abdicaci\u00f3n\u00bb, ha apuntado. Sin embargo, ha advertido que \u00ablas reformas no deben debilitar lo que funciona, sino reforzar lo que da estabilidad\u00bb.<\/p>\n<p class=\"voc-p\" style=\"\">En su tramo final, Alfons\u00edn ha definido con precisi\u00f3n la naturaleza del \u00aboficio de reinar\u00bb: \u00abEs un oficio que se ejerce sin vocaci\u00f3n de mando, que requiere humildad, mesura y una permanente disposici\u00f3n al servicio. La Corona no se posee: se sirve. Y la ejemplaridad no se declama: se practica\u00bb.<\/p>\n<p class=\"voc-p\" style=\"\">El acad\u00e9mico ha cerrado su intervenci\u00f3n con una afirmaci\u00f3n de confianza institucional y de esperanza nacional: \u00abLa Monarqu\u00eda Parlamentaria ha demostrado su capacidad de adaptaci\u00f3n y su fidelidad a la Constituci\u00f3n. Mantenerla viva es tarea de todos, pero especialmente de quien est\u00e1 llamada a encarnarla en la pr\u00f3xima generaci\u00f3n\u00bb. Con estas palabras, el ex Jefe de la Casa del Rey ha subrayado que en la formaci\u00f3n de la Princesa de Asturias se cifra el futuro y la continuidad de la Corona. <\/p>\n<p class=\"voc-p\" style=\"\">Emilio Lamo de Espinosa, acad\u00e9mico de n\u00famero y encargado de dar contestaci\u00f3n al discurso de Alfons\u00edn, ha elogiado la \u00abclaridad y profundidad\u00bb del exjefe de la Casa del Rey y ha destacado que \u00abha sabido explicar la Monarqu\u00eda no como un privilegio, sino como un servicio\u00bb. \u00abHa mostrado \u2014dijo\u2014 que la Corona es una instituci\u00f3n de equilibrio y permanencia, y que su fortaleza depende de la ejemplaridad de quienes la encarnan\u00bb.<\/p>\n<p class=\"voc-p\" style=\"\">En el sal\u00f3n de la planta noble de la Real Academia de Ciencias Morales y Pol\u00edticas se han reunido esta tarde bajo la presidencia del Rey un gran n\u00famero de acad\u00e9micos, representantes del \u00e1mbito jur\u00eddico, universitario y pol\u00edtico, as\u00ed como con miembros de la Casa de Su Majestad el Rey. Bajo el retrato de Isabel II, su fundadora, se encontraban Fernando Grande-Marlaska; el presidente del Senado, Pedro Roll\u00e1n; el presidente del PP, Alberto N\u00fa\u00f1ez Feij\u00f3o; la presidenta del Consejo de Estado, Carmen Calvo; el alcalde de Madrid, Jos\u00e9 Luis Mart\u00ednez-Almeida; el presidente de la CEOE, Antonio Garamendi; la presidenta de la Real Academia de Historia, Carmen Iglesias; Manuel Pizarro y Luis Mar\u00eda Cazorla, miembros de la Real Academia de Jurisprudencia; acad\u00e9micos de Ciencias Morales como Pedro Schwartz, el cardenal Antonio Mar\u00eda Rouco Varela, Rodolfo Mart\u00edn Villa y Ram\u00f3n Tamames, o la presidenta de la Fundaci\u00f3n Princesa de Asturias, Teresa Sanjurjo. <\/p>\n<p class=\"voc-p\" style=\"\">Estaban tambi\u00e9n los presidentes em\u00e9ritos del Tribunal Constitucional, Juan Jos\u00e9 Gonz\u00e1lez Rivas y Mar\u00eda Emilia Casas. Esta \u00faltima fue quien propuso la candidatura de Alfons\u00edn junto a Miguel Herrero y Rodr\u00edguez de Mi\u00f1\u00f3n y Santiago Mu\u00f1oz Machado.<\/p>\n","protected":false},"excerpt":{"rendered":"Felipe VI ha presidido esta tarde el ingreso en la Real Academia de Ciencias Morales y Pol\u00edticas de&hellip;\n","protected":false},"author":2,"featured_media":204691,"comment_status":"","ping_status":"","sticky":false,"template":"","format":"standard","meta":{"footnotes":""},"categories":[5],"tags":[56046,17,18,11298,16866,4182,5443,25,24,13,14,2454,11,17213,19,20,9,10,15,16,56047,23,12,21,22],"class_list":{"0":"post-204690","1":"post","2":"type-post","3":"status-publish","4":"format-standard","5":"has-post-thumbnail","7":"category-titulares","8":"tag-alfonsin","9":"tag-breaking-news","10":"tag-breakingnews","11":"tag-constitucion","12":"tag-continuidad","13":"tag-corona","14":"tag-defiende","15":"tag-es","16":"tag-espana","17":"tag-featured-news","18":"tag-featurednews","19":"tag-garantizar","20":"tag-headlines","21":"tag-jaime","22":"tag-latest-news","23":"tag-latestnews","24":"tag-news","25":"tag-noticias","26":"tag-noticias-destacadas","27":"tag-noticiasdestacadas","28":"tag-reformar","29":"tag-spain","30":"tag-titulares","31":"tag-ultimas-noticias","32":"tag-ultimasnoticias"},"share_on_mastodon":{"url":"https:\/\/pubeurope.com\/@es\/115449421018618628","error":""},"_links":{"self":[{"href":"https:\/\/www.europesays.com\/es\/wp-json\/wp\/v2\/posts\/204690","targetHints":{"allow":["GET"]}}],"collection":[{"href":"https:\/\/www.europesays.com\/es\/wp-json\/wp\/v2\/posts"}],"about":[{"href":"https:\/\/www.europesays.com\/es\/wp-json\/wp\/v2\/types\/post"}],"author":[{"embeddable":true,"href":"https:\/\/www.europesays.com\/es\/wp-json\/wp\/v2\/users\/2"}],"replies":[{"embeddable":true,"href":"https:\/\/www.europesays.com\/es\/wp-json\/wp\/v2\/comments?post=204690"}],"version-history":[{"count":0,"href":"https:\/\/www.europesays.com\/es\/wp-json\/wp\/v2\/posts\/204690\/revisions"}],"wp:featuredmedia":[{"embeddable":true,"href":"https:\/\/www.europesays.com\/es\/wp-json\/wp\/v2\/media\/204691"}],"wp:attachment":[{"href":"https:\/\/www.europesays.com\/es\/wp-json\/wp\/v2\/media?parent=204690"}],"wp:term":[{"taxonomy":"category","embeddable":true,"href":"https:\/\/www.europesays.com\/es\/wp-json\/wp\/v2\/categories?post=204690"},{"taxonomy":"post_tag","embeddable":true,"href":"https:\/\/www.europesays.com\/es\/wp-json\/wp\/v2\/tags?post=204690"}],"curies":[{"name":"wp","href":"https:\/\/api.w.org\/{rel}","templated":true}]}}