{"id":204702,"date":"2025-10-28T02:39:17","date_gmt":"2025-10-28T02:39:17","guid":{"rendered":"https:\/\/www.europesays.com\/es\/204702\/"},"modified":"2025-10-28T02:39:17","modified_gmt":"2025-10-28T02:39:17","slug":"steven-soderbergh-rompe-su-silencio-sobre-the-hunt-for-ben-solo-la-pelicula-de-star-wars-que-disney-rechazo","status":"publish","type":"post","link":"https:\/\/www.europesays.com\/es\/204702\/","title":{"rendered":"Steven Soderbergh rompe su silencio sobre &#8216;The Hunt for Ben Solo&#8217;, la pel\u00edcula de &#8216;Star Wars&#8217; que Disney rechaz\u00f3"},"content":{"rendered":"<p><a href=\"https:\/\/www.ecartelera.com\/personas\/steven-soderbergh\/\" rel=\"nofollow noopener\" target=\"_blank\">Steven Soderbergh<\/a> ha roto su silencio sobre uno de los proyectos m\u00e1s enigm\u00e1ticos y comentados del universo &#8216;<a href=\"https:\/\/www.ecartelera.com\/sagas\/star-wars\/\" rel=\"nofollow noopener\" target=\"_blank\">Star Wars<\/a>&#8216; en los \u00faltimos a\u00f1os: <b>la pel\u00edcula nunca realizada &#8216;The Hunt for Ben Solo&#8217;<\/b>. El director de &#8216;<a href=\"https:\/\/www.ecartelera.com\/peliculas\/oceans-eleven-hagan-juego\/\" rel=\"nofollow noopener\" target=\"_blank\">Ocean&#8217;s Eleven <\/a>&#8216; ha confirmado en BlueSky que el proyecto fue real y que tuvo que mantenerlo en secreto durante meses, una situaci\u00f3n que, seg\u00fan sus propias palabras, \u00abno disfrut\u00f3 en absoluto\u00bb.<\/p>\n<p>&#8216;Star Wars: Los \u00faltimos Jedi&#8217;, Adam Driver y la fe de Kylo Ren<\/p>\n<p><video id=\"vid-19271\" class=\"video-js vjs-default-skin\" data-title=\"'Star Wars: Los \u00faltimos Jedi', Adam Driver y la fe de Kylo Ren\" poster=\"https:\/\/www.ecartelera.com\/images\/videos\/19200\/19271-m.jpg\" controls=\"\" preload=\"auto\" width=\"640\" height=\"360\" playsinline=\"\" data-vtt=\"\/\/v1.ecartelera.com\/video\/19200\/19271_sprite.vtt\" data-stream=\"1\">El navegador no soporta el tag de v\u00eddeo.<\/video><\/p>\n<p>X<\/p>\n<p>\u00abPara que conste, no disfrut\u00e9 mintiendo sobre la existencia de &#8216;The Hunt for Ben Solo&#8217;, pero realmente <b>ten\u00eda que seguir siendo un secreto&#8230; \u00a1hasta ahora!<\/b>\u00ab, ha lanzado Soderbergh. El comentario llega poco despu\u00e9s de que <a href=\"https:\/\/www.ecartelera.com\/personas\/adam-driver\/\" rel=\"nofollow noopener\" target=\"_blank\">Adam Driver<\/a>, quien habr\u00eda retomado su papel como Kylo Ren \u2014o Ben Solo\u2014, revelara la existencia del proyecto en una entrevista con Associated Press. Driver <b>describi\u00f3 la pel\u00edcula como \u00abuna de las cosas m\u00e1s geniales\u00bb<\/b> en las que hab\u00eda estado involucrado, a pesar de que nunca lleg\u00f3 a rodarse.<\/p>\n<p>El cineasta, ganador del \u00d3scar por &#8216;<a href=\"https:\/\/www.ecartelera.com\/peliculas\/traffic\/\" rel=\"nofollow noopener\" target=\"_blank\">Traffic<\/a>&#8216;, ha a\u00f1adido m\u00e1s detalles. \u00abTras lo ocurrido con &#8216;HFBS&#8217;, le pregunt\u00e9 a Kathy Kennedy si Lucasfilm hab\u00eda entregado alguna vez <b>un guion terminado a Disney que luego fuera rechazado. Me dijo que no, que esta era la primera vez<\/b>\u00ab, ha revelado en la misma red social. La afirmaci\u00f3n sugiere que la pel\u00edcula <b>lleg\u00f3 a una fase avanzada de desarrollo antes de ser descartada<\/b> por la compa\u00f1\u00eda matriz.<\/p>\n<p>\t\t\t\t\t\t\t<img decoding=\"async\" loading=\"lazy\" src=\"https:\/\/www.europesays.com\/es\/wp-content\/uploads\/2025\/10\/245872_el-proyecto-de-star-wars-de-adam-driver-y-steven.jpg\" alt=\"Steven Soderbergh en pleno rodaje\" width=\"1200\" height=\"675\"\/>\t<\/p>\n<p>\t\t\t\t\t\tSteven Soderbergh en pleno rodaje (Focus Features)<\/p>\n<p>&#8216;The Hunt for Ben Solo&#8217; iba a ambientarse tras los acontecimientos de &#8216;<a href=\"https:\/\/www.ecartelera.com\/peliculas\/star-wars-episodio-9\/\" rel=\"nofollow noopener\" target=\"_blank\">El Ascenso de Skywalker<\/a>&#8216; y <b>seguir\u00eda a un Ben Solo en busca de redenci\u00f3n tras los eventos que marcaron su ca\u00edda y posterior redescubrimiento de la luz<\/b>. Aunque el argumento completo nunca se hizo p\u00fablico, Soderbergh asegura que hab\u00eda disfrutado \u00abhaciendo la pel\u00edcula en su cabeza\u00bb, por lo que lamenta que los fans nunca pudieran verla materializada.<\/p>\n<p>Reestructuraci\u00f3n de la saga<\/p>\n<p>El proyecto formaba parte de una nueva ola de ideas que Lucasfilm habr\u00eda explorado para <b>expandir la saga m\u00e1s all\u00e1 de la Saga Skywalker<\/b>, con la intenci\u00f3n de ofrecer visiones autorales de distintos realizadores. Sin embargo, la decisi\u00f3n de Disney de reestructurar su estrategia cinematogr\u00e1fica tras la recepci\u00f3n mixta de las \u00faltimas entregas habr\u00eda dejado el film fuera de los planes inmediatos del estudio.<\/p>\n<p>\t\t\t\t\t\t\t<img decoding=\"async\" loading=\"lazy\" src=\"https:\/\/www.europesays.com\/es\/wp-content\/uploads\/2025\/10\/246330_adam-driver-y-steven-soderbergh-rompen-el-silencio.jpg\" alt=\"'Star Wars: El ascenso de Skywalker'\" width=\"1200\" height=\"800\"\/>\t<\/p>\n<p>\t\t\t\t\t\t&#8216;Star Wars: El ascenso de Skywalker&#8217; (Disney)<\/p>\n<p>La noticia de la cancelaci\u00f3n no ha pasado desapercibida entre los seguidores de &#8216;Star Wars&#8217;. Seg\u00fan Collider, un grupo de fans ha llegado incluso a <b>contratar un avi\u00f3n que sobrevol\u00f3 los estudios de Disney<\/b> en Burbank, California, con una pancarta en la que se le\u00eda: \u00abSave &#8216;The Hunt for Ben Solo'\u00bb. La imagen, difundida en redes sociales, refleja el fervor que el proyecto gener\u00f3 incluso sin haber visto la luz.<\/p>\n<blockquote class=\"twitter-tweet\">\n<p lang=\"en\" dir=\"ltr\">GIVE THE PEOPLE WHAT THEY WANT <a href=\"https:\/\/twitter.com\/hashtag\/TheHuntForBenSolo?src=hash&amp;ref_src=twsrc%5Etfw\" rel=\"nofollow noopener\" target=\"_blank\">#TheHuntForBenSolo<\/a> <a href=\"https:\/\/t.co\/U2gLC6OGGp\" rel=\"nofollow\">https:\/\/t.co\/U2gLC6OGGp<\/a> <a href=\"https:\/\/t.co\/YVDbQ3iTTo\" rel=\"nofollow\">pic.twitter.com\/YVDbQ3iTTo<\/a><\/p>\n<p>\u2014 lianna ? (@hauntxmexthen) <a href=\"https:\/\/twitter.com\/hauntxmexthen\/status\/1981435346467377285?ref_src=twsrc%5Etfw\" rel=\"nofollow noopener\" target=\"_blank\">October 23, 2025<\/a><\/p><\/blockquote>\n<p>Aunque Soderbergh <b>no ha revelado si existen posibilidades de rescatar la pel\u00edcula<\/b> en otro formato, su confesi\u00f3n ha reavivado el debate sobre el futuro creativo de la franquicia y el margen que Disney concede a los directores de autor dentro de su universo gal\u00e1ctico. Por ahora, &#8216;The Hunt for Ben Solo&#8217; se une a la lista de proyectos perdidos de &#8216;Star Wars&#8217;, esos que alimentan la imaginaci\u00f3n de los fans y dejan entrever lo que pudo haber sido una de las historias m\u00e1s introspectivas de la saga.<\/p>\n<p><script async src=\"https:\/\/platform.twitter.com\/widgets.js\" charset=\"utf-8\"><\/script><\/p>\n","protected":false},"excerpt":{"rendered":"Steven Soderbergh ha roto su silencio sobre uno de los proyectos m\u00e1s enigm\u00e1ticos y comentados del universo &#8216;Star&hellip;\n","protected":false},"author":2,"featured_media":204703,"comment_status":"","ping_status":"","sticky":false,"template":"","format":"standard","meta":{"footnotes":""},"categories":[169],"tags":[1014,1015,1013,177,1011,146,147,25,24,782,176,1019,1016,175,753,1012,23,1017,1018],"class_list":{"0":"post-204702","1":"post","2":"type-post","3":"status-publish","4":"format-standard","5":"has-post-thumbnail","7":"category-cine","8":"tag-actores","9":"tag-actrices","10":"tag-cartelera","11":"tag-cine","12":"tag-ecartelera","13":"tag-entertainment","14":"tag-entretenimiento","15":"tag-es","16":"tag-espana","17":"tag-estrellas","18":"tag-film","19":"tag-fotogramas","20":"tag-fotos","21":"tag-movies","22":"tag-peliculas","23":"tag-pelis","24":"tag-spain","25":"tag-trailers","26":"tag-videos"},"share_on_mastodon":{"url":"https:\/\/pubeurope.com\/@es\/115449480223011145","error":""},"_links":{"self":[{"href":"https:\/\/www.europesays.com\/es\/wp-json\/wp\/v2\/posts\/204702","targetHints":{"allow":["GET"]}}],"collection":[{"href":"https:\/\/www.europesays.com\/es\/wp-json\/wp\/v2\/posts"}],"about":[{"href":"https:\/\/www.europesays.com\/es\/wp-json\/wp\/v2\/types\/post"}],"author":[{"embeddable":true,"href":"https:\/\/www.europesays.com\/es\/wp-json\/wp\/v2\/users\/2"}],"replies":[{"embeddable":true,"href":"https:\/\/www.europesays.com\/es\/wp-json\/wp\/v2\/comments?post=204702"}],"version-history":[{"count":0,"href":"https:\/\/www.europesays.com\/es\/wp-json\/wp\/v2\/posts\/204702\/revisions"}],"wp:featuredmedia":[{"embeddable":true,"href":"https:\/\/www.europesays.com\/es\/wp-json\/wp\/v2\/media\/204703"}],"wp:attachment":[{"href":"https:\/\/www.europesays.com\/es\/wp-json\/wp\/v2\/media?parent=204702"}],"wp:term":[{"taxonomy":"category","embeddable":true,"href":"https:\/\/www.europesays.com\/es\/wp-json\/wp\/v2\/categories?post=204702"},{"taxonomy":"post_tag","embeddable":true,"href":"https:\/\/www.europesays.com\/es\/wp-json\/wp\/v2\/tags?post=204702"}],"curies":[{"name":"wp","href":"https:\/\/api.w.org\/{rel}","templated":true}]}}