{"id":204712,"date":"2025-10-28T02:44:10","date_gmt":"2025-10-28T02:44:10","guid":{"rendered":"https:\/\/www.europesays.com\/es\/204712\/"},"modified":"2025-10-28T02:44:10","modified_gmt":"2025-10-28T02:44:10","slug":"endesa-reparte-mas-de-28-millones-entre-sus-clientes-con-su-programa-de-fidelizacion","status":"publish","type":"post","link":"https:\/\/www.europesays.com\/es\/204712\/","title":{"rendered":"Endesa reparte m\u00e1s de 28 millones entre sus clientes con su programa de fidelizaci\u00f3n"},"content":{"rendered":"<p class=\"c-paragraph\"><b><a href=\"https:\/\/www.20minutos.es\/tags\/instituciones-empresas\/endesa.html\" title=\"\u00daltimas noticias sobre Endesa\" rel=\"nofollow noopener\" target=\"_blank\">Endesa<\/a><\/b> celebra el<b> segundo aniversario de &#8216;Para Ti&#8217;, su programa de fidelizaci\u00f3n <\/b>para clientes del mercado libre, con beneficios que ya superan los 28 <b>millones de euros<\/b>, seg\u00fan la compa\u00f1\u00eda.<\/p>\n<p class=\"c-paragraph\">Con este programa, Endesa <b>premia la confianza de los clientes<\/b> con ventajas como descuentos personalizados o sorteos de experiencias exclusivas.<\/p>\n<p class=\"c-paragraph\">Las cifras de \u2018Para ti\u2019 reflejan el<b> compromiso de la compa\u00f1\u00eda con la personalizaci\u00f3n, el ahorro y la cercan\u00eda en la relaci\u00f3n con sus usuarios,<\/b> que lo punt\u00faan con una valoraci\u00f3n media por encima del nueve.<\/p>\n<p class=\"c-paragraph\">Para conmemorar este aniversario,<b> Endesa lanza una acci\u00f3n promocional especial de &#8216;rasca y gana&#8217; <\/b>hasta el pr\u00f3ximo 9 de noviembre, en la que los clientes podr\u00e1n ganar m\u00e1s de 4.500 premios, entre los que destaca una tarjeta regalo de 10.000 euros.<\/p>\n","protected":false},"excerpt":{"rendered":"Endesa celebra el segundo aniversario de &#8216;Para Ti&#8217;, su programa de fidelizaci\u00f3n para clientes del mercado libre, con&hellip;\n","protected":false},"author":2,"featured_media":204713,"comment_status":"","ping_status":"","sticky":false,"template":"","format":"standard","meta":{"footnotes":""},"categories":[80],"tags":[7350,82,95,94,2917,25,24,1179,4724,13399,23],"class_list":{"0":"post-204712","1":"post","2":"type-post","3":"status-publish","4":"format-standard","5":"has-post-thumbnail","7":"category-economia","8":"tag-7350","9":"tag-business","10":"tag-economia","11":"tag-economy","12":"tag-endesa","13":"tag-es","14":"tag-espana","15":"tag-mas","16":"tag-millones","17":"tag-reparte","18":"tag-spain"},"share_on_mastodon":{"url":"https:\/\/pubeurope.com\/@es\/115449499674504544","error":""},"_links":{"self":[{"href":"https:\/\/www.europesays.com\/es\/wp-json\/wp\/v2\/posts\/204712","targetHints":{"allow":["GET"]}}],"collection":[{"href":"https:\/\/www.europesays.com\/es\/wp-json\/wp\/v2\/posts"}],"about":[{"href":"https:\/\/www.europesays.com\/es\/wp-json\/wp\/v2\/types\/post"}],"author":[{"embeddable":true,"href":"https:\/\/www.europesays.com\/es\/wp-json\/wp\/v2\/users\/2"}],"replies":[{"embeddable":true,"href":"https:\/\/www.europesays.com\/es\/wp-json\/wp\/v2\/comments?post=204712"}],"version-history":[{"count":0,"href":"https:\/\/www.europesays.com\/es\/wp-json\/wp\/v2\/posts\/204712\/revisions"}],"wp:featuredmedia":[{"embeddable":true,"href":"https:\/\/www.europesays.com\/es\/wp-json\/wp\/v2\/media\/204713"}],"wp:attachment":[{"href":"https:\/\/www.europesays.com\/es\/wp-json\/wp\/v2\/media?parent=204712"}],"wp:term":[{"taxonomy":"category","embeddable":true,"href":"https:\/\/www.europesays.com\/es\/wp-json\/wp\/v2\/categories?post=204712"},{"taxonomy":"post_tag","embeddable":true,"href":"https:\/\/www.europesays.com\/es\/wp-json\/wp\/v2\/tags?post=204712"}],"curies":[{"name":"wp","href":"https:\/\/api.w.org\/{rel}","templated":true}]}}