{"id":204714,"date":"2025-10-28T02:46:10","date_gmt":"2025-10-28T02:46:10","guid":{"rendered":"https:\/\/www.europesays.com\/es\/204714\/"},"modified":"2025-10-28T02:46:10","modified_gmt":"2025-10-28T02:46:10","slug":"teresa-urquijo-y-jose-luis-martinez-almeida-sorprenden-combinando-sus-chaquetas-de-la-firma-espanola-preferida-por-las-pijas-madrilenas","status":"publish","type":"post","link":"https:\/\/www.europesays.com\/es\/204714\/","title":{"rendered":"Teresa Urquijo y Jos\u00e9 Luis Mart\u00ednez -Almeida sorprenden combinando sus chaquetas de la firma espa\u00f1ola preferida por las pijas madrile\u00f1as"},"content":{"rendered":"<p data-journey-content=\"true\" data-node-id=\"2\" class=\"css-6wxqfj emevuu60\"><br data-node-id=\"2.0\"\/>Teresa Urquijo y Jos\u00e9 Luis Mart\u00ednez-Almeida han sorprendido compartiendo dos estilismos a juego de una de las firmas espa\u00f1olas m\u00e1s deseadas por las madrile\u00f1as. Ambos daban la sorpresa acudiendo a la reci\u00e9n inaugurada <a href=\"https:\/\/casachamberi.com\/\" target=\"_blank\" rel=\"nofollow noopener\" data-vars-ga-outbound-link=\"https:\/\/casachamberi.com\/\" data-vars-ga-ux-element=\"Hyperlink\" data-vars-ga-call-to-action=\"Casa Chamber\u00ed\" data-node-id=\"2.2\" class=\"body-link css-103hk4r emevuu60\">Casa Chamber\u00ed<\/a>, <strong data-node-id=\"2.4\">un espacio que promete convertirse en uno de los referentes de la agenda cultural y profesional de la capital. <\/strong>Un equipo de estudios de arquitectura, dise\u00f1o, fotograf\u00eda y tecnolog\u00eda capitaneados por Blanca Barrero Cuadra, empresaria de \u00e9xito. <\/p>\n<p data-journey-content=\"true\" data-node-id=\"3\" class=\"css-6wxqfj emevuu60\">El Alcalde de Madrid y su mujer no se han querido perder este plan disponible en la capital hasta el 31 de octubre y as\u00ed lo hemos podido ver a trav\u00e9s de sus redes sociales. <strong data-node-id=\"3.1\">Concretamente de la firma Rita Von, encargada de uniformar a todo el personal de Casa Chamber\u00ed<\/strong>, y una de las marcas espa\u00f1olas que m\u00e1s vemos entre las pijas madrile\u00f1as. La uni\u00f3n del gusto por la calidad, los colores y los estampados ha hecho que las chicas de la capital caigan rendidas a sus dise\u00f1os y, como buena madrile\u00f1a, Teresa Urquijo tambi\u00e9n. <br data-node-id=\"3.3\"\/>Pero no solo ella, <strong data-node-id=\"3.5\">el propio Almeida tampoco ha dudado en probarse uno de los dise\u00f1os de la firma<\/strong> dej\u00e1ndonos dos estilismos a juego en pareja.<\/p>\n<p><strong data-node-id=\"4.0\">Teresa Urquijo combina chaqueta de firma espa\u00f1ola con Jos\u00e9 Luis Mart\u00ednez-Almeida<\/strong><\/p>\n<p data-journey-content=\"true\" data-node-id=\"5\" class=\"css-6wxqfj emevuu60\">Con el <a href=\"https:\/\/www.elle.com\/es\/star-style\/el-estilo-de\/a60968165\/teresa-urquijo-vestido-largo-boho-estampado-toros-las-ventas-feria-de-san-isidro\/\" target=\"_blank\" data-vars-ga-outbound-link=\"https:\/\/www.elle.com\/es\/star-style\/el-estilo-de\/a60968165\/teresa-urquijo-vestido-largo-boho-estampado-toros-las-ventas-feria-de-san-isidro\/\" data-vars-ga-ux-element=\"Hyperlink\" data-vars-ga-call-to-action=\"estilo boho que siempre le caracteriza\" data-node-id=\"5.1\" class=\"body-link css-103hk4r emevuu60\" rel=\"nofollow noopener\">estilo boho que siempre le caracteriza<\/a>, Urquijo nos ha sorprendido luciendo este estilismo en el que claramente la chaqueta era protagonista. Ha elegido un pantal\u00f3n vaquero oscuro que ha combinado con un jersey de punto fino gris que hemos visto c\u00f3mo ha estilizado por dentro del pantal\u00f3n con un cintur\u00f3n negro. No ha faltado el pa\u00f1uelo anudado al cuello, uno de los accesorios tendencia de esta temporada, y <strong data-node-id=\"5.3\">la chaqueta de rayas de la firma espa\u00f1ola en tonos burdeos. <\/strong><br data-node-id=\"5.4\"\/>Lo mismo que el alcalde, con uno de sus looks casual fuera del traje de actos institucionales, que ha llevado pantal\u00f3n gris con camisa y jersey verde, adem\u00e1s de la chaqueta de Rita Von en tonos naranjas. <\/p>\n<p data-journey-content=\"true\" data-node-id=\"7\" class=\"css-6wxqfj emevuu60\">Una buena forma <strong data-node-id=\"7.1\">de tomar nota a la hora de combinar los estilismos en pareja. <\/strong><\/p>\n","protected":false},"excerpt":{"rendered":"Teresa Urquijo y Jos\u00e9 Luis Mart\u00ednez-Almeida han sorprendido compartiendo dos estilismos a juego de una de las firmas&hellip;\n","protected":false},"author":2,"featured_media":204715,"comment_status":"","ping_status":"","sticky":false,"template":"","format":"standard","meta":{"footnotes":""},"categories":[8],"tags":[17,18,253,25,24,13,14,11,19,20,9,10,15,16,23,12,21,22],"class_list":{"0":"post-204714","1":"post","2":"type-post","3":"status-publish","4":"format-standard","5":"has-post-thumbnail","7":"category-espana","8":"tag-breaking-news","9":"tag-breakingnews","10":"tag-discover","11":"tag-es","12":"tag-espana","13":"tag-featured-news","14":"tag-featurednews","15":"tag-headlines","16":"tag-latest-news","17":"tag-latestnews","18":"tag-news","19":"tag-noticias","20":"tag-noticias-destacadas","21":"tag-noticiasdestacadas","22":"tag-spain","23":"tag-titulares","24":"tag-ultimas-noticias","25":"tag-ultimasnoticias"},"share_on_mastodon":{"url":"https:\/\/pubeurope.com\/@es\/115449507652619627","error":""},"_links":{"self":[{"href":"https:\/\/www.europesays.com\/es\/wp-json\/wp\/v2\/posts\/204714","targetHints":{"allow":["GET"]}}],"collection":[{"href":"https:\/\/www.europesays.com\/es\/wp-json\/wp\/v2\/posts"}],"about":[{"href":"https:\/\/www.europesays.com\/es\/wp-json\/wp\/v2\/types\/post"}],"author":[{"embeddable":true,"href":"https:\/\/www.europesays.com\/es\/wp-json\/wp\/v2\/users\/2"}],"replies":[{"embeddable":true,"href":"https:\/\/www.europesays.com\/es\/wp-json\/wp\/v2\/comments?post=204714"}],"version-history":[{"count":0,"href":"https:\/\/www.europesays.com\/es\/wp-json\/wp\/v2\/posts\/204714\/revisions"}],"wp:featuredmedia":[{"embeddable":true,"href":"https:\/\/www.europesays.com\/es\/wp-json\/wp\/v2\/media\/204715"}],"wp:attachment":[{"href":"https:\/\/www.europesays.com\/es\/wp-json\/wp\/v2\/media?parent=204714"}],"wp:term":[{"taxonomy":"category","embeddable":true,"href":"https:\/\/www.europesays.com\/es\/wp-json\/wp\/v2\/categories?post=204714"},{"taxonomy":"post_tag","embeddable":true,"href":"https:\/\/www.europesays.com\/es\/wp-json\/wp\/v2\/tags?post=204714"}],"curies":[{"name":"wp","href":"https:\/\/api.w.org\/{rel}","templated":true}]}}