{"id":204727,"date":"2025-10-28T03:02:12","date_gmt":"2025-10-28T03:02:12","guid":{"rendered":"https:\/\/www.europesays.com\/es\/204727\/"},"modified":"2025-10-28T03:02:12","modified_gmt":"2025-10-28T03:02:12","slug":"george-clooney-y-la-leccion-de-vida-que-aprendio-al-principio-de-su-carrera-mag","status":"publish","type":"post","link":"https:\/\/www.europesays.com\/es\/204727\/","title":{"rendered":"George Clooney y la \u201clecci\u00f3n de vida\u201d que aprendi\u00f3 al principio de su carrera | MAG"},"content":{"rendered":"<p itemprop=\"description\" class=\"story-contents__font-paragraph \">En el \u00faltimo d\u00eda de septiembre, George Clooney dio de qu\u00e9 hablar al pronunciarse sobre <a itemprop=\"url\" href=\"https:\/\/elcomercio.pe\/mag\/fama\/celebs\/nunca-se-estreno-george-clooney-y-la-pelicula-que-grabo-con-laura-dern-hace-40-anos-celebs-nnda-nnrt-noticia\/\" target=\"_self\" rel=\"nofollow noopener\" title=\"https:\/\/elcomercio.pe\/mag\/fama\/celebs\/nunca-se-estreno-george-clooney-y-la-pelicula-que-grabo-con-laura-dern-hace-40-anos-celebs-nnda-nnrt-noticia\/\"><b>la pel\u00edcula que grab\u00f3 con Laura Dern <\/b><b>\u201chace 40 a\u00f1os\u201d<\/b><b> y que <\/b><b>\u201cnunca se estren\u00f3\u201d<\/b><\/a>. Ahora el artista es nuevamente tendencia, pero porque se anim\u00f3 a revelar la \u201clecci\u00f3n de vida\u201d que aprendi\u00f3 al principio de su carrera.<\/p>\n<p>Mira tambi\u00e9n:<\/p>\n<p><a itemprop=\"url\" href=\"https:\/\/elcomercio.pe\/mag\/fama\/celebs\/agradece-la-vida-que-tiene-george-clooney-y-por-que-se-siente-afortunado-celebs-nnda-nnrt-noticia\/\" rel=\"nofollow noopener\" target=\"_blank\">Agradece la vida que tiene: George Clooney y por qu\u00e9 se siente afortunado<\/a><a itemprop=\"url\" href=\"https:\/\/elcomercio.pe\/mag\/fama\/celebs\/agradece-la-vida-que-tiene-george-clooney-y-por-que-se-siente-afortunado-celebs-nnda-nnrt-noticia\/\" rel=\"nofollow noopener\" target=\"_blank\"><img src=\"https:\/\/www.europesays.com\/es\/wp-content\/uploads\/2025\/10\/UWODF4QVOZCD7K4FF5WDMDPRU4.jpg\" alt=\"Agradece la vida que tiene: George Clooney y por qu\u00e9 se siente afortunado\" decoding=\"async\" class=\"lazy story-content__link-list-image w-full h-full lazy\"\/><\/a><\/p>\n<p itemprop=\"description\" class=\"story-contents__font-paragraph \">Resulta que el actor asisti\u00f3 a la alfombra roja del AFI Fest en Los \u00c1ngeles para el estreno de su m\u00e1s reciente pel\u00edcula \u2018Jay Kelly\u2019, el jueves 23 de octubre. El tema es que ah\u00ed convers\u00f3 en exclusiva con <a itemprop=\"url\" href=\"https:\/\/people.com\/george-clooney-recalls-early-hollywood-getting-yelled-at-by-frank-sinatra-exclusive-11837083\/\" target=\"_self\" rel=\"nofollow noopener\" title=\"https:\/\/people.com\/george-clooney-recalls-early-hollywood-getting-yelled-at-by-frank-sinatra-exclusive-11837083\"><b>People<\/b><\/a>. Durante ese di\u00e1logo, dijo cosas sumamente llamativas.<\/p>\n<p itemprop=\"description\" class=\"story-contents__font-paragraph \">El medio en cuesti\u00f3n le lleg\u00f3 a preguntar si ten\u00eda alguna historia relacionada a su t\u00eda, la famosa cantante Rosemary Clooney, quien muri\u00f3 en 2002, y \u00e9l dej\u00f3 en claro que s\u00ed, pues cont\u00f3 que en un momento dado se convirti\u00f3 en el chofer de ella.<\/p>\n<p><img loading=\"lazy\" src=\"https:\/\/www.europesays.com\/es\/wp-content\/uploads\/2025\/10\/TOOF7Z5NU5HZRBNZ25WAEHQGCU.jpg\" alt=\"George Clooney es un actor, director, productor y guionista estadounidense. (Foto: VALERIE MACON \/ AFP)\" decoding=\"async\" class=\"lazy story-contents__image w-full o-cover\" style=\"--aspect-ratio:2400\/2064\" width=\"2400\" height=\"2064\"\/><\/p>\n<p>George Clooney es un actor, director, productor y guionista estadounidense. (Foto: VALERIE MACON \/ AFP)<\/p>\n<p> \/ VALERIE MACON<\/p>\n<p itemprop=\"description\" class=\"story-contents__font-paragraph \">\u201cRecuerdo estar en la carretera\u2026 Yo era el chofer de mi t\u00eda Rosemary cuando ella cantaba. Y no la conoc\u00eda mucho de joven porque viv\u00eda en Kentucky. Era la t\u00eda de Hollywood. As\u00ed que vine a ganarme la vida y fui su ch\u00f3fer. Y la llev\u00e9 a ella, a Tony Bennett y a todos estos cantantes maravillosos durante un a\u00f1o\u201d, sostuvo George Clooney, que asegur\u00f3 que estar tan cerca de grandes estrellas le ense\u00f1\u00f3 una lecci\u00f3n importante al principio de su carrera.<\/p>\n<p><b>\u201cMe sent\u00ed muy afortunado de haber aprendido esa lecci\u00f3n a tiempo\u201d<\/b><\/p>\n<p itemprop=\"description\" class=\"story-contents__font-paragraph \">\u201cAprend\u00ed una lecci\u00f3n de vida muy buena sobre el \u00e9xito y el fracaso, y c\u00f3mo afrontarlos. Y siempre lo recuerdo\u2026 Me sent\u00ed muy afortunado de haber aprendido esa lecci\u00f3n a tiempo\u201d, precis\u00f3 el artista, antes de se\u00f1alar que Frank Sinatra le alz\u00f3 la voz.<\/p>\n<p itemprop=\"description\" class=\"story-contents__font-paragraph \">\u201cRecuerdo que una vez se enoj\u00f3 conmigo porque lider\u00e9 un boicot sobre algunas libertades de prensa, y me llam\u00f3 porque la gente pens\u00f3 que estaba enfermo y hab\u00eda helic\u00f3pteros sobrevolando su (casa), y me llam\u00f3 diciendo: \u2018\u00a1Lo que est\u00e1s haciendo no funciona!\u2019. Pero fue genial. \u00a1Frank Sinatra me grit\u00f3!\u201d, recalc\u00f3.<\/p>\n<p><img loading=\"lazy\" src=\"https:\/\/www.europesays.com\/es\/wp-content\/uploads\/2025\/10\/X4Y3VETBGFFUXCON4ANELRD6RE.jpg\" alt=\"George Clooney naci\u00f3 el 6 de mayo de 1961 en Lexington, Kentucky, Estados Unidos. (Foto: VALERIE MACON \/ AFP)\" decoding=\"async\" class=\"lazy story-contents__image w-full o-cover\" style=\"--aspect-ratio:2400\/1832\" width=\"2400\" height=\"1832\"\/><\/p>\n<p>George Clooney naci\u00f3 el 6 de mayo de 1961 en Lexington, Kentucky, Estados Unidos. (Foto: VALERIE MACON \/ AFP)<\/p>\n<p> \/ VALERIE MACON<b>Pel\u00edculas destacadas de George Clooney<\/b><\/p>\n<ul class=\"story-contents__paragraph-list list-unordered\">\n<li>\u2018Out of Sight\u2019 (1998)<\/li>\n<li>\u2018Three Kings\u2019 (1999)<\/li>\n<li>\u2018O Brother, Where Art Thou?\u2019 (2000)<\/li>\n<li>\u2018Ocean\u2019s Eleven\u2019 (2001)<\/li>\n<li>\u2018Solaris\u2019 (2002)<\/li>\n<li>\u2018Confessions of a Dangerous Mind\u2019 (2002)<\/li>\n<li>\u2018Intolerable Cruelty\u2019 (2003)<\/li>\n<li>\u2018Ocean\u2019s Twelve\u2019 (2004)<\/li>\n<li>\u2018Syriana\u2019 (2005)<\/li>\n<li>\u2018Good Night, and Good Luck\u2019 (2005)<\/li>\n<li>\u2018Michael Clayton\u2019 (2007)<\/li>\n<li>\u2018Burn After Reading\u2019 (2008)<\/li>\n<li>\u2018The Men Who Stare at Goats\u2019 (2009)<\/li>\n<li>\u2018Up in the Air\u2019 (2009)<\/li>\n<li>\u2018The American\u2019 (2010)<\/li>\n<li>\u2018The Ides of March\u2019 (2011)<\/li>\n<li>\u2018The Descendants\u2019 (2011)<\/li>\n<li>\u2018Gravity\u2019 (2013)<\/li>\n<li>\u2018Monuments Men\u2019 (2014)<\/li>\n<li>\u2018Hail, Caesar!\u2019 (2016)<\/li>\n<li>\u2018Money Monster\u2019 (2016)<\/li>\n<li>\u2018The Midnight Sky\u2019 (2020)<\/li>\n<li>\u2018The Tender Bar\u2019 (2021)<\/li>\n<li>\u2018Ticket to Paradise\u2019 (2022)<\/li>\n<\/ul>\n<p itemprop=\"description\" class=\"story-contents__font-paragraph \"><b>Si te interes\u00f3 esta noticia y quieres mantenerte informado sobre los eventos y tendencias en EE.UU. y el mundo, forma parte de nuestra comunidad de WhatsApp. \ud83d\udc49 <\/b><a itemprop=\"url\" href=\"https:\/\/whatsapp.com\/channel\/0029Va4vk7eId7nLG91I4F3G\/\" rel=\"nofollow noopener\" target=\"_blank\"><b>\u00danete aqu\u00ed<\/b><\/a><\/p>\n<p>SOBRE EL AUTOR<a itemprop=\"url\" href=\"https:\/\/elcomercio.pe\/autor\/cesar-quispe\/\" target=\"_blank\" rel=\"noreferrer nofollow noopener\"><img src=\"https:\/\/www.europesays.com\/es\/wp-content\/uploads\/2025\/10\/https:\/\/author-service-images-prod-us-east-1.publishing.aws.arc.pub\/elcomercio\/d385d4c2-0119-493e-8f.jpeg\" alt=\"C\u00e9sar Quispe Alc\u00f3cer\" decoding=\"async\" class=\"lazy story-contents__about-author-image lazy\"\/><\/a><a class=\"story-contents__about-author-social-icon\" href=\"https:\/\/twitter.com\/CesarQuispeA\" itemprop=\"url\" rel=\"noreferrer nofollow noopener\" aria-label=\"Leer mas contenido del autor en twitter\" target=\"_blank\"><img loading=\"lazy\" decoding=\"async\" src=\"https:\/\/cdna.elcomercio.pe\/resources\/dist\/elcomercio\/images\/svgto_x_dark_op.png\" alt=\"x-twitter\" width=\"18\" height=\"18\"\/><\/a><\/p>\n<p class=\"story-contents__about-author-bio\">Periodista. Licenciado en Ciencias de la Comunicaci\u00f3n por la Universidad de San Mart\u00edn de Porres. Redactor Real Time del N\u00facleo de Audiencias en secciones web especializadas en M\u00e9xico y Estados Unidos dentro del Grupo El Comercio.<\/p>\n<p><script async src=\"https:\/\/platform.twitter.com\/widgets.js\" charset=\"utf-8\"><\/script><\/p>\n","protected":false},"excerpt":{"rendered":"En el \u00faltimo d\u00eda de septiembre, George Clooney dio de qu\u00e9 hablar al pronunciarse sobre la pel\u00edcula que&hellip;\n","protected":false},"author":2,"featured_media":204728,"comment_status":"","ping_status":"","sticky":false,"template":"","format":"standard","meta":{"footnotes":""},"categories":[169],"tags":[177,146,147,25,24,176,13532,56055,56054,56053,56052,175,56051,23],"class_list":{"0":"post-204727","1":"post","2":"type-post","3":"status-publish","4":"format-standard","5":"has-post-thumbnail","7":"category-cine","8":"tag-cine","9":"tag-entertainment","10":"tag-entretenimiento","11":"tag-es","12":"tag-espana","13":"tag-film","14":"tag-george-clooney","15":"tag-george-clooney-en-el-estreno-en-los-angeles-de-jay-kelly","16":"tag-george-clooney-en-jay-kelly","17":"tag-jay-kelly","18":"tag-la-leccion-de-vida-que-aprendio-george-clooney-al-principio-de-su-carrera","19":"tag-movies","20":"tag-peliculas-destacadas-de-george-clooney","21":"tag-spain"},"share_on_mastodon":{"url":"https:\/\/pubeurope.com\/@es\/115449570630676348","error":""},"_links":{"self":[{"href":"https:\/\/www.europesays.com\/es\/wp-json\/wp\/v2\/posts\/204727","targetHints":{"allow":["GET"]}}],"collection":[{"href":"https:\/\/www.europesays.com\/es\/wp-json\/wp\/v2\/posts"}],"about":[{"href":"https:\/\/www.europesays.com\/es\/wp-json\/wp\/v2\/types\/post"}],"author":[{"embeddable":true,"href":"https:\/\/www.europesays.com\/es\/wp-json\/wp\/v2\/users\/2"}],"replies":[{"embeddable":true,"href":"https:\/\/www.europesays.com\/es\/wp-json\/wp\/v2\/comments?post=204727"}],"version-history":[{"count":0,"href":"https:\/\/www.europesays.com\/es\/wp-json\/wp\/v2\/posts\/204727\/revisions"}],"wp:featuredmedia":[{"embeddable":true,"href":"https:\/\/www.europesays.com\/es\/wp-json\/wp\/v2\/media\/204728"}],"wp:attachment":[{"href":"https:\/\/www.europesays.com\/es\/wp-json\/wp\/v2\/media?parent=204727"}],"wp:term":[{"taxonomy":"category","embeddable":true,"href":"https:\/\/www.europesays.com\/es\/wp-json\/wp\/v2\/categories?post=204727"},{"taxonomy":"post_tag","embeddable":true,"href":"https:\/\/www.europesays.com\/es\/wp-json\/wp\/v2\/tags?post=204727"}],"curies":[{"name":"wp","href":"https:\/\/api.w.org\/{rel}","templated":true}]}}