{"id":204740,"date":"2025-10-28T03:09:08","date_gmt":"2025-10-28T03:09:08","guid":{"rendered":"https:\/\/www.europesays.com\/es\/204740\/"},"modified":"2025-10-28T03:09:08","modified_gmt":"2025-10-28T03:09:08","slug":"el-nuevo-escenario-para-puigdemont-tras-romper-con-sanchez-de-la-amenaza-de-orriols-al-dialogo-con-el-pp-el-mundo","status":"publish","type":"post","link":"https:\/\/www.europesays.com\/es\/204740\/","title":{"rendered":"El nuevo escenario para Puigdemont tras romper con S\u00e1nchez: de la amenaza de Orriols al di\u00e1logo con el PP &#8211; El Mundo"},"content":{"rendered":"<ol>\n<li><a href=\"https:\/\/news.google.com\/rss\/articles\/CBMifEFVX3lxTE5QRGl3UXJRV0hBd1YtTmpGdi0wa1lraU5rZ196WmpZX2N0aFJObDdtTk9HSWNfbE41SnVrSDB1b2dhaDZMSk05SEFLU3FraE9abjc2Vl96Q3Y3eUJJa1Y3cGY1Z3dDbkJqZVBtSkFLcnVobTdyajdfTTJSNDbSAXxBVV95cUxQeFd0RGpvWWVzMVByWnUyX1N0LU9sV2JhdUpUYllGUTZUSm5pWlJSRGc1MDllU1oxQmw2UFdOV2tFX1FEQl96SW5ZWUJ6WkNjRllrM0NidHpjbzRUTFNlSnd3aThZaGFkNWJYV0JINWhKc0lTX0VoVVNjX0pH?oc=5\" target=\"_blank\" rel=\"nofollow noopener\">El nuevo escenario para Puigdemont tras romper con S\u00e1nchez: de la amenaza de Orriols al di\u00e1logo con el PP<\/a>&nbsp;&nbsp;El Mundo<\/li>\n<li><a href=\"https:\/\/news.google.com\/rss\/articles\/CBMiwwFBVV95cUxOX1JBU0R0ekVncnl2dGtqMVg3cTcxWklKVlQ1amZidHVRS0ZBUWNVVGItb3REeGVyQkRzZEF3NW9JTkJSWEhrdlNkNnUxcnFScnpNLVZCNXEwQmNPT3ZaSHE2aloya1Z6dTlNVThiV0poVTBTa1hZUnRIbHJwRUpSTW84VGdyMmlhMUVvOHBkVG1Oc2ZNdHpFeUFNWl9zaVZSbE9BbFRQZXluZ0wzb3ZBTTlnQWNadlVBUTJVcUFESUM1NkHSAd8BQVVfeXFMTTgxUlhLZ2dpYmRsdFJLcVY5UlBMNHpwU1R1S3hsYXEyTnJDbDZveTNodkRIM3Vzemc2OTdkSEhRa3hnTjNkSTdHTVlJZDYzZ1FQZzB0dkloQlNXSzNSVkY5UW4xeTQ1RDVmNk9PdkNMcGNXTEFObldyX3VQTl9PYW9FWmxXaVBSdWplMTBfck81UnlGRDNZVDFvMjdFLW00TXRIeHpnaDdJekdlUDI5RTNfXzF0S0dqUEZkQjFmcFNPZ2p0cXdBTlpRSXZpS2V0MmY5TzRvRGZLa1ZEWDhVZw?oc=5\" target=\"_blank\" rel=\"nofollow noopener\">Puigdemont deja a la militancia romper con S\u00e1nchez<\/a>&nbsp;&nbsp;La Voz de Galicia<\/li>\n<li><a href=\"https:\/\/news.google.com\/rss\/articles\/CBMikgFBVV95cUxOUXV6MkhHNXlBek5oS1I0UG40Zm04N2ZfbWQzQXBxN1NocGZTQ1FIY1dhS1pLaHo4VjM1M0QtYmVta1NCczM2VjFuSW9pMDMyVGlQSENvM19adFpxTkdya29NX25fTENoQUQzTGdDeTQ1RlBDOGlsNGU4T0RsLUdNUWc2RlNtbC1DYlBMMHRXcVMtUdIBkgFBVV95cUxNRjZ6Smttc0pzYzVuXzlDYXhFZjRxRnF5WXlnc2pyOVFrQWE2RWxsQTRJOFI4aWFscTJ1VTNJN1NLXzMzeWpzUkJuS3dzVGNRUUhFNWF2MERYOXR6TldBZmFhNVBQdEdTa0twaXcyV2g4ak1NR2FMVVdxMl84bnRqM3IyMGI1VHBacjZGb0ZhdmJzZw?oc=5\" target=\"_blank\" rel=\"nofollow noopener\">Puigdemont rompe con S\u00e1nchez, \u00bfcaer\u00e1 el Gobierno?<\/a>&nbsp;&nbsp;El Mundo<\/li>\n<li><a href=\"https:\/\/news.google.com\/rss\/articles\/CBMi0AFBVV95cUxQZ0V4MnVfOVRlM2JmWlJFVlJZckpVZU1DbnA3UmJLX001MWxmMlRKdW9lbGdWVEtqS1h6UERBU2J5TnhYbHJKdHpUeFZFM2RURFJIQ2VyQ1k0bk9WckdnU3pOMlZMSkhfRW91Wm9keHNKaDZlTUFTaHp3WjlCZXZDMW1VSTRvLTFKeF9aQWhmZ3F2eDZzbEtrX05mZkc0LThFTGFRcWFqY3BPOGhIVlVYVlhHbmt6UDNnWElxM25NeVNpNlFneTBnUzM1WGN6UkxG?oc=5\" target=\"_blank\" rel=\"nofollow noopener\">Las claves de la comparecencia de Puigdemont: la ruptura con el PSOE en cinco frases<\/a>&nbsp;&nbsp;EL PA\u00cdS<\/li>\n<li><a href=\"https:\/\/news.google.com\/rss\/articles\/CBMioAFBVV95cUxOcVZOeDJvelpwSmxJdVVzTmt2UEE3OUhsV0RPVlVtSVBCNDFreUlKbU9Lc0VrYVRqT01UUGpiZXlIeGVLaVQtcU80SUpadlJCcDg1YldHVkt5SzBnZFNlUElqZHQ2TjRVLU4xNkduelVIdHowdjA3TDlUbWlQWDNvWFpJUWVWbTdtblJCQlhoRHN0TTJCTWNFcmxBQ1F1Q043?oc=5\" target=\"_blank\" rel=\"nofollow noopener\">Rueda de prensa de Puigdemont tras la decisi\u00f3n de Junts de romper con el PSOE y Pedro S\u00e1nchez, en directo: declaraciones y \u00faltima hora hoy<\/a>&nbsp;&nbsp;ABC<\/li>\n<\/ol>\n","protected":false},"excerpt":{"rendered":"El nuevo escenario para Puigdemont tras romper con S\u00e1nchez: de la amenaza de Orriols al di\u00e1logo con el&hellip;\n","protected":false},"author":2,"featured_media":204741,"comment_status":"","ping_status":"","sticky":false,"template":"","format":"standard","meta":{"footnotes":""},"categories":[8],"tags":[17,18,1980,25,24,13,14,11,19,20,9,10,15,16,23,12,21,22],"class_list":{"0":"post-204740","1":"post","2":"type-post","3":"status-publish","4":"format-standard","5":"has-post-thumbnail","7":"category-espana","8":"tag-breaking-news","9":"tag-breakingnews","10":"tag-cataluna","11":"tag-es","12":"tag-espana","13":"tag-featured-news","14":"tag-featurednews","15":"tag-headlines","16":"tag-latest-news","17":"tag-latestnews","18":"tag-news","19":"tag-noticias","20":"tag-noticias-destacadas","21":"tag-noticiasdestacadas","22":"tag-spain","23":"tag-titulares","24":"tag-ultimas-noticias","25":"tag-ultimasnoticias"},"share_on_mastodon":{"url":"https:\/\/pubeurope.com\/@es\/115449598158646362","error":""},"_links":{"self":[{"href":"https:\/\/www.europesays.com\/es\/wp-json\/wp\/v2\/posts\/204740","targetHints":{"allow":["GET"]}}],"collection":[{"href":"https:\/\/www.europesays.com\/es\/wp-json\/wp\/v2\/posts"}],"about":[{"href":"https:\/\/www.europesays.com\/es\/wp-json\/wp\/v2\/types\/post"}],"author":[{"embeddable":true,"href":"https:\/\/www.europesays.com\/es\/wp-json\/wp\/v2\/users\/2"}],"replies":[{"embeddable":true,"href":"https:\/\/www.europesays.com\/es\/wp-json\/wp\/v2\/comments?post=204740"}],"version-history":[{"count":0,"href":"https:\/\/www.europesays.com\/es\/wp-json\/wp\/v2\/posts\/204740\/revisions"}],"wp:featuredmedia":[{"embeddable":true,"href":"https:\/\/www.europesays.com\/es\/wp-json\/wp\/v2\/media\/204741"}],"wp:attachment":[{"href":"https:\/\/www.europesays.com\/es\/wp-json\/wp\/v2\/media?parent=204740"}],"wp:term":[{"taxonomy":"category","embeddable":true,"href":"https:\/\/www.europesays.com\/es\/wp-json\/wp\/v2\/categories?post=204740"},{"taxonomy":"post_tag","embeddable":true,"href":"https:\/\/www.europesays.com\/es\/wp-json\/wp\/v2\/tags?post=204740"}],"curies":[{"name":"wp","href":"https:\/\/api.w.org\/{rel}","templated":true}]}}