{"id":204759,"date":"2025-10-28T03:28:15","date_gmt":"2025-10-28T03:28:15","guid":{"rendered":"https:\/\/www.europesays.com\/es\/204759\/"},"modified":"2025-10-28T03:28:15","modified_gmt":"2025-10-28T03:28:15","slug":"arturo-perez-reverte-contundente-sobre-lo-que-hay-detras-del-premio-planeta-tras-llevarselo-juan-del-val-abc","status":"publish","type":"post","link":"https:\/\/www.europesays.com\/es\/204759\/","title":{"rendered":"Arturo P\u00e9rez-Reverte, contundente sobre lo que hay detr\u00e1s del Premio Planeta tras llev\u00e1rselo Juan del Val: &#8230; &#8211; ABC"},"content":{"rendered":"<ol>\n<li><a href=\"https:\/\/news.google.com\/rss\/articles\/CBMirAFBVV95cUxONjNIeURvSlpYSy0wY1FpcV9GcVllTE1Gd0JKV2pPY1VnZFQyd0taQjFaaHRFeVM5c21QMmJNLVVGanZtTWhscU9CZGhZNXp6OEgxQ3FybllmM0tBdTNiVmhPM3NXenhLS1o4SmptY2JlNWNYQkZvVUlZbW1LSGt3Z3Bhc19IdXQ1U1lMQ3ZoQWtjTElsOUtidFZab3MwdkdZeFFYMXdzYWVQdTVi0gGyAUFVX3lxTE0tY0lyc3dGQUstNEhIdTFOU0lsdDdIbTUtc0ZZRTVDVFAxd0NYWVVNeW1HdUMtVjRVYlRoUVlvVmp5RzZVT2tYMVlwWTNRUVFjUXlsU1A1T294WEE5RGw2Y20tVHNteFVnR0FDN0Q0LTRISGEwVnc2ajZJYmticnlKd1JzQVAwUUM0dTZQMTlFRFUzd1hMTFBmbkQwYkRRdnRfa3ZCRl9KX3VlejZGLWVjOWc?oc=5\" target=\"_blank\" rel=\"nofollow noopener\">Arturo P\u00e9rez-Reverte, contundente sobre lo que hay detr\u00e1s del Premio Planeta tras llev\u00e1rselo Juan del Val: &#8230;<\/a>&nbsp;&nbsp;ABC<\/li>\n<li><a href=\"https:\/\/news.google.com\/rss\/articles\/CBMigwFBVV95cUxOQkZDSWNiSUdycnNFRUt4dUlPa3doVC0xejJfYUp1SWpZMjVOT3pLTW92ZjZkM1B4c1NPdXFxblZpRkZPTFBqMTg2UUpyOXRBdkJ0Wi10MmlOVVhLUW9jSExCT05QTUVOczJmTWdjSWphT0hnajg0dU13eEtvVlpRS2hqNA?oc=5\" target=\"_blank\" rel=\"nofollow noopener\">La columna de Nuria Labari: Escribir para la gente es un insulto | Ideas<\/a>&nbsp;&nbsp;EL PA\u00cdS<\/li>\n<li><a href=\"https:\/\/news.google.com\/rss\/articles\/CBMivwFBVV95cUxPNWx2TXp2NmtuTGVOQmlCenFDUnNPT3M4UnR6QlMwYWF5R0JBUm00VEl1ZlVtMEl0bWFZU05YVnMwY0RQczI0dWp3MERZelFfOWVuUDFQcDQ5dl9kU2ROOGpXNXp6NDAyTXJJOU1GN1VXTE9wVlllZC1xYTR3TGMxemE0NUlmdHdRaU5SZXFiMDlZNmNPeW1PSmUtWV9XQkI4NkZYU2M2NzFsM3FHUUtvWHJNNGdhSmVtQ1pEaXQyTdIB0wFBVV95cUxNYXN1TFFHM2FoWmtxNlFlOGZETzdaMi1Cc3QxRERiM1JRZU1EdllvbnZMYVlyY0MtMFJaUHQtSlJ3MTJuVjJnemllYzRJa0hjUk9nd1pvODZIamtqY3ZwaUdzRlphZnY5UXFwRFRwTWdzdGlxYkgtQkNCdFYtRWk5c0NBcmQ4NDE0LU5DNjBGbEdwWVU1YzNDZkdZT0tlRnEyX2VwS01Idmg3R0hzMHdEVjc1emtkaTlLZkVyMnZqa1hTX3N0cDh5YWREcnlFRTNHUHln?oc=5\" target=\"_blank\" rel=\"nofollow noopener\">Arturo P\u00e9rez-Reverte se pronuncia sobre el premio Planeta de Juan del Val y ojo porque no da puntada sin hilo<\/a>&nbsp;&nbsp;El HuffPost<\/li>\n<li><a href=\"https:\/\/news.google.com\/rss\/articles\/CBMiggFBVV95cUxPSEdQd19pZ0M2dUJpdDNRdW9qeHg1WktjcE5JRFQweU5aV0kwQU9CSGVYVXZsMm9uTk43SFNlV1JPWWp1aF9neWJ3ZjVKcF9oQm5BdzEyMGtkVUtMcTRIdG54aUk4UkUzdG1KVnpOMjZDTzdUNnNqVVlTaXdvOE1ZOXdB?oc=5\" target=\"_blank\" rel=\"nofollow noopener\">Quien paga manda<\/a>&nbsp;&nbsp;Diario de Sevilla<\/li>\n<li><a href=\"https:\/\/news.google.com\/rss\/articles\/CBMi3AFBVV95cUxOVFdzeUZ5cHR0RWZILVRqa0lIVlJ1eGdVV180YTFHRVdiWHJtVDlORkN0cGdYSGZ5dWhPVXlDRHBfYkhndU5TYTM4SW9qNHFQZWpaUzJ5WHZUaUY0OFpwU085Ynd1UTZCRnViQm1MMEZkd3I2X2ZDUzFvbzhiMWJjd0pMRzhiSFJJY0FWbjM1N1pIWmtJcV8yTHhDanppZlZ5dExHc2RaZDFWY1BGeEZhcWRwOThNczNnWmlFMU9iOW53bmhRR3luRnlXU1JuSHdwSEtnVndYMUdCWEQ30gHcAUFVX3lxTE45RTB6LVY0RmpIVUJ6VlZObWdqOGRnRlU0UkhXSWVEcU5sNGVzZ2tMVTI2a2s2eFhZaV9iNnE4YzllRUpfbEo1amdyTWZsRU1Ld21QcTllaGZxWjkwNThadHRWdnNoRndsOWVNZDBYdEp2QnZoQ0hGeFVQLU1pLURJaTBDRERzTGtkMEoyMTVDdWs1S2xGSTJhQ3VBekZiUzZPbWhnb2UxY1UtUUloR3d1d3VlcDg5Z3VxWGdobkdQQklpOW5zQ2VNUGI0Ml9WV3kxd0lCa0JwbFVwcHk?oc=5\" target=\"_blank\" rel=\"nofollow noopener\">Arturo P\u00e9rez-Reverte, sobre el premio Planeta de Juan del Val: \u00abSe pretende vender mucho\u00bb<\/a>&nbsp;&nbsp;Onda Cero<\/li>\n<\/ol>\n","protected":false},"excerpt":{"rendered":"Arturo P\u00e9rez-Reverte, contundente sobre lo que hay detr\u00e1s del Premio Planeta tras llev\u00e1rselo Juan del Val: &#8230;&nbsp;&nbsp;ABC La&hellip;\n","protected":false},"author":2,"featured_media":204760,"comment_status":"","ping_status":"","sticky":false,"template":"","format":"standard","meta":{"footnotes":""},"categories":[91],"tags":[19221,346,1635,146,147,25,24,4355,409,13820,19222,3457,5635,843,57,23,575,32693],"class_list":{"0":"post-204759","1":"post","2":"type-post","3":"status-publish","4":"format-standard","5":"has-post-thumbnail","7":"category-entretenimiento","8":"tag-arturo","9":"tag-contundente","10":"tag-detras","11":"tag-entertainment","12":"tag-entretenimiento","13":"tag-es","14":"tag-espana","15":"tag-gana","16":"tag-juan","17":"tag-llevarselo","18":"tag-perezreverte","19":"tag-pierde","20":"tag-planeta","21":"tag-premio","22":"tag-sobre","23":"tag-spain","24":"tag-tras","25":"tag-val"},"share_on_mastodon":{"url":"https:\/\/pubeurope.com\/@es\/115449672812309307","error":""},"_links":{"self":[{"href":"https:\/\/www.europesays.com\/es\/wp-json\/wp\/v2\/posts\/204759","targetHints":{"allow":["GET"]}}],"collection":[{"href":"https:\/\/www.europesays.com\/es\/wp-json\/wp\/v2\/posts"}],"about":[{"href":"https:\/\/www.europesays.com\/es\/wp-json\/wp\/v2\/types\/post"}],"author":[{"embeddable":true,"href":"https:\/\/www.europesays.com\/es\/wp-json\/wp\/v2\/users\/2"}],"replies":[{"embeddable":true,"href":"https:\/\/www.europesays.com\/es\/wp-json\/wp\/v2\/comments?post=204759"}],"version-history":[{"count":0,"href":"https:\/\/www.europesays.com\/es\/wp-json\/wp\/v2\/posts\/204759\/revisions"}],"wp:featuredmedia":[{"embeddable":true,"href":"https:\/\/www.europesays.com\/es\/wp-json\/wp\/v2\/media\/204760"}],"wp:attachment":[{"href":"https:\/\/www.europesays.com\/es\/wp-json\/wp\/v2\/media?parent=204759"}],"wp:term":[{"taxonomy":"category","embeddable":true,"href":"https:\/\/www.europesays.com\/es\/wp-json\/wp\/v2\/categories?post=204759"},{"taxonomy":"post_tag","embeddable":true,"href":"https:\/\/www.europesays.com\/es\/wp-json\/wp\/v2\/tags?post=204759"}],"curies":[{"name":"wp","href":"https:\/\/api.w.org\/{rel}","templated":true}]}}