{"id":204765,"date":"2025-10-28T03:31:17","date_gmt":"2025-10-28T03:31:17","guid":{"rendered":"https:\/\/www.europesays.com\/es\/204765\/"},"modified":"2025-10-28T03:31:17","modified_gmt":"2025-10-28T03:31:17","slug":"lo-habrian-cometido-por-encargo-y-uno-planeaba-huir-a-argelia","status":"publish","type":"post","link":"https:\/\/www.europesays.com\/es\/204765\/","title":{"rendered":"lo habr\u00edan cometido por encargo y uno planeaba huir a Argelia"},"content":{"rendered":"<p class=\"c-paragraph\">La Polic\u00eda francesa ha detenido este s\u00e1bado por la noche a dos hombres\u00a0<b>con antecedentes policiales\u00a0<\/b>y que podr\u00edan estar implicados en el robo de joyas en el Louvre, seg\u00fan asegura el diario franc\u00e9s Le Parisien. Al parecer, seg\u00fan barajan las autoridades francesas, los dos formar\u00edan parte de la banda de cuatro criminales que consigui\u00f3 sustraer las piezas de los reyes franceses en tan solo siete minutos. La principal hip\u00f3tesis es que lo <b>habr\u00edan robado por un encargo. <\/b>Uno de ellos, adem\u00e1s, ha sido detenido justo\u00a0cuando planeaba huir a Argelia.\u00a0<\/p>\n<p class=\"c-paragraph\">Tal y como detalla el citado peri\u00f3dico y confirman tambi\u00e9n otros medios franceses, la operaci\u00f3n oficial se ha llevado a cabo por agentes de polic\u00eda de la <b>Direcci\u00f3n Nacional de la Polic\u00eda de Fronteras (DNPAF)<\/b>, quienes han entregado a los dos detenidos a la Polic\u00eda Judicial de Par\u00eds, encargada de las investigaciones. La operaci\u00f3n de detenci\u00f3n se ha activado, precisamente, cuando las autoridades policiales tuvieron conocimiento que uno de ellos <b>planeaba salir de Francia en direcci\u00f3n a Argelia<\/b>, por lo que ha sido detenido r\u00e1pidamente en el aeropuerto Roissy-Charles de Gaulle de Par\u00eds. Posteriormente, han detenido al segundo sospechoso en Seine-Saint-Denis, a las afueras de la capital francesa, lugar de donde adem\u00e1s son originarios los dos.<\/p>\n<p class=\"c-paragraph\">Los dos se encuentran ahora bajo custodia policial, donde pueden permanecer hasta 96 horas. Al parecer, son de origen franc\u00e9s, tienen alrededor de 30 a\u00f1os y estaban ya en el radar de\u00a0las autoridades, ya que cuentan con antecedentes policiales <b>por otros robos cometidos en Par\u00eds.<\/b>\u00a0La Polic\u00eda cree que el m\u00f3vil de los hechos ser\u00eda un robo por encargo e investiga ahora cu\u00e1l es su implicaci\u00f3n en el asalto mientras se sigue trabajando para identificar al resto de c\u00f3mplices y de miembros del grupo criminal que realiz\u00f3 el robo. Por ahora, la Polic\u00eda sigue sin encontrar el bot\u00edn con el que se hicieron los ladrones.<\/p>\n<p class=\"c-paragraph\">La Polic\u00eda Judicial de Par\u00eds trata adem\u00e1s de averiguar qui\u00e9n fue el autor o los autores intelectuales detr\u00e1s del atraco y <b>si forman parte de una organizaci\u00f3n tradicional de crimen organizado,<\/b> que habr\u00eda robado las joyas para conseguir dinero, o si se trata de una red de tr\u00e1fico de arte. Por el momento, m\u00e1s de un centenar de polic\u00edas est\u00e1n movilizados para localizar a todos los autores e intermediarios de los hechos.\u00a0<\/p>\n<p class=\"c-paragraph\">Tras conocerse la detenci\u00f3n de estos dos sospechosos, el ministro de Interior franc\u00e9s, <b>Laurent Nu\u00f1ez<\/b>, ha enviado sus felicitaciones a los investigadores por <b>haber trabajado \u00absin descanso\u00bb <\/b>tal y como les pidi\u00f3, adem\u00e1s de reiterar que tienen toda su \u00abconfianza\u00bb. \u00abLas investigaciones deben continuar respetando el secreto de la investigaci\u00f3n bajo la autoridad de la jurisdicci\u00f3n interregional especializada de la Fiscal\u00eda de Par\u00eds. \u00a1Lo haremos con la misma determinaci\u00f3n! \u00a1Seguimos adelante!\u00bb, ha expresado a trav\u00e9s de su cuenta de X.<\/p>\n<p class=\"c-paragraph\">Tal y como han declarado desde la Fiscal\u00eda de Par\u00eds, las autoridades han tomado <b>m\u00e1s de 150 muestras de rastros humanos<\/b> para poder identificar y localizar a los implicados. As\u00ed, adem\u00e1s de ser grabados en varias ocasiones mientras comet\u00edan el robo, dejaron elementos como un guante, los chalecos que utilizaron, o un casco de moto, de donde los investigadores han podido obtener muestras de cabello pertenecientes a uno de los ladrones, probablemente el primero en entrar al museo.<\/p>\n<p class=\"c-paragraph\">Asimismo, tambi\u00e9n dejaron en el lugar de los hechos el montacargas que utilizaron. Seg\u00fan las pesquisas, <b>lo habr\u00edan comprado pocos d\u00edas antes del asalto<\/b> a trav\u00e9s de una web de venta de objetos de segunda mano a un vendedor que quer\u00eda deshacerse del elevador.\u00a0<\/p>\n<p>Unas joyas valoradas en 88 millones de euros<\/p>\n<p class=\"c-paragraph\">Las ocho piezas robadas, justo hace una semana, est\u00e1n valoradas <b>econ\u00f3micamente en 88 millones de euros<\/b>, aunque su valor patrimonial es incalculable. Estaban expuestas concretamente en la denominada Galer\u00eda de Apolo del que es el museo m\u00e1s visitado del mundo.\u00a0<\/p>\n<p class=\"c-paragraph\">Los ladrones consiguieron acceder a la pinacoteca a trav\u00e9s de un montacargas y de una radial y sustrajeron\u00a0<b>diademas, collares y pendientes pertenecientes a la\u00a0colecci\u00f3n de Napole\u00f3n y los reyes franceses. <\/b>Tras ello, huyeron con el bot\u00edn, aunque en su marcha perdieron la corona perteneciente a la emperatriz Eugenia de Montijo.<\/p>\n<p class=\"c-paragraph\">Los hechos, que se han producido <b>en medio de la crisis pol\u00edtica<\/b> que sacude Francia, han puesto de relieve tambi\u00e9n la fragilidad de algunas instituciones culturales del pa\u00eds galo. De hecho, el propio ministro de Justicia ha reconocido \u00abfallos de seguridad\u00bb en el Louvre y durante esta semana ha salido a la luz un informe a\u00fan no publicado del Tribunal de Cuentas en el que se detalla que existen\u00a0<b><b>retrasos \u00abconsiderables y persistentes\u00bb en el despliegue de los nuevos equipos de vigilancia<\/b><\/b>\u00a0del Louvre.\u00a0<\/p>\n<p class=\"c-paragraph\">Adem\u00e1s, el ministro del Interior pidi\u00f3 el lunes a todas las instituciones culturales del pa\u00eds que<b> revisasen sus sistemas de seguridad. <\/b>Este viernes, por otro lado, <a href=\"https:\/\/www.20minutos.es\/internacional\/trasladan-parte-coleccion-joyas-louvre-banco-francia-cinco-dias-despues-robo_6660422_0.html\" rel=\"nofollow noopener\" target=\"_blank\">una parte de la colecci\u00f3n de joyas del Louvre fue trasladada desde el museo hasta el Banco de Francia<\/a> bajo un fuerte dispositivo policial, una decisi\u00f3n que se ha tomado\u00a0para<b>\u00a0proteger la colecci\u00f3n bajo una mayor seguridad. <\/b>Se desconoce cu\u00e1ndo ser\u00e1 posible exhibirla nuevamente en el museo.<\/p>\n","protected":false},"excerpt":{"rendered":"La Polic\u00eda francesa ha detenido este s\u00e1bado por la noche a dos hombres\u00a0con antecedentes policiales\u00a0y que podr\u00edan estar&hellip;\n","protected":false},"author":2,"featured_media":204766,"comment_status":"","ping_status":"","sticky":false,"template":"","format":"standard","meta":{"footnotes":""},"categories":[42],"tags":[17,18,18476,1563,13,14,1751,11,12257,61,62,63,64,19,20,9,10,15,16,586,12,21,22,65,66,67],"class_list":{"0":"post-204765","1":"post","2":"type-post","3":"status-publish","4":"format-standard","5":"has-post-thumbnail","7":"category-internacional","8":"tag-breaking-news","9":"tag-breakingnews","10":"tag-detiene","11":"tag-dos","12":"tag-featured-news","13":"tag-featurednews","14":"tag-francesa","15":"tag-headlines","16":"tag-hombres","17":"tag-internacional","18":"tag-international","19":"tag-international-news","20":"tag-internationalnews","21":"tag-latest-news","22":"tag-latestnews","23":"tag-news","24":"tag-noticias","25":"tag-noticias-destacadas","26":"tag-noticiasdestacadas","27":"tag-policia","28":"tag-titulares","29":"tag-ultimas-noticias","30":"tag-ultimasnoticias","31":"tag-world","32":"tag-world-news","33":"tag-worldnews"},"share_on_mastodon":{"url":"https:\/\/pubeurope.com\/@es\/115449684636291929","error":""},"_links":{"self":[{"href":"https:\/\/www.europesays.com\/es\/wp-json\/wp\/v2\/posts\/204765","targetHints":{"allow":["GET"]}}],"collection":[{"href":"https:\/\/www.europesays.com\/es\/wp-json\/wp\/v2\/posts"}],"about":[{"href":"https:\/\/www.europesays.com\/es\/wp-json\/wp\/v2\/types\/post"}],"author":[{"embeddable":true,"href":"https:\/\/www.europesays.com\/es\/wp-json\/wp\/v2\/users\/2"}],"replies":[{"embeddable":true,"href":"https:\/\/www.europesays.com\/es\/wp-json\/wp\/v2\/comments?post=204765"}],"version-history":[{"count":0,"href":"https:\/\/www.europesays.com\/es\/wp-json\/wp\/v2\/posts\/204765\/revisions"}],"wp:featuredmedia":[{"embeddable":true,"href":"https:\/\/www.europesays.com\/es\/wp-json\/wp\/v2\/media\/204766"}],"wp:attachment":[{"href":"https:\/\/www.europesays.com\/es\/wp-json\/wp\/v2\/media?parent=204765"}],"wp:term":[{"taxonomy":"category","embeddable":true,"href":"https:\/\/www.europesays.com\/es\/wp-json\/wp\/v2\/categories?post=204765"},{"taxonomy":"post_tag","embeddable":true,"href":"https:\/\/www.europesays.com\/es\/wp-json\/wp\/v2\/tags?post=204765"}],"curies":[{"name":"wp","href":"https:\/\/api.w.org\/{rel}","templated":true}]}}