{"id":204771,"date":"2025-10-28T03:41:04","date_gmt":"2025-10-28T03:41:04","guid":{"rendered":"https:\/\/www.europesays.com\/es\/204771\/"},"modified":"2025-10-28T03:41:04","modified_gmt":"2025-10-28T03:41:04","slug":"carbajal-pide-a-la-aficion-del-caceres-que-no-silbe-al-equipo-y-que-le-apoye","status":"publish","type":"post","link":"https:\/\/www.europesays.com\/es\/204771\/","title":{"rendered":"Carbajal pide a la afici\u00f3n del C\u00e1ceres que no silbe al equipo y que le apoye"},"content":{"rendered":"<p class=\"ft-text\">\u201cTambi\u00e9n tiene que ayudar la afici\u00f3n, tiene que arroparnos. S\u00e9 que es dif\u00edcil, pero<strong> tiene que aplaudirles <\/strong>y exigir cuando bajemos los brazos, pero ayudarnos\u201d. El llamamiento de <strong>Jacinto Carbajal, entrenador del <\/strong><a class=\"ft-link ft-link--decoration\" href=\"https:\/\/www.caceresbasket.com\/\" rel=\"nofollow noopener\" target=\"_blank\"><strong>C\u00e1ceres Patrimonio<\/strong><\/a><strong>,<\/strong> <a class=\"ft-link ft-link--decoration\" href=\"https:\/\/www.elperiodicoextremadura.com\/deportes\/2025\/10\/26\/caceres-equipo-alma-123051997.html\" target=\"_blank\" rel=\"nofollow noopener\">tras la dura derrota ante el Caja 87 de Sevilla, <\/a>ten\u00eda un tono de lamento, pero el t\u00e9cnico verdinegro lo dec\u00eda con calma, lanzando el mensaje de que el equipo puede retomar el buen tono que reivindic\u00f3 en pretemporada.<\/p>\n<p class=\"ft-text\">\u201cHay momentos que como aficionado te desesperas porque ves que el equipo comete un error tonto, te cogen un rebote\u2026 lo puedo entender, pero l<strong>es pedir\u00eda que ayuden a los chicos. <\/strong>Desde luego <strong>con silbidos en la grada no vamos a ayudar <\/strong>y no van a meter m\u00e1s porque les silben, pero c<strong>ada uno paga su entrada y cada aficionado que haga lo que crea que tiene que hacer\u201d. <\/strong>Carbajal hac\u00eda esa petici\u00f3n minutos despu\u00e9s de sufrir un varapalo considerable ante el equipo de su exjefe, Adri\u00e1 Alonso.<\/p>\n<p class=\"ft-text\">Para el entrenador local la clave estuvo en la primera parte. <strong>\u201cSalen muy f\u00edsicos y nosotros no hemos sido capaces de ir a ese nivel f\u00edsico,<\/strong> despu\u00e9s de una semana dura con tres partidos y tres derrotas\u201d, justific\u00f3. \u201cEsos balones divididos los cogen ellos siempre, tambi\u00e9n esas canastas muy al l\u00edmite. <strong>Todo ello nos ha ido minando <\/strong>y hay un momento de la primera parte en el que el equipo se deja ir\u201d, asumi\u00f3 Carbajal, algo que reconoci\u00f3 que le doli\u00f3. \u201cNo es una imagen que tengamos que dar en casa\u201d, abund\u00f3.<\/p>\n<p>Cambio en el segundo tiempo<\/p>\n<p class=\"ft-text\">\u201cEn la <strong>segunda parte el equipo ha estado m\u00e1s serio,<\/strong> m\u00e1s duro, pero nos ha faltado acierto. Ellos meten 26 puntos, y dejarle en 26 al Caja est\u00e1 muy bien, pero nos ha faltado acierto para haber estrechado un poquito m\u00e1s las distancias\u201d. El t\u00e9cnico extreme\u00f1o s\u00ed sac\u00f3 esa lectura positiva de la continuaci\u00f3n del duelo del Multiusos. En clave filos\u00f3fica, expres\u00f3 que \u201cen din\u00e1micas positivas todo fluye y todo va bien\u201d, al tiempo que lament\u00f3: \u201c<strong>en din\u00e1micas como la nuestra es dif\u00edcil, hay que remar.<\/strong> Hay que seguir trabajando, no nos queda otra. Ese nivel de confianza y de energ\u00eda lo tenemos que sacar juntos, ayud\u00e1ndonos. Ahora viene una semana larga y el domingo en Ja\u00e9n. Nos est\u00e1n faltando puntos\u201d.<\/p>\n<p>Buen d\u00eda a d\u00eda<\/p>\n<p class=\"ft-text\">\u201cNos ha costado ese nivel f\u00edsico. Est\u00e1bamos defendiendo al l\u00edmite, hay un error y te meten un triple; un bal\u00f3n dividido y te meten canasta bajo el aro. <strong>Y eso mina en las rachas negativas m\u00e1s<\/strong>. No hemos encontrado tiros liberados en la primera parte, en la segunda s\u00ed, pero no hemos metido. Es seguir trabajando y unidos. <strong>El d\u00eda a d\u00eda es bueno y hay que confiar\u201d,<\/strong> asegur\u00f3 Carbajal. Adem\u00e1s, agreg\u00f3 que hab\u00eda sido una \u201csemana dura\u201d y un partido \u201cdesigual. Ellos no han tenido viaje ni partido entre semana. A nosotros a esto le sumas la racha y es complicado\u201d, expres\u00f3, para despu\u00e9s sentenciar:\u00a0\u201cvamos a salir de ello\u201d.<\/p>\n<p class=\"ft-text\">Adem\u00e1s, el entrenador verdinegro dijo sobre el futuro: \u201cLas expectativas te las da el d\u00eda a d\u00eda. Nos hemos ilusionado con un equipo joven y con mucha energ\u00eda, distinto al del a\u00f1o pasado, pero necesita trabajo, cari\u00f1o y paciencia. Poco a poco. A ver si vamos saliendo del bache y sumando gente, que llegue a los niveles por los que les hemos fichado. Para eso les tiene que ayudar el entorno y los propios compa\u00f1eros. A ver si sacamos la mejor versi\u00f3n de todos y podemos ilusionarnos para mirar hacia arriba\u201d, afirm\u00f3.<\/p>\n<p class=\"ft-text\">\u00bfHar\u00e1 alg\u00fan retoque en la plantilla?, se le cuestion\u00f3. \u00a0\u201cAhora no pienso en eso porque no es algo que dependa de m\u00ed. Ahora solamente pienso en ayudar\u201d, sentenci\u00f3.<\/p>\n","protected":false},"excerpt":{"rendered":"\u201cTambi\u00e9n tiene que ayudar la afici\u00f3n, tiene que arroparnos. S\u00e9 que es dif\u00edcil, pero tiene que aplaudirles y&hellip;\n","protected":false},"author":2,"featured_media":204772,"comment_status":"","ping_status":"","sticky":false,"template":"","format":"standard","meta":{"footnotes":""},"categories":[269],"tags":[3437,299,298,3975,3976,56056,168,25,24,48311,34,3977,56057,23,167],"class_list":{"0":"post-204771","1":"post","2":"type-post","3":"status-publish","4":"format-standard","5":"has-post-thumbnail","7":"category-baloncesto","8":"tag-aficion","9":"tag-baloncesto","10":"tag-basketball","11":"tag-caceres","12":"tag-caceres-basket","13":"tag-carbajal","14":"tag-deportes","15":"tag-es","16":"tag-espana","17":"tag-multiusos","18":"tag-pide","19":"tag-segunda-feb","20":"tag-silbe","21":"tag-spain","22":"tag-sports"},"share_on_mastodon":{"url":"https:\/\/pubeurope.com\/@es\/115449723865595338","error":""},"_links":{"self":[{"href":"https:\/\/www.europesays.com\/es\/wp-json\/wp\/v2\/posts\/204771","targetHints":{"allow":["GET"]}}],"collection":[{"href":"https:\/\/www.europesays.com\/es\/wp-json\/wp\/v2\/posts"}],"about":[{"href":"https:\/\/www.europesays.com\/es\/wp-json\/wp\/v2\/types\/post"}],"author":[{"embeddable":true,"href":"https:\/\/www.europesays.com\/es\/wp-json\/wp\/v2\/users\/2"}],"replies":[{"embeddable":true,"href":"https:\/\/www.europesays.com\/es\/wp-json\/wp\/v2\/comments?post=204771"}],"version-history":[{"count":0,"href":"https:\/\/www.europesays.com\/es\/wp-json\/wp\/v2\/posts\/204771\/revisions"}],"wp:featuredmedia":[{"embeddable":true,"href":"https:\/\/www.europesays.com\/es\/wp-json\/wp\/v2\/media\/204772"}],"wp:attachment":[{"href":"https:\/\/www.europesays.com\/es\/wp-json\/wp\/v2\/media?parent=204771"}],"wp:term":[{"taxonomy":"category","embeddable":true,"href":"https:\/\/www.europesays.com\/es\/wp-json\/wp\/v2\/categories?post=204771"},{"taxonomy":"post_tag","embeddable":true,"href":"https:\/\/www.europesays.com\/es\/wp-json\/wp\/v2\/tags?post=204771"}],"curies":[{"name":"wp","href":"https:\/\/api.w.org\/{rel}","templated":true}]}}