{"id":204803,"date":"2025-10-28T04:09:22","date_gmt":"2025-10-28T04:09:22","guid":{"rendered":"https:\/\/www.europesays.com\/es\/204803\/"},"modified":"2025-10-28T04:09:22","modified_gmt":"2025-10-28T04:09:22","slug":"escritora-actriz-y-sigue-siendo-directora-de-academia","status":"publish","type":"post","link":"https:\/\/www.europesays.com\/es\/204803\/","title":{"rendered":"escritora, actriz y sigue siendo &#8216;directora&#8217; de Academia"},"content":{"rendered":"<p class=\"c-paragraph\">Un a\u00f1o m\u00e1s, la Academia de <b>Operaci\u00f3n Triunfo<\/b> ha abierto sus puertas a <a href=\"https:\/\/www.20minutos.es\/television\/los-concursantes-ot-2025-lloran-primera-expulsion-edicion-vida-es-caerse-levantarse_6401814_0.html\" title=\"Los concursantes de &#039;OT 2025&#039; lloran la primera expulsi\u00f3n de la edici\u00f3n: &quot;La vida es caerse y levantarse&quot;\" rel=\"nofollow noopener\" target=\"_blank\">diecis\u00e9is j\u00f3venes con un sue\u00f1o en com\u00fan<\/a>, convertirse en ganadores del formato y <b>triunfar en la industria musical<\/b>. Con la misma ilusi\u00f3n que est\u00e1n concursando los actuales\u00a0triunfitos lo hac\u00edan los concursantes de la primera edici\u00f3n en 2001.\u00a0<\/p>\n<p class=\"c-paragraph\"><b>Noem\u00ed Galera<\/b> es la que, una vez m\u00e1s, est\u00e1 al frente de todo lo relacionado con las clases y el d\u00eda a d\u00eda en la academia. Quien ocupaba el lugar que ocupa ahora ella y que se convirti\u00f3 en <b>la primera directora de la academia de OT<\/b> fue una de las grandes voces de nuestro pa\u00eds, la artista <b>Nina<\/b>, a la que Espa\u00f1a conoci\u00f3 a\u00f1os atr\u00e1s por su aparici\u00f3n en Un, dos, tres. Pero, \u00bfqu\u00e9 es ahora de la primera directora de Operaci\u00f3n Triunfo?<\/p>\n<p>La trayectoria profesional de Nina<\/p>\n<p class=\"c-paragraph\"><b>Anna Mar\u00eda Agust\u00ed<\/b>, conocida art\u00edsticamente como Nina, <b>comenz\u00f3 su carrera cantando en orquestas <\/b>y pas\u00f3\u00a0a hacerse conocida en los a\u00f1os 80 con <b>su primera aparici\u00f3n en\u00a0<\/b><b>Un, dos, tres<\/b>. Fue el gran descubrimiento de Xavier\u00a0Cugat, que llev\u00f3 a Chicho\u00a0Ib\u00e1\u00f1ez Serrador a ficharla como <b>azafata del programa.\u00a0<\/b><\/p>\n<p class=\"c-paragraph\">Durante su etapa en el formato de RTVE, <b>Nina demostr\u00f3 sus dotes art\u00edsticas<\/b>, aunque no guarda grandes recuerdos de esa \u00e9poca, pues ella misma asegur\u00f3 que <b>durante sus a\u00f1os como estrella televisiva \u00abse muri\u00f3 del asco\u00bb. <\/b>Pero lo que s\u00ed se llev\u00f3 de su paso por\u00a0Un, dos, tres\u00a0fue<b> soltura para comunicarse ante la c\u00e1mara<\/b>, lo que le permiti\u00f3 formar parte de proyectos posteriores.<\/p>\n<p class=\"c-paragraph\">En 1989 fue la elegida para representar a Espa\u00f1a en <b>Eurovisi\u00f3n<\/b>, quedando en <b>sexto lugar<\/b> con su interpretaci\u00f3n de\u00a0<b>Nacida para amar, de Juan Carlos Calder\u00f3n<\/b>. En su edici\u00f3n <b>conoci\u00f3 a Celine Dion<\/b>, ganadora del a\u00f1o anterior. Ambas congeniaron bastante y llegaron a cantar juntas.<\/p>\n<p class=\"c-paragraph\">A ra\u00edz de ah\u00ed, creci\u00f3 en la industria musical, sacando <b>varios discos<\/b>, aunque en <b>sus memorias Con voz propia<\/b> desvel\u00f3 que no le gustaba la elecci\u00f3n de canciones que hac\u00edan para ella desde la discograf\u00eda, definiendo algunas de ellas como \u00abvomitivas\u00bb.\u00a0<\/p>\n<p class=\"c-paragraph\">En los <b>a\u00f1os 90<\/b> se adentr\u00f3 en el mundo del <b>teatro musical<\/b> y particip\u00f3 en\u00a0<b>Las cuatro cartas, producida por Miliki<\/b>. Pero en 2001 lleg\u00f3 otro de sus grandes proyectos, convirti\u00e9ndose en <b>la primera directora de la Academia de Operaci\u00f3n Triunfo<\/b>. Nina estuvo al frente de la academia hasta el a\u00f1o 2004.\u00a0Tras su primera etapa en OT (en 2011 regres\u00f3 de nuevo\u00a0como directora de la academia y en 2020 como jurado), form\u00f3 parte del <b>musical\u00a0<\/b><b>Mamma Mia!,<\/b> con el que hizo <b>varias giras por Espa\u00f1a.\u00a0<\/b><\/p>\n<p>El accidente que cambi\u00f3 la vida de Nina<\/p>\n<p class=\"c-paragraph\">A los 44 a\u00f1os, Anna Mar\u00eda Agust\u00ed <b>tuvo que pasar por quir\u00f3fano<\/b> y atravesar un duro bache de salud del que ella misma habl\u00f3 p\u00fablicamente. \u00abUna intervenci\u00f3n quir\u00fargica\u00a0<b>me ocasion\u00f3 la menopausia anticipada<\/b> y con ello <b>un envejecimiento prematuro<\/b> que not\u00e9 en la piel, el pelo y\u00a0sobre todo en la voz. He aprendido a vivir con <b>la sensaci\u00f3n de perder la voz<\/b>. Con el tiempo me he dado cuenta que no la pierdo, sino que envejece como el resto del cuerpo y\u00a0debo cuidarla\u00bb, coment\u00f3 la artista.\u00a0<\/p>\n<p class=\"c-paragraph\">El pasado mes de marzo, la cantante public\u00f3 <b>Menopausa<\/b>, un libro en el que se abre y cuenta <b>c\u00f3mo ha vivido la etapa vital<\/b> por la que todas las mujeres atraviesan en un punto de su vida y que ella tuvo que experimentar antes de tiempo.\u00a0<\/p>\n<p>La vida actual de Nina<\/p>\n<p class=\"c-paragraph\">El libro no ha sido el \u00fanico proyecto reciente de Nina, a la que hemos podido ver <b>una vez m\u00e1s en televisi\u00f3n<\/b>, aunque esta vez en ficci\u00f3n y de la mano de los Javis. La artista ha formado parte de <b>la serie Mariliendre<\/b>, donde ha dado vida al personaje de <b>In\u00e9s, madre de la protagonista<\/b>, Meri Rom\u00e1n, interpretada por Blanca Mart\u00ednez Rodrigo. En la serie no solo ha actuado, sino que <b>ha participado en varias canciones<\/b> como\u00a0Dime\u00a0de Beth,\u00a0Am\u00e9n\u00a0de Az\u00facar Moreno o\u00a0En tu cruz me clavaste\u00a0de Chenoa.<\/p>\n<p class=\"c-paragraph\">La cantante es de nuevo <b>directora de academia<\/b>, pero no de la Operaci\u00f3n Triunfo. Trabaja como <b>coach vocal en su propia academia<\/b>. Es consciente de que no cuenta con la misma fuerza vocal que antes, as\u00ed que ahora se dedica a <b>preparar y acompa\u00f1ar a otros cantantes<\/b> para que saquen el mejor rendimiento de su voz.<\/p>\n","protected":false},"excerpt":{"rendered":"Un a\u00f1o m\u00e1s, la Academia de Operaci\u00f3n Triunfo ha abierto sus puertas a diecis\u00e9is j\u00f3venes con un sue\u00f1o&hellip;\n","protected":false},"author":2,"featured_media":204804,"comment_status":"","ping_status":"","sticky":false,"template":"","format":"standard","meta":{"footnotes":""},"categories":[171],"tags":[3586,146,147,25,24,1388,2885,3187,23,2886,214,2606],"class_list":{"0":"post-204803","1":"post","2":"type-post","3":"status-publish","4":"format-standard","5":"has-post-thumbnail","7":"category-tv","8":"tag-actual","9":"tag-entertainment","10":"tag-entretenimiento","11":"tag-es","12":"tag-espana","13":"tag-nina","14":"tag-operacion","15":"tag-planseo-estilos","16":"tag-spain","17":"tag-triunfo","18":"tag-tv","19":"tag-vida"},"share_on_mastodon":{"url":"https:\/\/pubeurope.com\/@es\/115449834070690498","error":""},"_links":{"self":[{"href":"https:\/\/www.europesays.com\/es\/wp-json\/wp\/v2\/posts\/204803","targetHints":{"allow":["GET"]}}],"collection":[{"href":"https:\/\/www.europesays.com\/es\/wp-json\/wp\/v2\/posts"}],"about":[{"href":"https:\/\/www.europesays.com\/es\/wp-json\/wp\/v2\/types\/post"}],"author":[{"embeddable":true,"href":"https:\/\/www.europesays.com\/es\/wp-json\/wp\/v2\/users\/2"}],"replies":[{"embeddable":true,"href":"https:\/\/www.europesays.com\/es\/wp-json\/wp\/v2\/comments?post=204803"}],"version-history":[{"count":0,"href":"https:\/\/www.europesays.com\/es\/wp-json\/wp\/v2\/posts\/204803\/revisions"}],"wp:featuredmedia":[{"embeddable":true,"href":"https:\/\/www.europesays.com\/es\/wp-json\/wp\/v2\/media\/204804"}],"wp:attachment":[{"href":"https:\/\/www.europesays.com\/es\/wp-json\/wp\/v2\/media?parent=204803"}],"wp:term":[{"taxonomy":"category","embeddable":true,"href":"https:\/\/www.europesays.com\/es\/wp-json\/wp\/v2\/categories?post=204803"},{"taxonomy":"post_tag","embeddable":true,"href":"https:\/\/www.europesays.com\/es\/wp-json\/wp\/v2\/tags?post=204803"}],"curies":[{"name":"wp","href":"https:\/\/api.w.org\/{rel}","templated":true}]}}