{"id":204822,"date":"2025-10-28T04:29:11","date_gmt":"2025-10-28T04:29:11","guid":{"rendered":"https:\/\/www.europesays.com\/es\/204822\/"},"modified":"2025-10-28T04:29:11","modified_gmt":"2025-10-28T04:29:11","slug":"dos-joyas-expuestas-en-el-escaparate","status":"publish","type":"post","link":"https:\/\/www.europesays.com\/es\/204822\/","title":{"rendered":"Dos joyas expuestas en el escaparate"},"content":{"rendered":"<p class=\"paragraph\">&#8230; Y el baloncesto vuelve a sonre\u00edr. A\u00fan de forma t\u00edmida, con cierta prudencia y sin lanzar las campanas al vuelo en un baloncesto desconocido para la ciudad y la afici\u00f3n y posiblemente olvidado para el club. Porque la Segunda FEB o lo que es lo mismo la tercera categor\u00eda profesional del baloncesto espa\u00f1ol\u00a0 no deja de ser un camino de penitencia heredado por m\u00e9ritos propios tras la paup\u00e9rrima temporada pasada. Pero con el ciclo nuevo, a\u00fan repitiendo (casi calcando) parte de los errores que han lastrado al baloncesto de la ciudad a lo largo de la historia, los brotes verdes del inicio de campa\u00f1a hacen cambiar, aunque sea por momentos, el pensamiento negativo de ese ya manido &#8216;m\u00e1s de lo mismo&#8217; por el de la esperanza. En el camino, sin llegar ni siquiera a a arrancar la temporada, se borr\u00f3\u00a0 al director general, Paco Gonz\u00e1lez, humo m\u00e1s que realidad pese a contar con el \u00fanico bast\u00f3n de apoyo de Mike Hansen, insuficiente.<\/p>\n<p>            <a href=\"#\" title=\"\"><\/p>\n<p>                    <img loading=\"lazy\" decoding=\"async\" data-index=\"\" width=\"140\" height=\"140\" alt=\"Pau Isern festeja euf\u00f3rico el ag\u00f3nico y \u00e9pico triunfo en Mor\u00f3n.\" data-full=\"[object Object]\" data-original=\"[object Object]\" src=\"https:\/\/imagenes.diariodevalladolid.es\/files\/related_image\/uploads\/2025\/10\/25\/68fd1f6f47911.jpeg\" data-full-src=\"https:\/\/www.europesays.com\/es\/wp-content\/uploads\/2025\/10\/68fd1f6f47911.jpeg\"\/><\/p>\n<p>            <\/a><\/p>\n<p class=\"paragraph\">De puntillas y sin hacer ruido y con la problem\u00e1tica que supone caminar en el alambre tras construir una plantilla demasiado corta de solo 10 jugadores, el UEMC Baloncesto Valladolid parece haber encontrado esa estabilidad que tanto ech\u00f3 de menos la pasada campa\u00f1a. Y lo ha hecho apoy\u00e1ndose en un buena plantilla (porque tambi\u00e9n hay que decirlo para el que corresponda) liderada por dos jugadores que por encima de todos, Pau Isern e Isaac Haney, sobresalen para ser sin duda las dos grandes joyas diferenciales del equipo.<\/p>\n<p class=\"c-detail__media__subtitle\">\n<p>        Pau Isern inicia una transici\u00f3n de ataque del UEMC CBCV en Mor\u00f3n.LOF<\/p>\n<p class=\"paragraph\">De sus manos han salido los triunfos y las buenas sensaciones transmitidas por el equipo en este arranque del largo camino de penitencia de la Segunda FEB. El \u00faltimo en Mor\u00f3n, muy valioso, de nuevo con ocho jugadores disponibles y con dos &#8216;s\u00fapercanastas&#8217; de 3+1, la \u00faltima a cargo del francotirador americano de 22 a\u00f1os que sirvi\u00f3 para obrar en el \u00faltimo suspiro una remontada que parec\u00eda imposible.\u00a0<\/p>\n<p>Los n\u00fameros de las dos joyas del UEMC CBCV<\/p>\n<ul>\n<li><b>Ice Haney&#8217;.- <\/b>16,5 puntos de media y 14,75 tantos de valoraci\u00f3n por partido en 29 minutos de juego. M\u00e1ximo artillero desde la l\u00ednea de tres puntos con 13 aciertos de 24 lanzamientos para un espectacular 54% de efectividad. 90% de efectividad en la l\u00ednea de tiros libres.<\/li>\n<\/ul>\n<p>\u200b<\/p>\n<ul>\n<li><b>\u200bPau Isern. <\/b>16 puntos de media acreditados por partido a los que hay que a\u00f1adir 2 asistencias y 4,5 faltas recibidas para una valoraci\u00f3n total de 17,5 tantos por encuentro. El base adem\u00e1s asegura un 66% de efectividad en los lanzamientos de dos puntos.<\/li>\n<\/ul>\n<p class=\"paragraph\">El UEMC Baloncesto Valladolid y sabedor del sufrimiento que tuvo que padecer hace dos campa\u00f1as con el &#8216;caso Devin Schmidt&#8217; en el que su jugador americano fue tentado por el Estudiantes para cambiar de equipo en plena campa\u00f1a, cruza los dedos para que esa tentaci\u00f3n que vive en el piso de arriba no llame a su puerta. Porque las dos joyas m\u00e1s preciadas del conjunto de David Barrio en este prometedor arranque liguero est\u00e1n expuestas en un escaparate donde la FEB no ejerce como protector de los &#8216;peque\u00f1os&#8217;.\u00a0<\/p>\n<p class=\"paragraph\">\u00bfQu\u00e9 peligra con esta exposici\u00f3n? Si viene un equipo y tienta al jugador con un proyecto mejor (se presupone que de categor\u00eda superior) y con un mejor sueldo (ninguno de los dos jugadores alcanza la barrera de los 1.800 euros al mes) se le puede llevar rescindiendo el contrato el jugador de forma unilateral abonando el club que le pretenda el resto del contrato.\u00a0 Peligro m\u00e1ximo. Dedos cruzados porque solo se han jugado cuatro partidos m\u00e1s la eliminatoria de Copa Espa\u00f1a y tanto Isern como Haney han demostrado que la Segunda FEB se les queda peque\u00f1a, muy peque\u00f1a.<\/p>\n<p class=\"paragraph\">Ahora no queda otra que cuidar a los representantes y&#8230; mimar y arropar a dos jugadores, por lo visto hasta ahora, determinantes y dif\u00edciles, por no decir imposible, de suplir. Los cantos de sirena del piso de arriba solo acaban de comenzar a escucharse. Peligro.<\/p>\n<p>Primer triunfo del filial y con la agon\u00eda a\u00f1adida de una pr\u00f3rroga (95-92)<\/p>\n<p><b>&#8230; Y a la cuarta fue la vencida.<\/b> El filial del UEMC Baloncesto Valladolid, militante en la Tercera FEB, pudo por fin disfrutar de su primer triunfo en la categor\u00eda. Con sufrimiento sumo despu\u00e9s de perder una renta de casi 20 puntos, el Caja Rural CBCV Boecillo de \u00c1ngel Sierra, liderado por Neri con 16 puntos, que baj\u00f3 del primer equipo, tuvo que esperar a la pr\u00f3rroga para doblegar a Pi\u00e9lagos por un apretado y ag\u00f3nico 95-92<\/p>\n<p>Parte de lesiones: Resonancia para Fares Ochi<\/p>\n<ul>\n<li><b>Mohamed Fares Ochi <\/b>caus\u00f3 baja en la victoria del UEMC Baloncesto Valladolid en la pista del CB Starlabs Mor\u00f3n (88-89) debido a unas molestias en su pie izquierdo. Este martes se le realizar\u00e1 una resonancia magn\u00e9tica y queda pendiente de pruebas para dictaminar el diagn\u00f3stico.\u00a0<\/li>\n<li><b>Pau Carre\u00f1o<\/b>, por su parte, ya form\u00f3 parte de la convocatoria en Mor\u00f3n y se espera que pueda disputar sus primeros minutos este s\u00e1bado en el derbi entre los morados y la Cultural  Leonesa.<\/li>\n<\/ul>\n","protected":false},"excerpt":{"rendered":"&#8230; Y el baloncesto vuelve a sonre\u00edr. A\u00fan de forma t\u00edmida, con cierta prudencia y sin lanzar las&hellip;\n","protected":false},"author":2,"featured_media":204823,"comment_status":"","ping_status":"","sticky":false,"template":"","format":"standard","meta":{"footnotes":""},"categories":[269],"tags":[299,298,17074,168,25,24,241,3923,16531,23,167],"class_list":{"0":"post-204822","1":"post","2":"type-post","3":"status-publish","4":"format-standard","5":"has-post-thumbnail","7":"category-baloncesto","8":"tag-baloncesto","9":"tag-basketball","10":"tag-brotes","11":"tag-deportes","12":"tag-es","13":"tag-espana","14":"tag-exposiciones","15":"tag-federacion-espanola-de-baloncesto","16":"tag-ice","17":"tag-spain","18":"tag-sports"},"share_on_mastodon":{"url":"https:\/\/pubeurope.com\/@es\/115449912864114515","error":""},"_links":{"self":[{"href":"https:\/\/www.europesays.com\/es\/wp-json\/wp\/v2\/posts\/204822","targetHints":{"allow":["GET"]}}],"collection":[{"href":"https:\/\/www.europesays.com\/es\/wp-json\/wp\/v2\/posts"}],"about":[{"href":"https:\/\/www.europesays.com\/es\/wp-json\/wp\/v2\/types\/post"}],"author":[{"embeddable":true,"href":"https:\/\/www.europesays.com\/es\/wp-json\/wp\/v2\/users\/2"}],"replies":[{"embeddable":true,"href":"https:\/\/www.europesays.com\/es\/wp-json\/wp\/v2\/comments?post=204822"}],"version-history":[{"count":0,"href":"https:\/\/www.europesays.com\/es\/wp-json\/wp\/v2\/posts\/204822\/revisions"}],"wp:featuredmedia":[{"embeddable":true,"href":"https:\/\/www.europesays.com\/es\/wp-json\/wp\/v2\/media\/204823"}],"wp:attachment":[{"href":"https:\/\/www.europesays.com\/es\/wp-json\/wp\/v2\/media?parent=204822"}],"wp:term":[{"taxonomy":"category","embeddable":true,"href":"https:\/\/www.europesays.com\/es\/wp-json\/wp\/v2\/categories?post=204822"},{"taxonomy":"post_tag","embeddable":true,"href":"https:\/\/www.europesays.com\/es\/wp-json\/wp\/v2\/tags?post=204822"}],"curies":[{"name":"wp","href":"https:\/\/api.w.org\/{rel}","templated":true}]}}