{"id":20483,"date":"2025-08-02T10:39:08","date_gmt":"2025-08-02T10:39:08","guid":{"rendered":"https:\/\/www.europesays.com\/es\/20483\/"},"modified":"2025-08-02T10:39:08","modified_gmt":"2025-08-02T10:39:08","slug":"luz-paisaje-y-emocion-en-la-obra-de-pedro-martinez","status":"publish","type":"post","link":"https:\/\/www.europesays.com\/es\/20483\/","title":{"rendered":"Luz, paisaje y emoci\u00f3n en la obra de Pedro Mart\u00ednez"},"content":{"rendered":"<p><strong><a href=\"https:\/\/www.menorca.info\/etiqueta\/Pedro+Mart%C3%ADnez.html?utm_source=Inline-tag&amp;utm_medium=internal\" rel=\"nofollow noopener\" target=\"_blank\">Pedro Mart\u00ednez<\/a> Moreno<\/strong> (Albacete, 1945) se ha movido entre lienzos y pinceles desde siempre. La pintura entr\u00f3 en su vida cuando era un ni\u00f1o, un arte en el que ha crecido a trav\u00e9s de cursos, clases y talleres. Ahora, con 80 a\u00f1os cumplidos, cuenta con una <strong>prol\u00edfica carrera que ha compartido principalmente a trav\u00e9s de exposiciones colectivas<\/strong> y alguna que otra individual.<\/p>\n<p>La \u00faltima en solitario fue en 2020, en el centro cultural del Ca n&#8217;\u00c1ngel, en Es Mercadal, propuesta que ahora toma el relevo con la colecci\u00f3n que <strong>desde ayer y hasta el 10 de agosto exhibe en la sala de actos del CCE Sant Llu\u00eds<\/strong>. Una exposici\u00f3n formada por<strong> 39 cuadros que sirven como ejemplo del variado universo creativo de Mart\u00ednez<\/strong>, pintado a trav\u00e9s de figuras humanas, marinas, desnudos y el paisaje menorqu\u00edn, con especial protagonismo del puerto de Ma\u00f3. Todo ello reflejado a trav\u00e9s de un estilo realista, aunque no tan acentuado como lo era en sus comienzos, con una luz y una emoci\u00f3n muy caracter\u00edsticas.<\/p>\n<p>La exposici\u00f3n, a la que no ha querido poner t\u00edtulo, sirve adem\u00e1s para compartir con el p\u00fablico obras que antes no hab\u00edan sido expuestas. La muestra re\u00fane <strong>una selecci\u00f3n de obras creadas durante los \u00faltimos tres a\u00f1os al refugio de su estudio<\/strong>, una cochera en la que custodia su amplia colecci\u00f3n y en la que acostumbra a pintar mientras escucha m\u00fasica.<\/p>\n<p>La pintura ha sido para este artista \u00abalgo m\u00e1s que una afici\u00f3n\u00bb, confiesa este albacete\u00f1o que <strong>pis\u00f3 por primera vez la Isla de vacaciones, volvi\u00f3 para cumplir con el servicio militar y regres\u00f3 para instalarse definitivamente en 1969.<\/strong> En Menorca ha dado rienda suelta a su vena art\u00edstica, una actividad de la que disfrutado \u00aba base de quitarme horas de sue\u00f1o\u00bb, confiesa, ya que ha tenido que compaginarla con su carrera profesional.<\/p>\n","protected":false},"excerpt":{"rendered":"Pedro Mart\u00ednez Moreno (Albacete, 1945) se ha movido entre lienzos y pinceles desde siempre. La pintura entr\u00f3 en&hellip;\n","protected":false},"author":2,"featured_media":20484,"comment_status":"","ping_status":"","sticky":false,"template":"","format":"standard","meta":{"footnotes":""},"categories":[173],"tags":[229,2250,233,231,230,209,232,234,146,147,25,24,12326,23],"class_list":{"0":"post-20483","1":"post","2":"type-post","3":"status-publish","4":"format-standard","5":"has-post-thumbnail","7":"category-arte-y-diseno","8":"tag-arte","9":"tag-arte-en-menorca","10":"tag-arte-y-diseno","11":"tag-arts","12":"tag-arts-and-design","13":"tag-cultura","14":"tag-design","15":"tag-diseno","16":"tag-entertainment","17":"tag-entretenimiento","18":"tag-es","19":"tag-espana","20":"tag-pedro-martinez","21":"tag-spain"},"share_on_mastodon":{"url":"","error":""},"_links":{"self":[{"href":"https:\/\/www.europesays.com\/es\/wp-json\/wp\/v2\/posts\/20483","targetHints":{"allow":["GET"]}}],"collection":[{"href":"https:\/\/www.europesays.com\/es\/wp-json\/wp\/v2\/posts"}],"about":[{"href":"https:\/\/www.europesays.com\/es\/wp-json\/wp\/v2\/types\/post"}],"author":[{"embeddable":true,"href":"https:\/\/www.europesays.com\/es\/wp-json\/wp\/v2\/users\/2"}],"replies":[{"embeddable":true,"href":"https:\/\/www.europesays.com\/es\/wp-json\/wp\/v2\/comments?post=20483"}],"version-history":[{"count":0,"href":"https:\/\/www.europesays.com\/es\/wp-json\/wp\/v2\/posts\/20483\/revisions"}],"wp:featuredmedia":[{"embeddable":true,"href":"https:\/\/www.europesays.com\/es\/wp-json\/wp\/v2\/media\/20484"}],"wp:attachment":[{"href":"https:\/\/www.europesays.com\/es\/wp-json\/wp\/v2\/media?parent=20483"}],"wp:term":[{"taxonomy":"category","embeddable":true,"href":"https:\/\/www.europesays.com\/es\/wp-json\/wp\/v2\/categories?post=20483"},{"taxonomy":"post_tag","embeddable":true,"href":"https:\/\/www.europesays.com\/es\/wp-json\/wp\/v2\/tags?post=20483"}],"curies":[{"name":"wp","href":"https:\/\/api.w.org\/{rel}","templated":true}]}}