{"id":204853,"date":"2025-10-28T05:00:19","date_gmt":"2025-10-28T05:00:19","guid":{"rendered":"https:\/\/www.europesays.com\/es\/204853\/"},"modified":"2025-10-28T05:00:19","modified_gmt":"2025-10-28T05:00:19","slug":"atletico-de-madrid-las-notas-de-los-jugadores-el-dia-mas-gris-del-plan-y-de-lo-individual","status":"publish","type":"post","link":"https:\/\/www.europesays.com\/es\/204853\/","title":{"rendered":"Atl\u00e9tico de Madrid, las notas de los jugadores: el d\u00eda m\u00e1s gris del plan y de lo individual"},"content":{"rendered":"<p>27\/10\/2025<br \/>\n<br \/><strong><br \/>\nActualizado a las 23:44h.<br \/>\n<\/strong><\/p>\n<p class=\"voc-save-news__paragraph\">Esta funcionalidad es s\u00f3lo para suscriptores<\/p>\n<p><a href=\"https:\/\/secure.abc.es\/suscripcion#vca=suscribete&amp;vso=abcdesevilla&amp;vmc=on&amp;vli=comentarios-btn-flujo\" data-voc-vtm-id=\"comienzoSuscripcionON\" data-voc-vtm-info=\"btncomentar\" class=\"voc-btn voc-btn--w voc-btn--xs voc-save-news__btn\" rel=\"nofollow noopener\" target=\"_blank\"><br \/>\nSuscribete<br \/>\n<\/a><\/p>\n<p class=\"voc-p\" style=\"\">Una pobre versi\u00f3n del <strong>Betis<\/strong> ante el muro de Diego Simeone. <strong>Un Atl\u00e9tico<\/strong> que supo rentabilizar ese tempranero gol de Giuliano Simeone para hacer el partido que m\u00e1s le gusta. La presi\u00f3n en campo contrario que busc\u00f3 Pellegrini con Amrabat, Roca y Fornals  &#8230; en la medular qued\u00f3 en nada y los colchoneros ampliaron la ventaja antes del intermedio, tras disfrutar de varias ocasiones de gol al espacio.<\/p>\n<p class=\"voc-p\" style=\"\"><strong>La entrada de Lo Celso activ\u00f3 al Betis<\/strong>, pero tampoco estaba la noche para grandes florituras. Si adem\u00e1s el larguero evit\u00f3 el gol de Abde, Oblak se acabar\u00eda agigantando para acabar con cualquier posible reacci\u00f3n. Un 0-2 que baja al Betis de la nube, despu\u00e9s de quedarse sin marcar tras muchas jornadas seguidas en LaLiga.<\/p>\n<p>As\u00ed jugaron los futbolistas del Betis<\/p>\n<p><img decoding=\"async\" loading=\"lazy\" src=\"https:\/\/www.europesays.com\/es\/wp-content\/uploads\/2025\/10\/pau-lopez-bien-U76282212165lYD-198x111@diario_abc.jpg\" class=\"voc-img\" width=\"198\" height=\"111\" alt=\"Imagen principal - APROBADO\"\/><\/p>\n<p class=\"voc-pretitle\">PAU L\u00d3PEZ<\/p>\n<p>APROBADO<\/p>\n<p class=\"voc-p\">Una buena parada a Nico y poco que hacer en los goles de Giuliano y Baena. Sin trabajo tras el intermedio.<\/p>\n<p><img decoding=\"async\" loading=\"lazy\" src=\"https:\/\/www.europesays.com\/es\/wp-content\/uploads\/2025\/10\/bellerin-22-U88618658577cRu-198x111@diario_abc.jpg\" class=\"voc-img\" width=\"198\" height=\"111\" alt=\"Imagen principal - SUSPENSO\"\/><\/p>\n<p class=\"voc-pretitle\">BELLER\u00cdN<\/p>\n<p>SUSPENSO<\/p>\n<p class=\"voc-p\">No tuvo su mejor noche, ya fuera por mala suerte como en el 0-1 o por el pobre balance defensivo del equipo, pero el peligro lleg\u00f3 por su ala. <\/p>\n<p><img decoding=\"async\" loading=\"lazy\" src=\"https:\/\/www.europesays.com\/es\/wp-content\/uploads\/2025\/10\/bartra-betis-laliga-U62352652713Wrm-198x111@diario_abc.jpg\" class=\"voc-img\" width=\"198\" height=\"111\" alt=\"Imagen principal - APROBADO\"\/><\/p>\n<p class=\"voc-pretitle\">BARTRA<\/p>\n<p>APROBADO<\/p>\n<p class=\"voc-p\">Busc\u00f3 la anticipaci\u00f3n y defender muy arriba. No fue su mejor d\u00eda con los balones en largo.<\/p>\n<p><img decoding=\"async\" loading=\"lazy\" src=\"https:\/\/www.europesays.com\/es\/wp-content\/uploads\/2025\/10\/natan-betis-laliga_20251027172832-U55657588241YXP-198x111@diario_abc.jpg\" class=\"voc-img\" width=\"198\" height=\"111\" alt=\"Imagen principal - APROBADO\"\/><\/p>\n<p class=\"voc-pretitle\">NATAN<\/p>\n<p>APROBADO<\/p>\n<p class=\"voc-p\">El Hulk de la zaga b\u00e9tica quiso estar en todos lados, aunque no siempre con acierto.<\/p>\n<p><img decoding=\"async\" loading=\"lazy\" src=\"https:\/\/www.europesays.com\/es\/wp-content\/uploads\/2025\/10\/ricardo-betis-laliga-U07213612337MOZ-198x111@diario_abc.jpg\" class=\"voc-img\" width=\"198\" height=\"111\" alt=\"Imagen principal - SUSPENSO\"\/><\/p>\n<p class=\"voc-pretitle\">RICARDO<\/p>\n<p>SUSPENSO<\/p>\n<p class=\"voc-p\">La potencia de Giuliano lo puso en dificultades y tampoco ayud\u00f3 a Abde en ataque. <\/p>\n<p><img decoding=\"async\" loading=\"lazy\" src=\"https:\/\/www.europesays.com\/es\/wp-content\/uploads\/2025\/10\/amrabat-betis-abc-U64122728676FkF-198x111@diario_abc.jpeg\" class=\"voc-img\" width=\"198\" height=\"111\" alt=\"Imagen principal - BIEN\"\/><\/p>\n<p class=\"voc-pretitle\">AMRABAT<\/p>\n<p>BIEN<\/p>\n<p class=\"voc-p\">El salvavidas de sus compa\u00f1eros, el \u00fanico que fue capaz de correr hacia atr\u00e1s, pero demasiado solo.<\/p>\n<p><img decoding=\"async\" loading=\"lazy\" src=\"https:\/\/www.europesays.com\/es\/wp-content\/uploads\/2025\/10\/marc-roca-betis-laliga-U43382835086xgz-198x111@diario_abc.jpg\" class=\"voc-img\" width=\"198\" height=\"111\" alt=\"Imagen principal - APROBADO\"\/><\/p>\n<p class=\"voc-pretitle\">MARC ROCA<\/p>\n<p>APROBADO<\/p>\n<p class=\"voc-p\">El catal\u00e1n ayud\u00f3 en esa presi\u00f3n en campo contrario que busc\u00f3 el Betis tras encajar el 0-1. Cambiado al descanso para buscar m\u00e1s verticalidad con Lo Celso.<\/p>\n<p><img decoding=\"async\" loading=\"lazy\" src=\"https:\/\/www.europesays.com\/es\/wp-content\/uploads\/2025\/10\/antony-betis-laliga-U11528613711IUt-198x111@diario_abc.jpg\" class=\"voc-img\" width=\"198\" height=\"111\" alt=\"Imagen principal - SUSPENSO\"\/><\/p>\n<p class=\"voc-pretitle\">ANTONY<\/p>\n<p>SUSPENSO<\/p>\n<p class=\"voc-p\">Esta vez no lo rescat\u00f3 su golpeo con la zurda. En un d\u00eda grande, el Betis necesitaba la versi\u00f3n que desborda y no la de la protesta.<\/p>\n<p><img decoding=\"async\" loading=\"lazy\" src=\"https:\/\/www.europesays.com\/es\/wp-content\/uploads\/2025\/10\/fornals-betis-laliga-U14784571153Adf-198x111@diario_abc.jpg\" class=\"voc-img\" width=\"198\" height=\"111\" alt=\"Imagen principal - APROBADO\"\/><\/p>\n<p class=\"voc-pretitle\">FORNALS<\/p>\n<p>APROBADO<\/p>\n<p class=\"voc-p\">Le cost\u00f3 moverse en la mediapunta, pese a su esfuerzo en la presi\u00f3n. Con la entrada de Lo Celso encontr\u00f3 un socio hasta que le aguantaron las fuerzas.<\/p>\n<p><img decoding=\"async\" loading=\"lazy\" src=\"https:\/\/www.europesays.com\/es\/wp-content\/uploads\/2025\/10\/abde-betis-laliga-U65354500638mIb-198x111@diario_abc.jpg\" class=\"voc-img\" width=\"198\" height=\"111\" alt=\"Imagen principal - BIEN\"\/><\/p>\n<p class=\"voc-pretitle\">ABDE<\/p>\n<p>BIEN<\/p>\n<p class=\"voc-p\">Le toc\u00f3 bailar con la m\u00e1s fea, pero no se arrug\u00f3 y busc\u00f3 sumar. Un golpeo de falta que se estrell\u00f3 en el larguero.<\/p>\n<p><img decoding=\"async\" loading=\"lazy\" src=\"https:\/\/www.europesays.com\/es\/wp-content\/uploads\/2025\/10\/cucho-betis-laliga-U67848120770rxe-198x111@diario_abc.jpg\" class=\"voc-img\" width=\"198\" height=\"111\" alt=\"Imagen principal - APROBADO\"\/><\/p>\n<p class=\"voc-pretitle\">CUCHO HERN\u00c1NDEZ<\/p>\n<p>APROBADO<\/p>\n<p class=\"voc-p\">Peque\u00f1ito pero mat\u00f3n, se faj\u00f3 con todos, aunque esta vez le falt\u00f3 una d\u00e9cima de segundo para sorprender.<\/p>\n<p><img decoding=\"async\" loading=\"lazy\" src=\"https:\/\/www.europesays.com\/es\/wp-content\/uploads\/2025\/10\/LOCELSO.jpg-U23041861350uIf-198x111@diario_abc.jpg\" class=\"voc-img\" width=\"198\" height=\"111\" alt=\"Imagen principal - APROBADO\"\/><\/p>\n<p class=\"voc-pretitle\">LO CELSO<\/p>\n<p>APROBADO<\/p>\n<p class=\"voc-p\">Su entrada reactiv\u00f3 al Betis, con sus pases filtrados, aunque se fue apagando sin ese gol que inyectase energ\u00eda al equipo.<\/p>\n<p><img decoding=\"async\" loading=\"lazy\" src=\"https:\/\/www.europesays.com\/es\/wp-content\/uploads\/2025\/10\/JUIOR_20251027223330-U12408345274isB-198x111@diario_abc.jpg\" class=\"voc-img\" width=\"198\" height=\"111\" alt=\"Imagen principal - SUSPENSO\"\/><\/p>\n<p class=\"voc-pretitle\">JUNIOR FIRPO<\/p>\n<p>SUSPENSO<\/p>\n<p class=\"voc-p\">Entr\u00f3 para buscar profundidad y ni se lo vio.<\/p>\n<p><img decoding=\"async\" loading=\"lazy\" src=\"https:\/\/www.europesays.com\/es\/wp-content\/uploads\/2025\/10\/RUIBAL-U31626342250NHt-198x111@diario_abc.jpg\" class=\"voc-img\" width=\"198\" height=\"111\" alt=\"Imagen principal - APROBADO\"\/><\/p>\n<p class=\"voc-pretitle\">AITOR<\/p>\n<p>APROBADO<\/p>\n<p class=\"voc-p\">Energ\u00eda y pelea en las disputas, aunque demasiado tarde ante un Atl\u00e9tico que ya defend\u00eda con todo.<\/p>\n<p><img decoding=\"async\" loading=\"lazy\" src=\"https:\/\/www.europesays.com\/es\/wp-content\/uploads\/2025\/10\/DEOSSA-U62548207511vjp-198x111@diario_abc.jpg\" class=\"voc-img\" width=\"198\" height=\"111\" alt=\"Imagen principal - APROBADO\"\/><\/p>\n<p class=\"voc-pretitle\">DEOSSA<\/p>\n<p>APROBADO<\/p>\n<p class=\"voc-p\">Le dio algo m\u00e1s de presencia al equipo, aunque no hab\u00eda demasiados espacios para sus conducciones.<\/p>\n<p><img decoding=\"async\" loading=\"lazy\" src=\"https:\/\/www.europesays.com\/es\/wp-content\/uploads\/2025\/10\/BAKAMBU-U87648414705GiG-198x111@diario_abc.jpg\" class=\"voc-img\" width=\"198\" height=\"111\" alt=\"Imagen principal - APROBADO\"\/><\/p>\n<p class=\"voc-pretitle\">BAKAMBU<\/p>\n<p>APROBADO<\/p>\n<p class=\"voc-p\">Tuvo presencia en el \u00e1rea, aunque la mejor ocasi\u00f3n se la sac\u00f3 Oblak con una gran mano.<\/p>\n<p><img decoding=\"async\" loading=\"lazy\" src=\"https:\/\/www.europesays.com\/es\/wp-content\/uploads\/2025\/10\/PELLEGRINI-U35618038726gxH-198x111@diario_abc.png\" class=\"voc-img\" width=\"198\" height=\"111\" alt=\"Imagen principal - SUSPENSO\"\/><\/p>\n<p class=\"voc-pretitle\">PELLEGRINI<\/p>\n<p>SUSPENSO<\/p>\n<p class=\"voc-p\">Simeone le gan\u00f3 la partida y tuvo que rectificar al intermedio con Lo Celso. Mal colocado su equipo en las transiciones defensivas.<\/p>\n<p class=\"voc-p\" style=\"\">As\u00ed jugaron los futbolistas del Betis contra el Atl\u00e9tico de Madrid.<\/p>\n<p><img loading=\"lazy\" decoding=\"async\" width=\"530\" height=\"64\" class=\"logo-premium\" src=\"data:image\/gif;base64,R0lGODlhAQABAAAAACH5BAEKAAEALAAAAAABAAEAAAICTAEAOw==\" alt=\"ABC Premium\"\/><br \/>\nL\u00edmite de sesiones alcanzadas<\/p>\n<ul class=\"listado\">\n<li>El acceso al contenido Premium est\u00e1 abierto por cortes\u00eda del establecimiento donde te encuentras, pero ahora mismo hay demasiados usuarios conectados a la vez. Por favor, int\u00e9ntalo pasados unos minutos.<\/li>\n<\/ul>\n<p>Volver a intentar<\/p>\n<p><img loading=\"lazy\" decoding=\"async\" width=\"530\" height=\"64\" class=\"logo-premium\" src=\"data:image\/gif;base64,R0lGODlhAQABAAAAACH5BAEKAAEALAAAAAABAAEAAAICTAEAOw==\" alt=\"ABC Premium\"\/><br \/>\nHas superado el l\u00edmite de sesiones<\/p>\n<ul class=\"listado\">\n<li>S\u00f3lo puedes tener tres sesiones iniciadas a la vez. Hemos cerrado la sesi\u00f3n m\u00e1s antigua para que sigas navegando sin l\u00edmites en el resto.<\/li>\n<\/ul>\n<p>Sigue navegando<\/p>\n<p>\nArt\u00edculo solo para suscriptores\n<\/p>\n<p>Reportar un error<\/p>\n<p class=\"voc-save-news__paragraph\">Esta funcionalidad es s\u00f3lo para suscriptores<\/p>\n<p><a href=\"https:\/\/secure.abc.es\/suscripcion#vca=suscribete&amp;vso=abcdesevilla&amp;vmc=on&amp;vli=comentarios-btn-flujo\" data-voc-vtm-id=\"comienzoSuscripcionON\" data-voc-vtm-info=\"btncomentar\" class=\"voc-btn voc-btn--w voc-btn--xs voc-save-news__btn\" rel=\"nofollow noopener\" target=\"_blank\"><br \/>\nSuscribete<br \/>\n<\/a><\/p>\n","protected":false},"excerpt":{"rendered":"27\/10\/2025 Actualizado a las 23:44h. Esta funcionalidad es s\u00f3lo para suscriptores Suscribete Una pobre versi\u00f3n del Betis ante&hellip;\n","protected":false},"author":2,"featured_media":204854,"comment_status":"","ping_status":"","sticky":false,"template":"","format":"standard","meta":{"footnotes":""},"categories":[93],"tags":[1517,291,168,25,24,2713,205,17754,23,167],"class_list":{"0":"post-204853","1":"post","2":"type-post","3":"status-publish","4":"format-standard","5":"has-post-thumbnail","7":"category-deportes","8":"tag-atletico","9":"tag-betis","10":"tag-deportes","11":"tag-es","12":"tag-espana","13":"tag-jugadores","14":"tag-madrid","15":"tag-notas","16":"tag-spain","17":"tag-sports"},"share_on_mastodon":{"url":"https:\/\/pubeurope.com\/@es\/115450035032977289","error":""},"_links":{"self":[{"href":"https:\/\/www.europesays.com\/es\/wp-json\/wp\/v2\/posts\/204853","targetHints":{"allow":["GET"]}}],"collection":[{"href":"https:\/\/www.europesays.com\/es\/wp-json\/wp\/v2\/posts"}],"about":[{"href":"https:\/\/www.europesays.com\/es\/wp-json\/wp\/v2\/types\/post"}],"author":[{"embeddable":true,"href":"https:\/\/www.europesays.com\/es\/wp-json\/wp\/v2\/users\/2"}],"replies":[{"embeddable":true,"href":"https:\/\/www.europesays.com\/es\/wp-json\/wp\/v2\/comments?post=204853"}],"version-history":[{"count":0,"href":"https:\/\/www.europesays.com\/es\/wp-json\/wp\/v2\/posts\/204853\/revisions"}],"wp:featuredmedia":[{"embeddable":true,"href":"https:\/\/www.europesays.com\/es\/wp-json\/wp\/v2\/media\/204854"}],"wp:attachment":[{"href":"https:\/\/www.europesays.com\/es\/wp-json\/wp\/v2\/media?parent=204853"}],"wp:term":[{"taxonomy":"category","embeddable":true,"href":"https:\/\/www.europesays.com\/es\/wp-json\/wp\/v2\/categories?post=204853"},{"taxonomy":"post_tag","embeddable":true,"href":"https:\/\/www.europesays.com\/es\/wp-json\/wp\/v2\/tags?post=204853"}],"curies":[{"name":"wp","href":"https:\/\/api.w.org\/{rel}","templated":true}]}}