{"id":204915,"date":"2025-10-28T06:06:12","date_gmt":"2025-10-28T06:06:12","guid":{"rendered":"https:\/\/www.europesays.com\/es\/204915\/"},"modified":"2025-10-28T06:06:12","modified_gmt":"2025-10-28T06:06:12","slug":"san-telmo-adquiere-un-diptico-de-esther-ferrer-de-la-serie-de-los-numeros-primos","status":"publish","type":"post","link":"https:\/\/www.europesays.com\/es\/204915\/","title":{"rendered":"San Telmo adquiere un d\u00edptico de Esther Ferrer de la serie de los n\u00fameros primos"},"content":{"rendered":"<p> Desde que San Telmo adquiri\u00f3 en 2010 por primera vez una obra de Esther Ferrer \u2013&#8217;Le fil du temps&#8217;\u2013, la peque\u00f1a colecci\u00f3n del Museo  &#8230; sobre la artista donostiarra se fue ampliando hasta la media docena de creaciones que recorr\u00edan su trayectoria. Sin embargo, en la colecci\u00f3n faltaba una l\u00ednea de trabajo fundamental en la carrera de Ferrer: alguna obra de la serie &#8216;Poema de los n\u00fameros primos&#8217;. La compra en la pasada edici\u00f3n de ARCO de la obra n\u00famero 40 viene a llenar ese vac\u00edo.<\/p>\n<p class=\"v-p\">Se trata de un d\u00edptico realizado en hilo y rotulador sobre lienzo, con unas dimensiones de 130 por 100 cent\u00edmetros cada pieza. En total, 2,60 metros de ancho por un metro de largo que actualmente permanece en Gordailua y que San Telmo espera mostrar al p\u00fablico a partir del pr\u00f3ximo a\u00f1o.<\/p>\n<p class=\"v-p\">Se trata, adem\u00e1s, de una de las \u00faltimas obras que al menos hasta comienzos de a\u00f1o hab\u00eda realizado Esther Ferrer (Donostia, 1937), que trabaja en distintos formatos y soportes de la serie &#8216;Poema de los n\u00fameros primos&#8217; desde los a\u00f1os 70. Los n\u00fameros primos son aquellos que tienen \u00fanicamente dos divisores positivos distintos: \u00e9l mismo y el 1, es decir, 2, 3, 5, 7, 11, 13, 17, 19, 23, 29, 31&#8230; <\/p>\n<p>Una serie pendiente de obra<\/p>\n<p class=\"v-p\">\u00abInicialmente, el museo no ten\u00eda intenci\u00f3n de comprar otra obra de Esther Ferrer en estos momentos\u00bb, explica la responsable de San Telmo. Sin embargo, \u00ab\u00e9ramos conscientes de que nos faltaba alguna obra de los n\u00fameros primos\u00bb. Ninguna de las propuestas que llegaron al museo convenci\u00f3 a sus responsables, pero este d\u00edptico \u00abnos llam\u00f3 la atenci\u00f3n porque tiene un tama\u00f1o muy potente. Es una pieza muy &#8216;museable&#8217; por sus dimensiones\u00bb, se\u00f1ala la directora del museo donostiarra.<\/p>\n<p><img decoding=\"async\" loading=\"lazy\" src=\"https:\/\/www.europesays.com\/es\/wp-content\/uploads\/2025\/10\/109845424-kprF-U24016401643VqE-650x455@Diario Vasco.jpg\" class=\"v-a-img\" width=\"650\" height=\"455\" alt=\"Detalle de 'Poema de los n\u00fameros primos' adquirida por San Telmo.\" data-voc-vtm-id=\"in-text-traffic\"\/><\/p>\n<p>Detalle de &#8216;Poema de los n\u00fameros primos&#8217; adquirida por San Telmo.<\/p>\n<p>MST<\/p>\n<p><img loading=\"lazy\" decoding=\"async\" src=\"https:\/\/www.europesays.com\/es\/wp-content\/uploads\/2025\/10\/109845424-kprF-U24016401643W4C-1920x1344@Diario Vasco.jpg\" class=\"v-mdl__img-z\" width=\"1920\" height=\"1344\" alt=\"\"\/><\/p>\n<p class=\"v-p\">Soto explica que los n\u00fameros est\u00e1n cosidos al lienzo, lo cual invita a exponerla de tal forma que el espectador la vea por los dos lados \u00abya que la parte posterior muestra perfectamente todo ese trabajo manual y artesanal\u00bb, lo cual convert\u00eda a la pieza en \u00abdiferente, original y muy significativa\u00bb dentro de la propia serie de los n\u00fameros primos. Adem\u00e1s, \u00aben el momento de la compra era la \u00faltima obra que hab\u00eda producido Esther porque en 2024 fue cuando la cre\u00f3. Nos pareci\u00f3 una obra que cerraba el ciclo de la representaci\u00f3n en San Telmo de esta artista y lo hac\u00eda adem\u00e1s con una pieza fundamental de una serie que nos faltaba\u00bb, indica Susana Soto.<\/p>\n<p class=\"v-p\">A pesar de que el punto en concreto en el que se expondr\u00e1 est\u00e1 a\u00fan por decidir, s\u00ed est\u00e1 claro que se instalar\u00e1 en la sala dedicada al arte vasco. \u00abEs verdad que ahora est\u00e1 la exposici\u00f3n que mont\u00f3 Peio Agirre &#8216;100 a\u00f1os. Lo moderno y\/o lo contempor\u00e1neo&#8217; que se ir\u00e1 renovando con la incorporaci\u00f3n de nuevas piezas. Aunque lo habitual es que las nuevas adquisiciones no se incorporen de inmediato a las exposiciones, sino que se aguarda a la renovaci\u00f3n de la muestra para que no altere su discurso, \u00aben el caso de Esther Ferrer s\u00ed nos planteamos estudiar de qu\u00e9 forma puede pasar antes a su exhibici\u00f3n al p\u00fablico\u00bb, algo que en todo caso no suceder\u00e1 antes de 2026.<\/p>\n<p class=\"v-p\">Aunque propiedad del museo donostiarra desde hace quince a\u00f1os, &#8216;Le fil du temps&#8217; no es f\u00e1cil de contemplar en San Telmo ya que se trata de \u00abuna de las piezas m\u00e1s viajeras que tenemos. Nos la han pedido para much\u00edsimos proyectos y exposiciones. Es una obra muy ic\u00f3nica y muy especial en la trayectoria de Esther por su car\u00e1cter escult\u00f3rico\u00bb. Posteriormente, San Telmo compr\u00f3 los autorretratos en impresi\u00f3n digital y en v\u00eddeo de la artista donostiarra, as\u00ed como piezas de la serie &#8216;En el marco del arte&#8217;, hasta un total de seis obras que ahora se ampl\u00eda a siete con este &#8216;Poema de los n\u00fameros primos 40&#8217;.<\/p>\n<p>La obra en cer\u00e1mica en la plaza elevada del TAV, para comienzos de a\u00f1o<\/p>\n<p class=\"v-p\">\nLa futura plaza elevada anexa a la fachada posterior del centro Tabakalera acoger\u00e1 a comienzos del pr\u00f3ximo a\u00f1o otra obra de Esther Ferrer, perteneciente a su serie &#8216;Poema de los n\u00fameros primos&#8217;, que ser\u00e1 su primera instalaci\u00f3n permanente. La obra, de entre doce y quince metros cuadrados de superficie, est\u00e1 conformada por 7.360 piezas de cer\u00e1mica verdes, azules, doradas y blancas, que se colocar\u00e1n en el pavimento de la plaza elevada sobre la nueva estaci\u00f3n del TAV en Donostia. Aunque la instalaci\u00f3n de la compleja obra, donada por la artista al Ayuntamiento donostiarra comenzar\u00e1 a finales de este a\u00f1o, la apertura al p\u00fablico de la plaza no tendr\u00e1 lugar hasta finales de enero, seg\u00fan las previsiones. \u00c9sta ser\u00e1 la primera instalaci\u00f3n permanente que realiza Ferrer, al margen de la que llev\u00f3 a cabo para el Artium de Vitoria en 2003, &#8216;N\u00fameros primos&#8217;, compuesta por 10.000 piezas de cer\u00e1mica, posteriormente reubicada. Esther Ferrer ya fue la encargada de inaugurar en 2019 la nueva sala de exposiciones de Tabakalera con la muestra &#8216;2, 3, 5, 7, 11, 13, 17, 19, 23&#8230;&#8217;.<\/p>\n","protected":false},"excerpt":{"rendered":"Desde que San Telmo adquiri\u00f3 en 2010 por primera vez una obra de Esther Ferrer \u2013&#8217;Le fil du&hellip;\n","protected":false},"author":2,"featured_media":204916,"comment_status":"","ping_status":"","sticky":false,"template":"","format":"standard","meta":{"footnotes":""},"categories":[173],"tags":[229,233,231,230,232,234,146,147,25,1246,24,5975,25762,2228,23,29982],"class_list":{"0":"post-204915","1":"post","2":"type-post","3":"status-publish","4":"format-standard","5":"has-post-thumbnail","7":"category-arte-y-diseno","8":"tag-arte","9":"tag-arte-y-diseno","10":"tag-arts","11":"tag-arts-and-design","12":"tag-design","13":"tag-diseno","14":"tag-entertainment","15":"tag-entretenimiento","16":"tag-es","17":"tag-escultura","18":"tag-espana","19":"tag-esther","20":"tag-ferrer","21":"tag-san","22":"tag-spain","23":"tag-telmo"},"share_on_mastodon":{"url":"https:\/\/pubeurope.com\/@es\/115450294188955059","error":""},"_links":{"self":[{"href":"https:\/\/www.europesays.com\/es\/wp-json\/wp\/v2\/posts\/204915","targetHints":{"allow":["GET"]}}],"collection":[{"href":"https:\/\/www.europesays.com\/es\/wp-json\/wp\/v2\/posts"}],"about":[{"href":"https:\/\/www.europesays.com\/es\/wp-json\/wp\/v2\/types\/post"}],"author":[{"embeddable":true,"href":"https:\/\/www.europesays.com\/es\/wp-json\/wp\/v2\/users\/2"}],"replies":[{"embeddable":true,"href":"https:\/\/www.europesays.com\/es\/wp-json\/wp\/v2\/comments?post=204915"}],"version-history":[{"count":0,"href":"https:\/\/www.europesays.com\/es\/wp-json\/wp\/v2\/posts\/204915\/revisions"}],"wp:featuredmedia":[{"embeddable":true,"href":"https:\/\/www.europesays.com\/es\/wp-json\/wp\/v2\/media\/204916"}],"wp:attachment":[{"href":"https:\/\/www.europesays.com\/es\/wp-json\/wp\/v2\/media?parent=204915"}],"wp:term":[{"taxonomy":"category","embeddable":true,"href":"https:\/\/www.europesays.com\/es\/wp-json\/wp\/v2\/categories?post=204915"},{"taxonomy":"post_tag","embeddable":true,"href":"https:\/\/www.europesays.com\/es\/wp-json\/wp\/v2\/tags?post=204915"}],"curies":[{"name":"wp","href":"https:\/\/api.w.org\/{rel}","templated":true}]}}