{"id":204917,"date":"2025-10-28T06:08:11","date_gmt":"2025-10-28T06:08:11","guid":{"rendered":"https:\/\/www.europesays.com\/es\/204917\/"},"modified":"2025-10-28T06:08:11","modified_gmt":"2025-10-28T06:08:11","slug":"que-ver-hoy-en-netflix-la-adictiva-miniserie-sobre-un-terrorifico-caso-real-de-asesinatos-a-parejas-que-arrasa-en-el-top-1","status":"publish","type":"post","link":"https:\/\/www.europesays.com\/es\/204917\/","title":{"rendered":"Qu\u00e9 ver hoy en Netflix: la adictiva miniserie sobre un terror\u00edfico caso real de asesinatos a parejas que arrasa en el top 1"},"content":{"rendered":"<p><img fetchpriority=\"high\" class=\"v-a-img\" src=\"https:\/\/www.europesays.com\/es\/wp-content\/uploads\/2025\/10\/netflix-serie-kCDE-U24014649302prD-1200x840@Las Provincias.jpg\" loading=\"eager\" decoding=\"async\" alt=\"'El Monstruo de Florencia', la miniserie que arrasa en lo m\u00e1s visto de Netflix.\"  width=\"1200\" height=\"840\"\/><\/p>\n<p>&#8216;El Monstruo de Florencia&#8217;, la miniserie que arrasa en lo m\u00e1s visto de Netflix.          Netflix        <\/p>\n<p>Con tan solo cuatro episodios, la producci\u00f3n italiana se ha convertido en lo m\u00e1s visto en la plataforma de &#8216;streaming&#8217;<\/p>\n<p><a class=\"v-mdl-ath__fig-a\" href=\"https:\/\/www.lasprovincias.es\/autor\/tamara-villena-3279.html\" title=\"Tamara Villena\" rel=\"nofollow noopener\" target=\"_blank\"><br \/>\n<img decoding=\"async\" class=\"v-mdl-ath__img\" src=\"https:\/\/www.europesays.com\/es\/wp-content\/uploads\/2025\/09\/1757147648_165_autor-3279-foto-2.jpeg\" alt=\"Tamara Villena\"\/><br \/>\n<\/a><\/p>\n<p class=\"v-mdl-ath__p v-mdl-ath__p--6\">\nMartes, 28 de octubre 2025, 01:19<\/p>\n<p class=\"v-p\">No hay duda de que entre los<a href=\"https:\/\/www.lasprovincias.es\/sociedad\/mundo-viral\/netflix-confirma-llegada-nuevo-servicio-plataforma-20251017131537-nt.html\" data-voc-vtm-id=\"in-text-traffic\" title=\" espectadores de Netflix \" rel=\"nofollow noopener\" target=\"_blank\"> espectadores de Netflix <\/a>arrasa el &#8216;true crime&#8217; y la plataforma de &#8216;streaming&#8217; no pierde el tiempo a la hora de apostar por el contenido que m\u00e1s funciona entre su audiencia. Su cat\u00e1logo est\u00e1 repleto de t\u00edtulos de &#8216;thriller&#8217;, drama o suspense, con una amplia variedad de producciones que indagan en cr\u00edmenes basados en casos reales. En Espa\u00f1a ya se han adaptado algunos en ficciones como &#8216;El cuerpo en llamas&#8217;, &#8216;El caso Asunta&#8217; o &#8216;La viuda negra&#8217;, y documentales como &#8216;El caso Alc\u00e0sser&#8217;. <\/p>\n<p class=\"v-p\">Ahora llega el turno de Italia, que se suma a los &#8216;true crime&#8217; m\u00e1s exitosos de <a href=\"https:\/\/www.lasprovincias.es\/culturas\/tv\/stranger-things-final-duracion-20251014185354-nt.html\" data-voc-vtm-id=\"in-text-traffic\" title=\"Netflix \" rel=\"nofollow noopener\" target=\"_blank\">Netflix <\/a>para ampliar un repertorio en el que tambi\u00e9n destacan otros como &#8216;Conversaciones con asesinos: Las cintas de Ted Bundy&#8217; o la m\u00e1s reciente entrega de &#8216;Monstruos&#8217;, con Ed Gein. La miniserie &#8216;El Monstruo de Florencia&#8217; se estren\u00f3 el pasado mi\u00e9rcoles 22 de octubre y consegu\u00eda situarse entre lo m\u00e1s visto de la plataforma en pocos d\u00edas.<\/p>\n<p class=\"v-p\">La producci\u00f3n recrea el caso real de Il Mostro di Firenze, como se apod\u00f3 en los medios italianos al asesino detr\u00e1s de los escalofriantes asesinatos que aterrorizaron a Italia durante casi dos d\u00e9cadas, entre 1968 y 1985. <\/p>\n<p><a href=\"http:\/\/www.lasprovincias.es\/culturas\/tv\/netflix-rueda-serie-basada-podcast-sobre-ferrandiz-20251022115603-ntrc.html#vtm_modulosEngag=mod-rel:culturas:noticia:1:cmp:1-not\" class=\"v-a-link\" aria-label=\"Imagen\" rel=\"nofollow noopener\" target=\"_blank\"><\/p>\n<p><img decoding=\"async\" loading=\"lazy\" src=\"https:\/\/www.europesays.com\/es\/wp-content\/uploads\/2025\/10\/RC-kME-U23034587240462VG-366x256@RC.jpg\" class=\"v-a-img\" width=\"258\" height=\"180\" alt=\"\" data-voc-vtm-id=\"in-text-traffic\"\/><\/p>\n<p><\/a><\/p>\n<p class=\"v-p\">La miniserie reconstruye en cuatro episodios los macabros cr\u00edmenes a a varias parejas j\u00f3venes que fueron halladas muertas a las afueras de Florencia, todas en circunstancias muy parecidas: en sus coches, en lugares apartados y tiroteados con la misma pistola, una Beretta calibre 22. Adem\u00e1s, en algunos casos los cuerpos de las mujeres aparec\u00edan mutilados, lo que aument\u00f3 la psicosis colectiva y la desesperaci\u00f3n por encontrar al responsable. <\/p>\n<p class=\"v-p\">Dirigida por Stefano Sollima y creada junto a Leonardo Fasoli, la miniserie recrea de forma minuciona los cr\u00edmenes y hace un exhaustivo repaso por la investigaci\u00f3n de los hechos, analizando los fallos y aciertos de un suceso tan impactante que ha enganchado a los espectadores de la plataforma a la reci\u00e9n llegada producci\u00f3n. <\/p>\n<p class=\"v-p\">i<\/p>\n<p>Reporta un error<\/p>\n","protected":false},"excerpt":{"rendered":"&#8216;El Monstruo de Florencia&#8217;, la miniserie que arrasa en lo m\u00e1s visto de Netflix. Netflix Con tan solo&hellip;\n","protected":false},"author":2,"featured_media":204918,"comment_status":"","ping_status":"","sticky":false,"template":"","format":"standard","meta":{"footnotes":""},"categories":[171],"tags":[56075,7200,1154,146,147,25,24,315,23469,152,722,798,57,23,34964,1720,214,809],"class_list":{"0":"post-204917","1":"post","2":"type-post","3":"status-publish","4":"format-standard","5":"has-post-thumbnail","7":"category-tv","8":"tag-adictiva","9":"tag-arrasa","10":"tag-asesinatos","11":"tag-entertainment","12":"tag-entretenimiento","13":"tag-es","14":"tag-espana","15":"tag-hoy","16":"tag-miniserie","17":"tag-netflix","18":"tag-parejas","19":"tag-real","20":"tag-sobre","21":"tag-spain","22":"tag-terrorifico","23":"tag-top","24":"tag-tv","25":"tag-ver"},"share_on_mastodon":{"url":"https:\/\/pubeurope.com\/@es\/115450302062761267","error":""},"_links":{"self":[{"href":"https:\/\/www.europesays.com\/es\/wp-json\/wp\/v2\/posts\/204917","targetHints":{"allow":["GET"]}}],"collection":[{"href":"https:\/\/www.europesays.com\/es\/wp-json\/wp\/v2\/posts"}],"about":[{"href":"https:\/\/www.europesays.com\/es\/wp-json\/wp\/v2\/types\/post"}],"author":[{"embeddable":true,"href":"https:\/\/www.europesays.com\/es\/wp-json\/wp\/v2\/users\/2"}],"replies":[{"embeddable":true,"href":"https:\/\/www.europesays.com\/es\/wp-json\/wp\/v2\/comments?post=204917"}],"version-history":[{"count":0,"href":"https:\/\/www.europesays.com\/es\/wp-json\/wp\/v2\/posts\/204917\/revisions"}],"wp:featuredmedia":[{"embeddable":true,"href":"https:\/\/www.europesays.com\/es\/wp-json\/wp\/v2\/media\/204918"}],"wp:attachment":[{"href":"https:\/\/www.europesays.com\/es\/wp-json\/wp\/v2\/media?parent=204917"}],"wp:term":[{"taxonomy":"category","embeddable":true,"href":"https:\/\/www.europesays.com\/es\/wp-json\/wp\/v2\/categories?post=204917"},{"taxonomy":"post_tag","embeddable":true,"href":"https:\/\/www.europesays.com\/es\/wp-json\/wp\/v2\/tags?post=204917"}],"curies":[{"name":"wp","href":"https:\/\/api.w.org\/{rel}","templated":true}]}}