{"id":204919,"date":"2025-10-28T06:10:13","date_gmt":"2025-10-28T06:10:13","guid":{"rendered":"https:\/\/www.europesays.com\/es\/204919\/"},"modified":"2025-10-28T06:10:13","modified_gmt":"2025-10-28T06:10:13","slug":"christopher-nolan-elige-las-dos-mejores-peliculas-de-la-ultima-decada-son-hermosas","status":"publish","type":"post","link":"https:\/\/www.europesays.com\/es\/204919\/","title":{"rendered":"Christopher Nolan elige las dos mejores pel\u00edculas de la \u00faltima d\u00e9cada: \u00abSon hermosas\u00bb"},"content":{"rendered":"<p data-journey-content=\"true\" data-node-id=\"3\" class=\"css-6wxqfj emevuu60\"><strong data-node-id=\"3.0\">El Oscar conquistado en 2024 por parte del director brit\u00e1nicoestadounidense Christopher Nolan en la categor\u00eda de Mejor director, gracias a su impresionante trabajo tras las c\u00e1maras en \u2018Oppenheimer\u2019 (2023)<\/strong>, supuso la consolidaci\u00f3n definitiva para un cineasta que llevaba dos d\u00e9cadas asombrando a la audiencia, a la cr\u00edtica especializada, y a sus propios compa\u00f1eros dentro de la industria cinematogr\u00e1fica de Hollywood.<\/p>\n<p><img draggable=\"true\" alt=\"premios oscar 2024 christopher nolan\" title=\"premios oscar 2024 christopher nolan\" loading=\"lazy\" width=\"4000\" height=\"2667\" decoding=\"async\" data-nimg=\"1\" style=\"color:transparent;width:100%;height:auto;\"   src=\"https:\/\/www.europesays.com\/es\/wp-content\/uploads\/2025\/10\/premios-oscar-2024-christopher-nolan-65eeaa9161c80.jpg\" class=\"css-0 e1g79fud0\"\/><\/p>\n<p>Getty Images<\/p>\n<p data-journey-content=\"true\" data-node-id=\"8\" class=\"css-6wxqfj emevuu60\">Christopher Nolan comenz\u00f3 su andadura cinematogr\u00e1fica con \u2018Memento\u2019 (2000), <strong data-node-id=\"8.1\">un filme de cine independiente basado en el cuento \u2018Memento Mori\u2019, escrito por su propio hermano, el guionista Jonathan Nolan<\/strong>. El filme aborda la historia de Leonard, un detective que trabaja para una aseguradora, quien pierde la memoria a corto plazo tras golpearse en la cabeza cuando trataba de evitar el asesinato de su mujer. A partir de ese momento, intentar\u00e1 desentra\u00f1ar la identidad del asesino utilizando una c\u00e1mara de fotos y tatu\u00e1ndose notas en el cuerpo que le ayudan a retener la informaci\u00f3n. Tras su estreno, la cinta fue ampliamente aclamada por la cr\u00edtica a pesar de su exigua financiaci\u00f3n, y facilit\u00f3 que el director pudiera volver a ponerse tras la c\u00e1mara en \u2018Insomnio\u2019 (2002). <\/p>\n<p><img draggable=\"true\" alt=\"oppenheimer\" title=\"oppenheimer\" loading=\"lazy\" width=\"1600\" height=\"2400\" decoding=\"async\" data-nimg=\"1\" style=\"color:transparent;width:100%;height:auto;\"   src=\"https:\/\/www.europesays.com\/es\/wp-content\/uploads\/2025\/10\/oppenheimer-67eef5aff30ae.jpg\" class=\"css-0 e1g79fud0\"\/><\/p>\n<p>Universal<\/p>\n<p data-journey-content=\"true\" data-node-id=\"11\" class=\"css-6wxqfj emevuu60\">Desde entonces, <strong data-node-id=\"11.1\">el director se ha especializado en dirigir pel\u00edculas de dimensiones colosales con presupuestos enormes<\/strong>, dejando atr\u00e1s el romanticismo de sus comienzos, tal y como \u00e9l mismo se\u00f1al\u00f3: \u201cMe atrae trabajar a gran escala porque s\u00e9 lo fr\u00e1gil que es la oportunidad de gestionar esos recursos. <strong data-node-id=\"11.3\">S\u00e9 que hay much\u00edsimos cineastas en el mundo que dar\u00edan lo que fuera por tener los recursos que he reunido, y siento que tengo la responsabilidad de usarlos de la manera m\u00e1s productiva e interesante<\/strong>\u201d.<\/p>\n<p>No te pierdas esto<a data-theme-key=\"base-link\" href=\"#\" class=\"e1fx7w0v5 css-xorst3 e1c1bym14\">Reg\u00edstrate para recibir contenido personalizado<img decoding=\"async\" data-dynamic-svg=\"true\" src=\"https:\/\/www.fotogramas.es\/_assets\/design-tokens\/fre\/static\/icons\/arrow-right-regular.e879c19.svg?primary=%2523000000\" loading=\"lazy\" data-testid=\"dynamic-svg-base\" height=\"auto\" width=\"100%\" alt=\"\" class=\"css-13htjwu e1fx7w0v1\"\/><\/a><img draggable=\"true\" alt=\"la odisea\" title=\"la odisea\" loading=\"lazy\" width=\"2500\" height=\"3767\" decoding=\"async\" data-nimg=\"1\" style=\"color:transparent;width:100%;height:auto;\"   src=\"https:\/\/www.europesays.com\/es\/wp-content\/uploads\/2025\/10\/la-odisea-matt-damon-6891ca9743354.jpg\" class=\"css-0 e1g79fud0\"\/><\/p>\n<p>Universal<\/p>\n<p data-journey-content=\"true\" data-node-id=\"16\" class=\"css-6wxqfj emevuu60\">No obstante, Nolan contin\u00faa teniendo un gran apetito por el cine independiente de pocos recursos, y de hecho, cuando el director fue preguntado <a href=\"https:\/\/time.com\/collection\/time100-leadership-series\/6589108\/christopher-nolan-oppenheimer-oscars-interview\/\" target=\"_blank\" data-vars-ga-outbound-link=\"https:\/\/time.com\/collection\/time100-leadership-series\/6589108\/christopher-nolan-oppenheimer-oscars-interview\/\" data-vars-ga-ux-element=\"Hyperlink\" data-vars-ga-call-to-action=\"en una entrevista concedida a la revista \u2018Time\u2019 en enero de 2024\" data-node-id=\"16.1\" class=\"body-link css-d2so5l emevuu60\" rel=\"nofollow noopener\">en una entrevista concedida a la revista \u2018Time\u2019 en enero de 2024<\/a> sobre sus pel\u00edculas recientes favoritas, se\u00f1al\u00f3 dos t\u00edtulos de la productora A24 que considera, por tanto, las dos mejores pel\u00edculas de la \u00faltima d\u00e9cada. El primero de ellos fue \u2018Vidas pasadas\u2019 (2023), de Celine Song \u2014disponible para su alquiler o compra en las plataformas de <a href=\"https:\/\/go.redirectingat.com?id=86370X1538911&amp;url=https%3A%2F%2Fwww.primevideo.com%2Fdetail%3Fcamp%3D1789%26gti%3Damzn1.dv.gti.a9abf813-81fb-4886-9a1b-614677cacbbd%26linkCode%3Dxm2%26tag%3Djustesejhd-21\" target=\"_blank\" data-vars-ga-outbound-link=\"https:\/\/www.primevideo.com\/detail?camp=1789&amp;gti=amzn1.dv.gti.a9abf813-81fb-4886-9a1b-614677cacbbd&amp;linkCode=xm2&amp;tag=justesejhd-21\" data-vars-ga-ux-element=\"Hyperlink\" data-vars-ga-call-to-action=\"Prime Video\" data-vars-ga-product-id=\"6da41ae7-3ffa-4211-b1c1-0e79ef232bde\" rel=\"nofollow noopener\" data-node-id=\"16.3\" data-href=\"https:\/\/www.primevideo.com\/detail?camp=1789&amp;gti=amzn1.dv.gti.a9abf813-81fb-4886-9a1b-614677cacbbd&amp;linkCode=xm2&amp;tag=justesejhd-21\" data-product-url=\"https:\/\/www.primevideo.com\/detail?camp=1789&amp;gti=amzn1.dv.gti.a9abf813-81fb-4886-9a1b-614677cacbbd&amp;linkCode=xm2&amp;tag=justesejhd-21\" data-affiliate=\"true\" data-affiliate-url=\"https:\/\/go.redirectingat.com?id=86370X1538911&amp;url=https%3A%2F%2Fwww.primevideo.com%2Fdetail%3Fcamp%3D1789%26gti%3Damzn1.dv.gti.a9abf813-81fb-4886-9a1b-614677cacbbd%26linkCode%3Dxm2%26tag%3Djustesejhd-21\" data-affiliate-network=\"{&quot;site_id&quot;:&quot;3c00cb97-6546-41a3-a3a3-5267346b0847&quot;,&quot;metadata&quot;:null,&quot;network&quot;:{&quot;name&quot;:&quot;Skimlinks&quot;},&quot;product_metadata&quot;:null,&quot;afflink_redirect&quot;:&quot;\/_p\/afflink\/z6DA\/primevideo-vidas-pasadas&quot;}\" data-vars-ga-product-price=\"0,00\u00a0$\" data-vars-ga-product-retailer-id=\"27bad464-071a-4503-92b7-b5c2df06bec8\" data-vars-ga-link-treatment=\"(not set) | (not set)\" class=\"body-link product-links css-d2so5l e1aq0z090\">Prime Video<\/a> y de <a href=\"https:\/\/www.rakuten.tv\/es?from=justwatch&amp;content_type=movies&amp;content_id=vidas-pasadas\" target=\"_blank\" data-vars-ga-outbound-link=\"https:\/\/www.rakuten.tv\/es?from=justwatch&amp;content_type=movies&amp;content_id=vidas-pasadas\" data-vars-ga-ux-element=\"Hyperlink\" data-vars-ga-call-to-action=\"Rakuten TV\" data-node-id=\"16.5\" class=\"body-link css-d2so5l emevuu60\" rel=\"nofollow noopener\">Rakuten TV<\/a>\u2014 a la que describi\u00f3 como una pel\u00edcula \u201c<strong data-node-id=\"16.7\">sutil, de una manera hermosa<\/strong>\u201d. En ella se aborda la vida de una inmigrante surcoreana que vive en Nueva York, y que de pronto vuelve a entablar relaci\u00f3n con su novio de la adolescencia, quien pretende volver a verla.<\/p>\n<p><img draggable=\"true\" alt=\"vidas pasadas\" title=\"vidas pasadas\" loading=\"lazy\" width=\"2000\" height=\"3000\" decoding=\"async\" data-nimg=\"1\" style=\"color:transparent;width:100%;height:auto;\"   src=\"https:\/\/www.europesays.com\/es\/wp-content\/uploads\/2025\/10\/vidas-pasadas-poster-676dede698a22.jpg\" class=\"css-0 e1g79fud0\"\/><\/p>\n<p>El\u00e1stica Films<\/p>\n<p data-journey-content=\"true\" data-node-id=\"19\" class=\"css-6wxqfj emevuu60\">El segundo t\u00edtulo fue \u2018Aftersun\u2019 (2022), de Charlotte Wells \u2014<a href=\"https:\/\/clk.tradedoubler.com\/click?p=357743&amp;a=3281855&amp;epi=fotoes|xid:{xid}&amp;url=https%3A%2F%2Fwww.movistarplus.es%2Fcine%2Faftersun%2Fficha%3Ftipo%3DE%26id%3D2192385\" target=\"_blank\" data-vars-ga-outbound-link=\"https:\/\/www.movistarplus.es\/cine\/aftersun\/ficha?tipo=E&amp;id=2192385\" data-vars-ga-ux-element=\"Hyperlink\" data-vars-ga-call-to-action=\"disponible para ver en streaming en Movistar Plus+\" data-vars-ga-product-id=\"27d275db-5edc-47a3-aad5-9d7e9081fd05\" rel=\"nofollow noopener\" data-node-id=\"19.1\" data-href=\"https:\/\/www.movistarplus.es\/cine\/aftersun\/ficha?tipo=E&amp;id=2192385\" data-product-url=\"https:\/\/www.movistarplus.es\/cine\/aftersun\/ficha?tipo=E&amp;id=2192385\" data-affiliate=\"true\" data-affiliate-url=\"https:\/\/clk.tradedoubler.com\/click?p=357743&amp;a=3281855&amp;epi=fotoes|xid:{xid}&amp;url=https%3A%2F%2Fwww.movistarplus.es%2Fcine%2Faftersun%2Fficha%3Ftipo%3DE%26id%3D2192385\" data-affiliate-network=\"{&quot;site_id&quot;:&quot;3c00cb97-6546-41a3-a3a3-5267346b0847&quot;,&quot;metadata&quot;:{&quot;trackonomics&quot;:{&quot;network_name&quot;:&quot;td&quot;}},&quot;network&quot;:{&quot;name&quot;:&quot;Trackonomics&quot;},&quot;product_metadata&quot;:{&quot;3c00cb97-6546-41a3-a3a3-5267346b0847&quot;:{&quot;network_name&quot;:&quot;td&quot;,&quot;link&quot;:&quot;https:\/\/clk.tradedoubler.com\/click?p=357743&amp;a=3281855&amp;epi={subid}&amp;url=https%3A%2F%2Fwww.movistarplus.es%2Fcine%2Faftersun%2Fficha%3Ftipo%3DE%26id%3D2192385&quot;}},&quot;afflink_redirect&quot;:&quot;\/_p\/afflink\/z6DB\/movistarplus-aftersun&quot;}\" data-vars-ga-product-price=\"0,00\u00a0$\" data-vars-ga-product-retailer-id=\"2f6a789c-ad9a-4727-a56e-3d0e60685606\" data-vars-ga-link-treatment=\"(not set) | (not set)\" class=\"body-link product-links css-d2so5l e1aq0z090\">disponible para ver en streaming en Movistar Plus+<\/a>\u2014 un melodrama \u00edntimo en el que una joven recuerda las vacaciones que pas\u00f3 junto a su padre dos d\u00e9cadas atr\u00e1s, y que Nolan describi\u00f3 como \u201c<strong data-node-id=\"19.3\">una pel\u00edcula simplemente hermosa<\/strong>\u201d. El director ya se hab\u00eda referido a ella en el 2023, durante una entrevista para \u2018The Telegraph\u2019, donde reivindic\u00f3 la necesidad de ver este tipo de filmes en la gran pantalla: \u201c<strong data-node-id=\"19.5\">Claro que s\u00ed, tambi\u00e9n podr\u00eda funcionar de maravilla en televisi\u00f3n. Pero ese no es el objetivo<\/strong>\u201d.<\/p>\n<p><img draggable=\"true\" alt=\"aftersun\" title=\"aftersun\" loading=\"lazy\" width=\"2000\" height=\"3000\" decoding=\"async\" data-nimg=\"1\" style=\"color:transparent;width:100%;height:auto;\"   src=\"https:\/\/www.europesays.com\/es\/wp-content\/uploads\/2025\/10\/aftersun-pelicula-poster-67ff3ff92572b.jpg\" class=\"css-0 e1g79fud0\"\/><\/p>\n<p>El\u00e1stica Films<\/p>\n","protected":false},"excerpt":{"rendered":"El Oscar conquistado en 2024 por parte del director brit\u00e1nicoestadounidense Christopher Nolan en la categor\u00eda de Mejor director,&hellip;\n","protected":false},"author":2,"featured_media":204920,"comment_status":"","ping_status":"","sticky":false,"template":"","format":"standard","meta":{"footnotes":""},"categories":[169],"tags":[177,253,146,147,25,24,176,175,23],"class_list":{"0":"post-204919","1":"post","2":"type-post","3":"status-publish","4":"format-standard","5":"has-post-thumbnail","7":"category-cine","8":"tag-cine","9":"tag-discover","10":"tag-entertainment","11":"tag-entretenimiento","12":"tag-es","13":"tag-espana","14":"tag-film","15":"tag-movies","16":"tag-spain"},"share_on_mastodon":{"url":"https:\/\/pubeurope.com\/@es\/115450310138982104","error":""},"_links":{"self":[{"href":"https:\/\/www.europesays.com\/es\/wp-json\/wp\/v2\/posts\/204919","targetHints":{"allow":["GET"]}}],"collection":[{"href":"https:\/\/www.europesays.com\/es\/wp-json\/wp\/v2\/posts"}],"about":[{"href":"https:\/\/www.europesays.com\/es\/wp-json\/wp\/v2\/types\/post"}],"author":[{"embeddable":true,"href":"https:\/\/www.europesays.com\/es\/wp-json\/wp\/v2\/users\/2"}],"replies":[{"embeddable":true,"href":"https:\/\/www.europesays.com\/es\/wp-json\/wp\/v2\/comments?post=204919"}],"version-history":[{"count":0,"href":"https:\/\/www.europesays.com\/es\/wp-json\/wp\/v2\/posts\/204919\/revisions"}],"wp:featuredmedia":[{"embeddable":true,"href":"https:\/\/www.europesays.com\/es\/wp-json\/wp\/v2\/media\/204920"}],"wp:attachment":[{"href":"https:\/\/www.europesays.com\/es\/wp-json\/wp\/v2\/media?parent=204919"}],"wp:term":[{"taxonomy":"category","embeddable":true,"href":"https:\/\/www.europesays.com\/es\/wp-json\/wp\/v2\/categories?post=204919"},{"taxonomy":"post_tag","embeddable":true,"href":"https:\/\/www.europesays.com\/es\/wp-json\/wp\/v2\/tags?post=204919"}],"curies":[{"name":"wp","href":"https:\/\/api.w.org\/{rel}","templated":true}]}}