{"id":204923,"date":"2025-10-28T06:12:08","date_gmt":"2025-10-28T06:12:08","guid":{"rendered":"https:\/\/www.europesays.com\/es\/204923\/"},"modified":"2025-10-28T06:12:08","modified_gmt":"2025-10-28T06:12:08","slug":"por-que-seis-de-cada-diez-sanitarios-no-se-vacunan-contra-la-gripe-y-es-un-problema-para-todos-el-pais-expres","status":"publish","type":"post","link":"https:\/\/www.europesays.com\/es\/204923\/","title":{"rendered":"Por qu\u00e9 seis de cada diez sanitarios no se vacunan contra la gripe (y es un problema para todos) | El PA\u00cdS Expr\u00e9s"},"content":{"rendered":"<p><img fetchpriority=\"high\" decoding=\"auto\" class=\"_re  a_m-h\" height=\"414\"  width=\"414\"  src=\"https:\/\/www.europesays.com\/es\/wp-content\/uploads\/2025\/10\/AUVWT7UPEZFNTEMYNGVTYF2Y6Y.jpg\" loading=\"eager\"\/>Doctor&#8217;s hand holding syringe of Coronavirus vaccine placed inside round hole in pink paper.Digital composite\u00bbnFoto: Francesco Carta (Getty Images)<\/p>\n<p class=\"\">La gripe vuelve a escena y el personal sanitario mira hacia otro lado. Apenas cuatro de cada diez se vacunaron el \u00faltimo a\u00f1o, lejos del impulso que dej\u00f3 la pandemia. <\/p>\n<p class=\"\"><b>El problema es, ante todo, de confianza: <\/b>muchos profesionales dudan de la efectividad de la vacuna o creen que su exposici\u00f3n continuada les da cierta inmunidad. <\/p>\n<ul>\n<li>Pero la evidencia es clara: aunque no siempre evita la infecci\u00f3n, s\u00ed reduce los casos graves, las hospitalizaciones y las muertes. <\/li>\n<li>Un metaan\u00e1lisis con m\u00e1s de seis millones de pacientes concluye que vacunarse reduce a la mitad el riesgo de morir por gripe.<\/li>\n<\/ul>\n<p class=\"\"><b>Tambi\u00e9n influye la baja percepci\u00f3n del riesgo:<\/b> seg\u00fan el Ministerio de Sanidad, muchos sanitarios no consideran la gripe una amenaza real ni asumen su papel ejemplarizante. <\/p>\n<ul>\n<li>Entre los m\u00e1s j\u00f3venes, esta sensaci\u00f3n es a\u00fan mayor, alimentada por la desinformaci\u00f3n sobre la efectividad y los posibles efectos secundarios.<\/li>\n<\/ul>\n<p class=\"\"><b>Y los datos no hacen m\u00e1s que empeorar: <\/b>tras el pico del 65% alcanzado en plena pandemia, hoy solo el 39,5% del personal se inmuniza. <\/p>\n<p class=\"\"><b>Las reticencias var\u00edan seg\u00fan el perfil y el territorio: <\/b><\/p>\n<ul>\n<li>En farmacias y entre auxiliares de enfermer\u00eda, la confusi\u00f3n es m\u00e1s frecuente. <\/li>\n<li>Tambi\u00e9n hay grandes diferencias entre comunidades: Extremadura lidera con un 75% de sanitarios vacunados, mientras Catalu\u00f1a apenas supera el 25%.<\/li>\n<\/ul>\n<p class=\"\"><b>A esta desigualdad se suma una comunicaci\u00f3n poco clara: <\/b>las variaciones entre territorios sobre qui\u00e9n debe vacunarse \u2014y cu\u00e1ndo\u2014 generan confusi\u00f3n y debilitan la confianza en unas campa\u00f1as que necesitan, m\u00e1s que nunca, el ejemplo de quienes cuidan.<\/p>\n<p class=\"\">\u00a9Foto: Francesco Carta (Getty Images)<\/p>\n<p class=\"\"><a href=\"https:\/\/elpais.com\/sociedad\/2025-10-28\/el-60-del-personal-sanitario-desoye-la-recomendacion-de-vacunarse-frente-a-la-gripe.html\" target=\"_self\" rel=\"nofollow noopener\" title=\"https:\/\/elpais.com\/sociedad\/2025-10-28\/el-60-del-personal-sanitario-desoye-la-recomendacion-de-vacunarse-frente-a-la-gripe.html\">Si quieres saber m\u00e1s, puedes leer aqu\u00ed<\/a>.<\/p>\n","protected":false},"excerpt":{"rendered":"Doctor&#8217;s hand holding syringe of Coronavirus vaccine placed inside round hole in pink paper.Digital composite\u00bbnFoto: Francesco Carta (Getty&hellip;\n","protected":false},"author":2,"featured_media":204924,"comment_status":"","ping_status":"","sticky":false,"template":"","format":"standard","meta":{"footnotes":""},"categories":[92],"tags":[1293,8995,25,24,7749,165,6016,166,1811,17109,23],"class_list":{"0":"post-204923","1":"post","2":"type-post","3":"status-publish","4":"format-standard","5":"has-post-thumbnail","7":"category-salud","8":"tag-enfermedades","9":"tag-enfermedades-infecciosas","10":"tag-es","11":"tag-espana","12":"tag-gripe","13":"tag-health","14":"tag-medicos","15":"tag-salud","16":"tag-sanidad","17":"tag-sanidad-publica","18":"tag-spain"},"share_on_mastodon":{"url":"https:\/\/pubeurope.com\/@es\/115450317736501307","error":""},"_links":{"self":[{"href":"https:\/\/www.europesays.com\/es\/wp-json\/wp\/v2\/posts\/204923","targetHints":{"allow":["GET"]}}],"collection":[{"href":"https:\/\/www.europesays.com\/es\/wp-json\/wp\/v2\/posts"}],"about":[{"href":"https:\/\/www.europesays.com\/es\/wp-json\/wp\/v2\/types\/post"}],"author":[{"embeddable":true,"href":"https:\/\/www.europesays.com\/es\/wp-json\/wp\/v2\/users\/2"}],"replies":[{"embeddable":true,"href":"https:\/\/www.europesays.com\/es\/wp-json\/wp\/v2\/comments?post=204923"}],"version-history":[{"count":0,"href":"https:\/\/www.europesays.com\/es\/wp-json\/wp\/v2\/posts\/204923\/revisions"}],"wp:featuredmedia":[{"embeddable":true,"href":"https:\/\/www.europesays.com\/es\/wp-json\/wp\/v2\/media\/204924"}],"wp:attachment":[{"href":"https:\/\/www.europesays.com\/es\/wp-json\/wp\/v2\/media?parent=204923"}],"wp:term":[{"taxonomy":"category","embeddable":true,"href":"https:\/\/www.europesays.com\/es\/wp-json\/wp\/v2\/categories?post=204923"},{"taxonomy":"post_tag","embeddable":true,"href":"https:\/\/www.europesays.com\/es\/wp-json\/wp\/v2\/tags?post=204923"}],"curies":[{"name":"wp","href":"https:\/\/api.w.org\/{rel}","templated":true}]}}