{"id":204925,"date":"2025-10-28T06:13:17","date_gmt":"2025-10-28T06:13:17","guid":{"rendered":"https:\/\/www.europesays.com\/es\/204925\/"},"modified":"2025-10-28T06:13:17","modified_gmt":"2025-10-28T06:13:17","slug":"andy-muschietti-lo-hizo-de-nuevo-otro-guino-a-independiente-en-la-serie-de-it","status":"publish","type":"post","link":"https:\/\/www.europesays.com\/es\/204925\/","title":{"rendered":"Andy Muschietti lo hizo de nuevo: otro gui\u00f1o a Independiente en la serie de IT"},"content":{"rendered":"<p>&#13;<br \/>\n                    &#13;<br \/>\n                        &#13;<br \/>\n&#13;<\/p>\n<p>El reconocido director argentino volvi\u00f3 a incluir una referencia hacia el Rojo en el primer cap\u00edtulo de la producci\u00f3n.<\/p>\n<p>&#13;<br \/>\n<img decoding=\"async\" class=\"mainImg r16x9\" width=\"416\" height=\"234\" fetchpriority=\"high\" src=\"https:\/\/www.europesays.com\/es\/wp-content\/uploads\/2025\/10\/otro-guino-a-independiente-en-la-serie-de-it_416x234.webp.webp\"  alt=\"Otro gui\u00f1o a Independiente en la serie de IT\" title=\"Otro gui\u00f1o a Independiente en la serie de IT\"\/><\/p>\n<p><b>Andy Muschietti, fan\u00e1tico confeso de Independiente, volvi\u00f3 a dejar su sello en una superproducci\u00f3n internacional. <\/b>En el episodio estreno de IT: Welcome to Derry, la nueva serie inspirada en la historia creada por Stephen King, <b>aparece un mate del Rojo, detalle que r\u00e1pidamente captaron los hinchas y que se viraliz\u00f3 en redes sociales.<\/b><\/p>\n<p>&#13;<\/p>\n<p>El director, responsable de \u00e9xitos como IT y The Flash, volvi\u00f3 a hacer un peque\u00f1o homenaje a su equipo en una de las escenas de la serie. No es la primera vez que el cineasta introduce un elemento vinculado al club de Avellaneda en sus proyectos: <b>ya lo hab\u00eda hecho en la pel\u00edcula de IT de 2017, donde tambi\u00e9n se col\u00f3 un gui\u00f1o a su pasi\u00f3n futbolera.    <\/b><\/p>\n<p>En esta oportunidad, <b>el mate con el escudo del elenco de Avellaneda aparece sobre una mesa durante una toma del primer cap\u00edtulo.<\/b> Aunque el plano dura apenas unos segundos, fue suficiente para que los hinchas llenaran las redes de mensajes celebrando el gesto. El detalle confirma una constante en la carrera de Muschietti, quien nunca oculta su fanatismo por Independiente.\u00a0<\/p>\n<p><img decoding=\"async\" class=\"mainImg r16x9\" width=\"416\" height=\"234\" fetchpriority=\"low\" loading=\"lazy\" src=\"https:\/\/www.europesays.com\/es\/wp-content\/uploads\/2025\/10\/otro-guino-a-independiente-en-la-serie-de-it_416x234.webp.webp\"  alt=\"Otro gui\u00f1o a Independiente en la serie de IT\" title=\"Otro gui\u00f1o a Independiente en la serie de IT\"\/>&#13;<br \/>\n&#13;<br \/>\n    &#13;<br \/>\n       &#13;<br \/>\n&#13;<br \/>\n        Te puede interesar<a href=\"https:\/\/www.tycsports.com\/river-plate\/gallardo-es-responsable-de-todo-lo-que-pasa-en-river-id694874.html\" onclick=\"ga4SelectContentEvent(&quot;Gallardo es responsable de todo&quot;,&quot;River Plate&quot;,&quot;page_nota-comun-2024-blo_4109&quot;,&quot;Antonio Serpa&quot;);\" class=\"cardImageHolder\" rel=\"nofollow noopener\" target=\"_blank\">&#13;<br \/>\n                    &#13;<br \/>\n                    &#13;<br \/>\n                <img decoding=\"async\" class=\"cardImage r16x9\" width=\"416\" height=\"234\" fetchpriority=\"low\" loading=\"lazy\" src=\"https:\/\/www.europesays.com\/es\/wp-content\/uploads\/2025\/10\/river_416x234.webp\"  alt=\"Gallardo es responsable de todo\" title=\"Gallardo es responsable de todo\"\/><\/a><a href=\"https:\/\/www.tycsports.com\/river-plate\/sebastian-villa-envio-sorpresivo-agradecimiento-juanfer-quintero-independiente-rivadavia-vs-river-copa-argentina-id694861.html\" onclick=\"ga4SelectContentEvent(&quot;Villa le envi\\u00f3 un sorpresivo agradecimiento a Juanfer Quintero &quot;,&quot;River Plate&quot;,&quot;page_nota-comun-2024-blo_4109&quot;,&quot;Mat\\u00edas Besana&quot;);\" class=\"cardImageHolder\" rel=\"nofollow noopener\" target=\"_blank\">&#13;<br \/>\n                    &#13;<br \/>\n                    &#13;<br \/>\n                <img decoding=\"async\" class=\"cardImage r16x9\" width=\"416\" height=\"234\" fetchpriority=\"low\" loading=\"lazy\" src=\"https:\/\/www.europesays.com\/es\/wp-content\/uploads\/2025\/10\/abrazo-entre-juan-fernando-quintero-y-sebastian-villa-en-la-copa-argentina_416x234.webp\"  alt=\"Villa le envi\u00f3 un sorpresivo agradecimiento a Juanfer Quintero \" title=\"Villa le envi\u00f3 un sorpresivo agradecimiento a Juanfer Quintero \"\/><\/a><a href=\"https:\/\/www.tycsports.com\/boca-juniors\/boca-diego-aguirre-dt-penarol-rumores-sucesor-russo-id694836.html\" onclick=\"ga4SelectContentEvent(&quot;Diego Aguirre se refiri\\u00f3 a los rumores sobre el inter\\u00e9s de Boca para 2026&quot;,&quot;Boca Juniors&quot;,&quot;page_nota-comun-2024-blo_4109&quot;,&quot;Cristian Damiani&quot;);\" class=\"cardImageHolder\" rel=\"nofollow noopener\" target=\"_blank\">&#13;<br \/>\n                    &#13;<br \/>\n                    &#13;<br \/>\n                <img decoding=\"async\" class=\"cardImage r16x9\" width=\"416\" height=\"234\" fetchpriority=\"low\" loading=\"lazy\" src=\"https:\/\/www.europesays.com\/es\/wp-content\/uploads\/2025\/10\/diego-aguirre-dt-de-penarol_416x234.webp\"  alt=\"Diego Aguirre se refiri\u00f3 a los rumores sobre el inter\u00e9s de Boca para 2026\" title=\"Diego Aguirre se refiri\u00f3 a los rumores sobre el inter\u00e9s de Boca para 2026\"\/><\/a><a href=\"https:\/\/www.tycsports.com\/river-plate\/gallardo-tiene-derecho-a-fracasar-id694838.html\" onclick=\"ga4SelectContentEvent(&quot;Derecho al fracaso&quot;,&quot;River Plate&quot;,&quot;page_nota-comun-2024-blo_4109&quot;,&quot;Antonio Serpa&quot;);\" class=\"cardImageHolder\" rel=\"nofollow noopener\" target=\"_blank\">&#13;<br \/>\n                    &#13;<br \/>\n                    &#13;<br \/>\n                <img decoding=\"async\" class=\"cardImage r16x9\" width=\"416\" height=\"234\" fetchpriority=\"low\" loading=\"lazy\" src=\"https:\/\/www.europesays.com\/es\/wp-content\/uploads\/2025\/10\/1761631996_445_river_416x234.webp\"  alt=\"Derecho al fracaso\" title=\"Derecho al fracaso\"\/><\/a><a href=\"https:\/\/www.tycsports.com\/san-lorenzo\/otro-golpe-institucional-para-san-lorenzo-recibio-nuevas-inhibiciones-de-fifa-y-suma-once-id694825.html\" onclick=\"ga4SelectContentEvent(&quot;Otro golpe institucional para San Lorenzo: recibi\\u00f3 m\\u00e1s inhibiciones de FIFA y ya suma once&quot;,&quot;San Lorenzo&quot;,&quot;page_nota-comun-2024-blo_4109&quot;,&quot;Fernando Bajo &quot;);\" class=\"cardImageHolder\" rel=\"nofollow noopener\" target=\"_blank\"><img decoding=\"async\" class=\"cardImage r16x9\" width=\"416\" height=\"234\" fetchpriority=\"low\" loading=\"lazy\" src=\"https:\/\/www.europesays.com\/es\/wp-content\/uploads\/2025\/10\/moretti_416x234.webp.webp\"  alt=\"Otro golpe institucional para San Lorenzo: recibi\u00f3 m\u00e1s inhibiciones de FIFA y ya suma once\" title=\"Otro golpe institucional para San Lorenzo: recibi\u00f3 m\u00e1s inhibiciones de FIFA y ya suma once\"\/><\/a>&#13;<br \/>\n&#13;<br \/>\n    &#13;<br \/>\n&#13;<br \/>\n&#13;<br \/>\n                  &#13;<\/p>\n","protected":false},"excerpt":{"rendered":"&#13; &#13; &#13; &#13; El reconocido director argentino volvi\u00f3 a incluir una referencia hacia el Rojo en el&hellip;\n","protected":false},"author":2,"featured_media":204926,"comment_status":"","ping_status":"","sticky":false,"template":"","format":"standard","meta":{"footnotes":""},"categories":[91],"tags":[146,147,25,24,701,56076,23],"class_list":{"0":"post-204925","1":"post","2":"type-post","3":"status-publish","4":"format-standard","5":"has-post-thumbnail","7":"category-entretenimiento","8":"tag-entertainment","9":"tag-entretenimiento","10":"tag-es","11":"tag-espana","12":"tag-independiente","13":"tag-liga-profesional-de-futbol","14":"tag-spain"},"share_on_mastodon":{"url":"https:\/\/pubeurope.com\/@es\/115450321861616778","error":""},"_links":{"self":[{"href":"https:\/\/www.europesays.com\/es\/wp-json\/wp\/v2\/posts\/204925","targetHints":{"allow":["GET"]}}],"collection":[{"href":"https:\/\/www.europesays.com\/es\/wp-json\/wp\/v2\/posts"}],"about":[{"href":"https:\/\/www.europesays.com\/es\/wp-json\/wp\/v2\/types\/post"}],"author":[{"embeddable":true,"href":"https:\/\/www.europesays.com\/es\/wp-json\/wp\/v2\/users\/2"}],"replies":[{"embeddable":true,"href":"https:\/\/www.europesays.com\/es\/wp-json\/wp\/v2\/comments?post=204925"}],"version-history":[{"count":0,"href":"https:\/\/www.europesays.com\/es\/wp-json\/wp\/v2\/posts\/204925\/revisions"}],"wp:featuredmedia":[{"embeddable":true,"href":"https:\/\/www.europesays.com\/es\/wp-json\/wp\/v2\/media\/204926"}],"wp:attachment":[{"href":"https:\/\/www.europesays.com\/es\/wp-json\/wp\/v2\/media?parent=204925"}],"wp:term":[{"taxonomy":"category","embeddable":true,"href":"https:\/\/www.europesays.com\/es\/wp-json\/wp\/v2\/categories?post=204925"},{"taxonomy":"post_tag","embeddable":true,"href":"https:\/\/www.europesays.com\/es\/wp-json\/wp\/v2\/tags?post=204925"}],"curies":[{"name":"wp","href":"https:\/\/api.w.org\/{rel}","templated":true}]}}